{"id":19365,"date":"2024-11-20T14:16:53","date_gmt":"2024-11-20T13:16:53","guid":{"rendered":"https:\/\/agora.xtec.cat\/escolaponent\/?p=19365"},"modified":"2024-11-20T14:18:40","modified_gmt":"2024-11-20T13:18:40","slug":"tercer-descobreix-gaudi-i-la-seva-arquitectura-al-park-guell","status":"publish","type":"post","link":"https:\/\/agora.xtec.cat\/escolaponent\/general\/tercer-descobreix-gaudi-i-la-seva-arquitectura-al-park-guell\/","title":{"rendered":"TERCER DESCOBREIX GAUD\u00cd I LA SEVA ARQUITECTURA AL PARK G\u00dcELL"},"content":{"rendered":"<p>Les nenes i els nens de 3r han gaudit d\u2019una <b>visita guiada al Parc G\u00fcell<\/b>, dins del projecte d&#8217;art <b>&#8220;Descobrim Gaud\u00ed i la seva Arquitectura&#8221; i \u201cTerrassa i el Modernisme\u201d <\/b>de l\u2019\u00e0mbit de medi. L&#8217;objectiu principal d&#8217;aquesta sortida ha estat apropar l\u2019alumnat al patrimoni cultural catal\u00e0 i con\u00e8ixer l\u2019obra del <b>genial arquitecte Antoni Gaud\u00ed<\/b>, tot fomentant el respecte pel <b>legat hist\u00f2ric i natural<\/b> de Barcelona.<\/p>\n<p>Durant la visita, han pogut identificar <b>elements arquitect\u00f2nics i naturals<\/b> del parc, com els <b>famosos bancs ondulats de trencad\u00eds<\/b>, les <b>columnes inspirades en arbres<\/b> i les formes <b>org\u00e0niques<\/b> que fan del Parc G\u00fcell un lloc \u00fanic per fomentar la <b>creativitat<\/b> <b>i estimular el pensament art\u00edstic<\/b>. A m\u00e9s, han pogut reflexionar sobre la <b>biodiversitat<\/b> i la import\u00e0ncia de respectar l\u2019entorn, aprenent com Gaud\u00ed va integrar la natura en els seus projectes arquitect\u00f2nics, fent que <b>art i natura<\/b> es fusionin.<\/p>\n<p>Un dels moments m\u00e9s emocionants ha estat <b>imaginar que estaven dins la panxa d&#8217;una balena<\/b> mentre visitaven la <b>Casa del Guarda.<\/b> A m\u00e9s, s&#8217;ho han passat d&#8217;all\u00f2 m\u00e9s b\u00e9 <b>buscant els 7 secrets amagats dins el parc<\/b>, un joc que ha estimulat la curiositat i les ganes d&#8217;aprendre.<\/p>\n<p>Amb sortides com aquesta, continuem oferint un aprenentatge <b>basat en la descoberta i l&#8217;experimentaci\u00f3<\/b>, fomentant la <b>creativitat<\/b>, el <b>pensament cr\u00edtic<\/b> i el <b>respecte per les persones i l\u2019entorn<\/b>, valors essencials per a la formaci\u00f3 integral de tots i totes.<\/p>\n<p><a href=\"https:\/\/photos.app.goo.gl\/FSBvNvkiYmXwu5tR8\">Fotografies Parc G\u00fcell<\/a><\/p>\n","protected":false},"excerpt":{"rendered":"<p>Les nenes i els nens de 3r han gaudit d\u2019una visita guiada al Parc G\u00fcell, dins del projecte d&#8217;art &#8220;Descobrim Gaud\u00ed i la seva Arquitectura&#8221; i \u201cTerrassa i el Modernisme\u201d de l\u2019\u00e0mbit de medi. L&#8217;objectiu principal d&#8217;aquesta sortida ha estat apropar l\u2019alumnat al patrimoni cultural catal\u00e0 i con\u00e8ixer l\u2019obra del genial arquitecte Antoni Gaud\u00ed, tot [&hellip;]<\/p>\n","protected":false},"author":88,"featured_media":19390,"comment_status":"open","ping_status":"closed","sticky":false,"template":"","format":"standard","meta":{"_bbp_topic_count":0,"_bbp_reply_count":0,"_bbp_total_topic_count":0,"_bbp_total_reply_count":0,"_bbp_voice_count":0,"_bbp_anonymous_reply_count":0,"_bbp_topic_count_hidden":0,"_bbp_reply_count_hidden":0,"_bbp_forum_subforum_count":0,"site-sidebar-layout":"default","site-content-layout":"","ast-site-content-layout":"","site-content-style":"default","site-sidebar-style":"default","ast-global-header-display":"","ast-banner-title-visibility":"","ast-main-header-display":"","ast-hfb-above-header-display":"","ast-hfb-below-header-display":"","ast-hfb-mobile-header-display":"","site-post-title":"","ast-breadcrumbs-content":"","ast-featured-img":"","footer-sml-layout":"","theme-transparent-header-meta":"","adv-header-id-meta":"","stick-header-meta":"","header-above-stick-meta":"","header-main-stick-meta":"","header-below-stick-meta":"","astra-migrate-meta-layouts":"default","ast-page-background-enabled":"default","ast-page-background-meta":{"desktop":{"background-color":"var(--ast-global-color-4)","background-image":"","background-repeat":"repeat","background-position":"center center","background-size":"auto","background-attachment":"scroll","background-type":"","background-media":"","overlay-type":"","overlay-color":"","overlay-opacity":"","overlay-gradient":""},"tablet":{"background-color":"","background-image":"","background-repeat":"repeat","background-position":"center center","background-size":"auto","background-attachment":"scroll","background-type":"","background-media":"","overlay-type":"","overlay-color":"","overlay-opacity":"","overlay-gradient":""},"mobile":{"background-color":"","background-image":"","background-repeat":"repeat","background-position":"center center","background-size":"auto","background-attachment":"scroll","background-type":"","background-media":"","overlay-type":"","overlay-color":"","overlay-opacity":"","overlay-gradient":""}},"ast-content-background-meta":{"desktop":{"background-color":"var(--ast-global-color-5)","background-image":"","background-repeat":"repeat","background-position":"center center","background-size":"auto","background-attachment":"scroll","background-type":"","background-media":"","overlay-type":"","overlay-color":"","overlay-opacity":"","overlay-gradient":""},"tablet":{"background-color":"var(--ast-global-color-5)","background-image":"","background-repeat":"repeat","background-position":"center center","background-size":"auto","background-attachment":"scroll","background-type":"","background-media":"","overlay-type":"","overlay-color":"","overlay-opacity":"","overlay-gradient":""},"mobile":{"background-color":"var(--ast-global-color-5)","background-image":"","background-repeat":"repeat","background-position":"center center","background-size":"auto","background-attachment":"scroll","background-type":"","background-media":"","overlay-type":"","overlay-color":"","overlay-opacity":"","overlay-gradient":""}},"footnotes":""},"categories":[237,1],"tags":[418],"class_list":["post-19365","post","type-post","status-publish","format-standard","has-post-thumbnail","hentry","category-quart","category-general","tag-sortida-parc-guell"],"post_mailing_queue_ids":[],"_links":{"self":[{"href":"https:\/\/agora.xtec.cat\/escolaponent\/wp-json\/wp\/v2\/posts\/19365","targetHints":{"allow":["GET"]}}],"collection":[{"href":"https:\/\/agora.xtec.cat\/escolaponent\/wp-json\/wp\/v2\/posts"}],"about":[{"href":"https:\/\/agora.xtec.cat\/escolaponent\/wp-json\/wp\/v2\/types\/post"}],"author":[{"embeddable":true,"href":"https:\/\/agora.xtec.cat\/escolaponent\/wp-json\/wp\/v2\/users\/88"}],"replies":[{"embeddable":true,"href":"https:\/\/agora.xtec.cat\/escolaponent\/wp-json\/wp\/v2\/comments?post=19365"}],"version-history":[{"count":4,"href":"https:\/\/agora.xtec.cat\/escolaponent\/wp-json\/wp\/v2\/posts\/19365\/revisions"}],"predecessor-version":[{"id":19392,"href":"https:\/\/agora.xtec.cat\/escolaponent\/wp-json\/wp\/v2\/posts\/19365\/revisions\/19392"}],"wp:featuredmedia":[{"embeddable":true,"href":"https:\/\/agora.xtec.cat\/escolaponent\/wp-json\/wp\/v2\/media\/19390"}],"wp:attachment":[{"href":"https:\/\/agora.xtec.cat\/escolaponent\/wp-json\/wp\/v2\/media?parent=19365"}],"wp:term":[{"taxonomy":"category","embeddable":true,"href":"https:\/\/agora.xtec.cat\/escolaponent\/wp-json\/wp\/v2\/categories?post=19365"},{"taxonomy":"post_tag","embeddable":true,"href":"https:\/\/agora.xtec.cat\/escolaponent\/wp-json\/wp\/v2\/tags?post=19365"}],"curies":[{"name":"wp","href":"https:\/\/api.w.org\/{rel}","templated":true}]}}