{"id":17645,"date":"2023-05-10T08:51:09","date_gmt":"2023-05-10T06:51:09","guid":{"rendered":"https:\/\/agora.xtec.cat\/escolaponent\/?p=17645"},"modified":"2023-05-10T08:51:52","modified_gmt":"2023-05-10T06:51:52","slug":"cantania-23-les-portes-del-mon","status":"publish","type":"post","link":"https:\/\/agora.xtec.cat\/escolaponent\/general\/cantania-23-les-portes-del-mon\/","title":{"rendered":"Cant\u00e0nia 23: Les portes del m\u00f3n"},"content":{"rendered":"<p>Benvolgudes fam\u00edlies,<\/p>\n<p>Ahir vam anar a l&#8217;Auditori de Barcelona amb l&#8217;alumnat de 4t per interpretar la cant\u00e0nia d&#8217;enguany: <strong>Les portes del m\u00f3n.<\/strong><\/p>\n<p>Va ser una experi\u00e8ncia \u00fanica, despr\u00e9s de tot un curs de treball intens. Vam tenir la oportunitat de cantar a l&#8217;Auditori de Barcelona amb m\u00e9s de 800 nens i nenes d&#8217;arreu de Catalunya.<\/p>\n<p><strong>Composici\u00f3<\/strong><br \/>\nRaquel Garc\u00eda-Tom\u00e1s<\/p>\n<p><strong>Text<\/strong><br \/>\nBernat Castany Prado<\/p>\n<p><strong>Direcci\u00f3 musical<br \/>\n<\/strong>Elisenda Carrasco,\u00a0Oriol Castanyer,\u00a0Eva Mart\u00ednez<\/p>\n<p><strong>Direcci\u00f3 esc\u00e8nica<br \/>\n<\/strong>Adri\u00e0 Aubert,\u00a0Marta Gil,\u00a0Cristina Mart\u00ed<\/p>\n<p><strong>Coordinaci\u00f3 musical<br \/>\n<\/strong>Josep Prats<\/p>\n<p><strong>Sinopsi:<\/strong><\/p>\n<p>La Sara \u00e9s una nena cega de set anys que viu amb el seu pare en un petit apartament situat a la primera planta d\u2019un gran bloc de pisos, a les afores d\u2019una gran ciutat. El somni de la Sara \u00e9s fer la volta al m\u00f3n, com el seu heroi, Phileas Fogg, el protagonista de\u00a0<em>La volta al m\u00f3n en 80 dies<\/em>, de Jules Verne, el llibre que el seu pare, el Daniel, li llegeix cada nit.<\/p>\n<p>Un dia, la Sara li demana al seu pare que organitzi un gran viatge. Ell li diu que no \u00e9s possible, per\u00f2 ella li respon que hi ha moltes formes de viatjar, i que segur que acabar\u00e0 trobant alguna manera. Les vacances d\u2019estiu s\u2019apropen, i el Daniel se sent molt trist per no poder emportar-se la seva filla de viatge. Per\u00f2 una nit, parlant amb l\u2019\u00e0via de la Sara, se\u2019ls acudeix un pla per a que la nena pugui fer la volta al m\u00f3n sense sortir de l\u2019edifici.<\/p>\n<p>El Daniel li dir\u00e0 a la Sara que se\u2019n van de viatge. Faran els preparatius i sortiran de casa carregats de maletes. Per\u00f2 el que faran \u00e9s agafar un tren de rodalies i, despr\u00e9s d\u2019un breu recorregut, tornar al mateix edifici on viuen i dirigir-se a l\u2019apartament d\u2019una fam\u00edlia d\u2019origen indi, que els rebr\u00e0 tot fingint que es troben en el seu pa\u00eds d\u2019origen. All\u00e0, la Sara jugar\u00e0 amb els nens de la casa, que li explicaran tota mena d\u2019hist\u00f2ries meravelloses d\u2019un lloc en el qual no han estat mai, per\u00f2 sobre el qual els agrada fantasiejar. I a la nit, la mare els explicar\u00e0, com sempre, un conte ambientat a la seva cultura.<\/p>\n<p>Aquest esquema es repetir\u00e0 en diverses ocasions. Gr\u00e0cies a la col\u00b7laboraci\u00f3 d\u2019altres ve\u00efns, la Sara tamb\u00e9 visitar\u00e0 molts altres pa\u00efsos del m\u00f3n\u2026 i, en un \u00faltim gir fant\u00e0stic, somiar\u00e0 que arriba a la lluna, on parlar\u00e0 amb els selenites, que, segons una vella tradici\u00f3, guarden les coses que es perden a la Terra.<\/p>\n<p>Cadascuna de les fam\u00edlies que la Sara coneixer\u00e0 haur\u00e0 de fingir que viu en el seu pa\u00eds d\u2019origen, la qual cosa l\u2019obligar\u00e0 tamb\u00e9 a viatjar imagin\u00e0riament. Quan el viatge s\u2019acabi, i la Sara torni a casa, es produir\u00e0 un \u00faltim di\u00e0leg amb el seu pare, en el qual no quedar\u00e0 clar si la Sara s\u2019ha cregut que ha viatjat realment a tots aquells pa\u00efsos, o nom\u00e9s ha fingit que s\u2019ho creia.<\/p>\n<p>Aqu\u00ed teniu el web de la cant\u00e0nia:<a href=\"https:\/\/www.auditori.cat\/ca\/album\/cantania-2023-les-portes-del-mon\/\"> https:\/\/www.auditori.cat\/ca\/album\/cantania-2023-les-portes-del-mon\/<\/a><\/p>\n<p>Si cliqueu la imatge podreu veure les fotos (recordeu que necessiteu la contrasenya):<\/p>\n<p><a href=\"https:\/\/bpujol6.wixsite.com\/musponent\/fotos-i-v%C3%ADdeos-1\"><img loading=\"lazy\" decoding=\"async\" class=\"wp-image-15660 aligncenter\" src=\"https:\/\/agora.xtec.cat\/escolaponent\/wp-content\/uploads\/usu881\/2022\/02\/musica_MarcoCazzato-0.jpg\" alt=\"\" width=\"316\" height=\"408\" srcset=\"https:\/\/agora.xtec.cat\/escolaponent\/wp-content\/uploads\/usu881\/2022\/02\/musica_MarcoCazzato-0.jpg 719w, https:\/\/agora.xtec.cat\/escolaponent\/wp-content\/uploads\/usu881\/2022\/02\/musica_MarcoCazzato-0-233x300.jpg 233w\" sizes=\"auto, (max-width: 316px) 100vw, 316px\" \/><\/a><\/p>\n","protected":false},"excerpt":{"rendered":"<p>Benvolgudes fam\u00edlies, Ahir vam anar a l&#8217;Auditori de Barcelona amb l&#8217;alumnat de 4t per interpretar la cant\u00e0nia d&#8217;enguany: Les portes del m\u00f3n. Va ser una experi\u00e8ncia \u00fanica, despr\u00e9s de tot un curs de treball intens. Vam tenir la oportunitat de cantar a l&#8217;Auditori de Barcelona amb m\u00e9s de 800 nens i nenes d&#8217;arreu de Catalunya. [&hellip;]<\/p>\n","protected":false},"author":1,"featured_media":0,"comment_status":"open","ping_status":"closed","sticky":false,"template":"","format":"standard","meta":{"_bbp_topic_count":0,"_bbp_reply_count":0,"_bbp_total_topic_count":0,"_bbp_total_reply_count":0,"_bbp_voice_count":0,"_bbp_anonymous_reply_count":0,"_bbp_topic_count_hidden":0,"_bbp_reply_count_hidden":0,"_bbp_forum_subforum_count":0,"site-sidebar-layout":"default","site-content-layout":"","ast-site-content-layout":"","site-content-style":"default","site-sidebar-style":"default","ast-global-header-display":"","ast-banner-title-visibility":"","ast-main-header-display":"","ast-hfb-above-header-display":"","ast-hfb-below-header-display":"","ast-hfb-mobile-header-display":"","site-post-title":"","ast-breadcrumbs-content":"","ast-featured-img":"","footer-sml-layout":"","theme-transparent-header-meta":"","adv-header-id-meta":"","stick-header-meta":"","header-above-stick-meta":"","header-main-stick-meta":"","header-below-stick-meta":"","astra-migrate-meta-layouts":"default","ast-page-background-enabled":"default","ast-page-background-meta":{"desktop":{"background-color":"var(--ast-global-color-4)","background-image":"","background-repeat":"repeat","background-position":"center center","background-size":"auto","background-attachment":"scroll","background-type":"","background-media":"","overlay-type":"","overlay-color":"","overlay-opacity":"","overlay-gradient":""},"tablet":{"background-color":"","background-image":"","background-repeat":"repeat","background-position":"center center","background-size":"auto","background-attachment":"scroll","background-type":"","background-media":"","overlay-type":"","overlay-color":"","overlay-opacity":"","overlay-gradient":""},"mobile":{"background-color":"","background-image":"","background-repeat":"repeat","background-position":"center center","background-size":"auto","background-attachment":"scroll","background-type":"","background-media":"","overlay-type":"","overlay-color":"","overlay-opacity":"","overlay-gradient":""}},"ast-content-background-meta":{"desktop":{"background-color":"var(--ast-global-color-5)","background-image":"","background-repeat":"repeat","background-position":"center center","background-size":"auto","background-attachment":"scroll","background-type":"","background-media":"","overlay-type":"","overlay-color":"","overlay-opacity":"","overlay-gradient":""},"tablet":{"background-color":"var(--ast-global-color-5)","background-image":"","background-repeat":"repeat","background-position":"center center","background-size":"auto","background-attachment":"scroll","background-type":"","background-media":"","overlay-type":"","overlay-color":"","overlay-opacity":"","overlay-gradient":""},"mobile":{"background-color":"var(--ast-global-color-5)","background-image":"","background-repeat":"repeat","background-position":"center center","background-size":"auto","background-attachment":"scroll","background-type":"","background-media":"","overlay-type":"","overlay-color":"","overlay-opacity":"","overlay-gradient":""}},"footnotes":""},"categories":[1,34,4],"tags":[],"class_list":["post-17645","post","type-post","status-publish","format-standard","hentry","category-general","category-musica","category-portada"],"post_mailing_queue_ids":[],"_links":{"self":[{"href":"https:\/\/agora.xtec.cat\/escolaponent\/wp-json\/wp\/v2\/posts\/17645","targetHints":{"allow":["GET"]}}],"collection":[{"href":"https:\/\/agora.xtec.cat\/escolaponent\/wp-json\/wp\/v2\/posts"}],"about":[{"href":"https:\/\/agora.xtec.cat\/escolaponent\/wp-json\/wp\/v2\/types\/post"}],"author":[{"embeddable":true,"href":"https:\/\/agora.xtec.cat\/escolaponent\/wp-json\/wp\/v2\/users\/1"}],"replies":[{"embeddable":true,"href":"https:\/\/agora.xtec.cat\/escolaponent\/wp-json\/wp\/v2\/comments?post=17645"}],"version-history":[{"count":2,"href":"https:\/\/agora.xtec.cat\/escolaponent\/wp-json\/wp\/v2\/posts\/17645\/revisions"}],"predecessor-version":[{"id":17647,"href":"https:\/\/agora.xtec.cat\/escolaponent\/wp-json\/wp\/v2\/posts\/17645\/revisions\/17647"}],"wp:attachment":[{"href":"https:\/\/agora.xtec.cat\/escolaponent\/wp-json\/wp\/v2\/media?parent=17645"}],"wp:term":[{"taxonomy":"category","embeddable":true,"href":"https:\/\/agora.xtec.cat\/escolaponent\/wp-json\/wp\/v2\/categories?post=17645"},{"taxonomy":"post_tag","embeddable":true,"href":"https:\/\/agora.xtec.cat\/escolaponent\/wp-json\/wp\/v2\/tags?post=17645"}],"curies":[{"name":"wp","href":"https:\/\/api.w.org\/{rel}","templated":true}]}}