{"id":17385,"date":"2023-03-23T13:57:13","date_gmt":"2023-03-23T12:57:13","guid":{"rendered":"https:\/\/agora.xtec.cat\/escolaponent\/?p=17385"},"modified":"2023-03-23T13:57:13","modified_gmt":"2023-03-23T12:57:13","slug":"primer-visitem-la-fundacio-joan-miro","status":"publish","type":"post","link":"https:\/\/agora.xtec.cat\/escolaponent\/general\/primer-visitem-la-fundacio-joan-miro\/","title":{"rendered":"PRIMER VISITEM LA FUNDACI\u00d3 JOAN MIR\u00d3"},"content":{"rendered":"<p>Bon migdia, fam\u00edlies!<\/p>\n<p>Avui els i les alumnes de primer hem anat a Barcelona a visitar la Fundaci\u00f3 Joan Mir\u00f3. Hem fet una visita per l&#8217;exposici\u00f3 permanent i hem aprofitat per fer un taller sobre els animals fant\u00e0stics de Joan Mir\u00f3&#8230; mireu quines disfresses m\u00e9s divertides hem creat! Ens ho hem passat d&#8217;all\u00f2 m\u00e9s b\u00e9, i hem pogut veure moltes coses treballades a les classes d&#8217;art. I \u00e9s que&#8230; ESTEM TOCATS PER L&#8217;ART!<\/p>\n<div id='gallery-1' class='gallery galleryid-17385 gallery-columns-3 gallery-size-thumbnail'><figure class='gallery-item'>\n\t\t\t<div class='gallery-icon portrait'>\n\t\t\t\t<a href='https:\/\/agora.xtec.cat\/escolaponent\/general\/primer-visitem-la-fundacio-joan-miro\/attachment\/img_0630\/'><img loading=\"lazy\" decoding=\"async\" width=\"150\" height=\"150\" src=\"https:\/\/agora.xtec.cat\/escolaponent\/wp-content\/uploads\/usu881\/2023\/03\/IMG_0630-150x150.jpg\" class=\"attachment-thumbnail size-thumbnail\" alt=\"\" \/><\/a>\n\t\t\t<\/div><\/figure><figure class='gallery-item'>\n\t\t\t<div class='gallery-icon portrait'>\n\t\t\t\t<a href='https:\/\/agora.xtec.cat\/escolaponent\/general\/primer-visitem-la-fundacio-joan-miro\/attachment\/img_0629\/'><img loading=\"lazy\" decoding=\"async\" width=\"150\" height=\"150\" src=\"https:\/\/agora.xtec.cat\/escolaponent\/wp-content\/uploads\/usu881\/2023\/03\/IMG_0629-150x150.jpg\" class=\"attachment-thumbnail size-thumbnail\" alt=\"\" \/><\/a>\n\t\t\t<\/div><\/figure><figure class='gallery-item'>\n\t\t\t<div class='gallery-icon landscape'>\n\t\t\t\t<a href='https:\/\/agora.xtec.cat\/escolaponent\/general\/primer-visitem-la-fundacio-joan-miro\/attachment\/img_0622\/'><img loading=\"lazy\" decoding=\"async\" width=\"150\" height=\"150\" src=\"https:\/\/agora.xtec.cat\/escolaponent\/wp-content\/uploads\/usu881\/2023\/03\/IMG_0622-scaled-e1679575786457-150x150.jpg\" class=\"attachment-thumbnail size-thumbnail\" alt=\"\" \/><\/a>\n\t\t\t<\/div><\/figure><figure class='gallery-item'>\n\t\t\t<div class='gallery-icon landscape'>\n\t\t\t\t<a href='https:\/\/agora.xtec.cat\/escolaponent\/general\/primer-visitem-la-fundacio-joan-miro\/attachment\/img_0621\/'><img loading=\"lazy\" decoding=\"async\" width=\"150\" height=\"150\" src=\"https:\/\/agora.xtec.cat\/escolaponent\/wp-content\/uploads\/usu881\/2023\/03\/IMG_0621-scaled-e1679575794833-150x150.jpg\" class=\"attachment-thumbnail size-thumbnail\" alt=\"\" \/><\/a>\n\t\t\t<\/div><\/figure><figure class='gallery-item'>\n\t\t\t<div class='gallery-icon landscape'>\n\t\t\t\t<a href='https:\/\/agora.xtec.cat\/escolaponent\/general\/primer-visitem-la-fundacio-joan-miro\/attachment\/img_0620\/'><img loading=\"lazy\" decoding=\"async\" width=\"150\" height=\"150\" src=\"https:\/\/agora.xtec.cat\/escolaponent\/wp-content\/uploads\/usu881\/2023\/03\/IMG_0620-scaled-e1679575804483-150x150.jpg\" class=\"attachment-thumbnail size-thumbnail\" alt=\"\" \/><\/a>\n\t\t\t<\/div><\/figure><figure class='gallery-item'>\n\t\t\t<div class='gallery-icon landscape'>\n\t\t\t\t<a href='https:\/\/agora.xtec.cat\/escolaponent\/general\/primer-visitem-la-fundacio-joan-miro\/attachment\/img_0607\/'><img loading=\"lazy\" decoding=\"async\" width=\"150\" height=\"150\" src=\"https:\/\/agora.xtec.cat\/escolaponent\/wp-content\/uploads\/usu881\/2023\/03\/IMG_0607-scaled-e1679575883117-150x150.jpg\" class=\"attachment-thumbnail size-thumbnail\" alt=\"\" \/><\/a>\n\t\t\t<\/div><\/figure><figure class='gallery-item'>\n\t\t\t<div class='gallery-icon landscape'>\n\t\t\t\t<a href='https:\/\/agora.xtec.cat\/escolaponent\/general\/primer-visitem-la-fundacio-joan-miro\/attachment\/img_0608\/'><img loading=\"lazy\" decoding=\"async\" width=\"150\" height=\"150\" src=\"https:\/\/agora.xtec.cat\/escolaponent\/wp-content\/uploads\/usu881\/2023\/03\/IMG_0608-scaled-e1679575872289-150x150.jpg\" class=\"attachment-thumbnail size-thumbnail\" alt=\"\" \/><\/a>\n\t\t\t<\/div><\/figure><figure class='gallery-item'>\n\t\t\t<div class='gallery-icon portrait'>\n\t\t\t\t<a href='https:\/\/agora.xtec.cat\/escolaponent\/general\/primer-visitem-la-fundacio-joan-miro\/attachment\/img_0610-2\/'><img loading=\"lazy\" decoding=\"async\" width=\"150\" height=\"150\" src=\"https:\/\/agora.xtec.cat\/escolaponent\/wp-content\/uploads\/usu881\/2023\/03\/IMG_0610-scaled-e1679575827935-150x150.jpg\" class=\"attachment-thumbnail size-thumbnail\" alt=\"\" \/><\/a>\n\t\t\t<\/div><\/figure><figure class='gallery-item'>\n\t\t\t<div class='gallery-icon portrait'>\n\t\t\t\t<a href='https:\/\/agora.xtec.cat\/escolaponent\/general\/primer-visitem-la-fundacio-joan-miro\/attachment\/img_0611\/'><img loading=\"lazy\" decoding=\"async\" width=\"150\" height=\"150\" src=\"https:\/\/agora.xtec.cat\/escolaponent\/wp-content\/uploads\/usu881\/2023\/03\/IMG_0611-scaled-e1679575817296-150x150.jpg\" class=\"attachment-thumbnail size-thumbnail\" alt=\"\" \/><\/a>\n\t\t\t<\/div><\/figure><figure class='gallery-item'>\n\t\t\t<div class='gallery-icon landscape'>\n\t\t\t\t<a href='https:\/\/agora.xtec.cat\/escolaponent\/general\/primer-visitem-la-fundacio-joan-miro\/attachment\/img_0616\/'><img loading=\"lazy\" decoding=\"async\" width=\"150\" height=\"150\" src=\"https:\/\/agora.xtec.cat\/escolaponent\/wp-content\/uploads\/usu881\/2023\/03\/IMG_0616-150x150.jpg\" class=\"attachment-thumbnail size-thumbnail\" alt=\"\" \/><\/a>\n\t\t\t<\/div><\/figure><figure class='gallery-item'>\n\t\t\t<div class='gallery-icon landscape'>\n\t\t\t\t<a href='https:\/\/agora.xtec.cat\/escolaponent\/general\/primer-visitem-la-fundacio-joan-miro\/attachment\/img_0606\/'><img loading=\"lazy\" decoding=\"async\" width=\"150\" height=\"150\" src=\"https:\/\/agora.xtec.cat\/escolaponent\/wp-content\/uploads\/usu881\/2023\/03\/IMG_0606-scaled-e1679575768743-150x150.jpg\" class=\"attachment-thumbnail size-thumbnail\" alt=\"\" \/><\/a>\n\t\t\t<\/div><\/figure><figure class='gallery-item'>\n\t\t\t<div class='gallery-icon landscape'>\n\t\t\t\t<a href='https:\/\/agora.xtec.cat\/escolaponent\/general\/primer-visitem-la-fundacio-joan-miro\/attachment\/img_0604\/'><img loading=\"lazy\" decoding=\"async\" width=\"150\" height=\"150\" src=\"https:\/\/agora.xtec.cat\/escolaponent\/wp-content\/uploads\/usu881\/2023\/03\/IMG_0604-scaled-e1679575755713-150x150.jpg\" class=\"attachment-thumbnail size-thumbnail\" alt=\"\" \/><\/a>\n\t\t\t<\/div><\/figure><figure class='gallery-item'>\n\t\t\t<div class='gallery-icon portrait'>\n\t\t\t\t<a href='https:\/\/agora.xtec.cat\/escolaponent\/general\/primer-visitem-la-fundacio-joan-miro\/attachment\/img_0603\/'><img loading=\"lazy\" decoding=\"async\" width=\"150\" height=\"150\" src=\"https:\/\/agora.xtec.cat\/escolaponent\/wp-content\/uploads\/usu881\/2023\/03\/IMG_0603-scaled-e1679576053578-150x150.jpg\" class=\"attachment-thumbnail size-thumbnail\" alt=\"\" \/><\/a>\n\t\t\t<\/div><\/figure><figure class='gallery-item'>\n\t\t\t<div class='gallery-icon landscape'>\n\t\t\t\t<a href='https:\/\/agora.xtec.cat\/escolaponent\/general\/primer-visitem-la-fundacio-joan-miro\/attachment\/img_0598\/'><img loading=\"lazy\" decoding=\"async\" width=\"150\" height=\"150\" src=\"https:\/\/agora.xtec.cat\/escolaponent\/wp-content\/uploads\/usu881\/2023\/03\/IMG_0598-scaled-e1679576044834-150x150.jpg\" class=\"attachment-thumbnail size-thumbnail\" alt=\"\" \/><\/a>\n\t\t\t<\/div><\/figure><figure class='gallery-item'>\n\t\t\t<div class='gallery-icon landscape'>\n\t\t\t\t<a href='https:\/\/agora.xtec.cat\/escolaponent\/general\/primer-visitem-la-fundacio-joan-miro\/attachment\/img_0597\/'><img loading=\"lazy\" decoding=\"async\" width=\"150\" height=\"150\" src=\"https:\/\/agora.xtec.cat\/escolaponent\/wp-content\/uploads\/usu881\/2023\/03\/IMG_0597-scaled-e1679576033327-150x150.jpg\" class=\"attachment-thumbnail size-thumbnail\" alt=\"\" \/><\/a>\n\t\t\t<\/div><\/figure><figure class='gallery-item'>\n\t\t\t<div class='gallery-icon landscape'>\n\t\t\t\t<a href='https:\/\/agora.xtec.cat\/escolaponent\/general\/primer-visitem-la-fundacio-joan-miro\/attachment\/238050ac-a473-41ed-bf16-3960566d924f\/'><img loading=\"lazy\" decoding=\"async\" width=\"150\" height=\"150\" src=\"https:\/\/agora.xtec.cat\/escolaponent\/wp-content\/uploads\/usu881\/2023\/03\/238050AC-A473-41ED-BF16-3960566D924F-150x150.jpeg\" class=\"attachment-thumbnail size-thumbnail\" alt=\"\" \/><\/a>\n\t\t\t<\/div><\/figure><figure class='gallery-item'>\n\t\t\t<div class='gallery-icon portrait'>\n\t\t\t\t<a href='https:\/\/agora.xtec.cat\/escolaponent\/general\/primer-visitem-la-fundacio-joan-miro\/attachment\/a7822041-a998-459d-b10a-379e5b83a385\/'><img loading=\"lazy\" decoding=\"async\" width=\"150\" height=\"150\" src=\"https:\/\/agora.xtec.cat\/escolaponent\/wp-content\/uploads\/usu881\/2023\/03\/A7822041-A998-459D-B10A-379E5B83A385-150x150.jpeg\" class=\"attachment-thumbnail size-thumbnail\" alt=\"\" \/><\/a>\n\t\t\t<\/div><\/figure><figure class='gallery-item'>\n\t\t\t<div class='gallery-icon landscape'>\n\t\t\t\t<a href='https:\/\/agora.xtec.cat\/escolaponent\/general\/primer-visitem-la-fundacio-joan-miro\/attachment\/ab654f5f-9565-4f0a-82b1-e54f5ea54b47\/'><img loading=\"lazy\" decoding=\"async\" width=\"150\" height=\"150\" src=\"https:\/\/agora.xtec.cat\/escolaponent\/wp-content\/uploads\/usu881\/2023\/03\/AB654F5F-9565-4F0A-82B1-E54F5EA54B47-150x150.jpeg\" class=\"attachment-thumbnail size-thumbnail\" alt=\"\" \/><\/a>\n\t\t\t<\/div><\/figure><figure class='gallery-item'>\n\t\t\t<div class='gallery-icon landscape'>\n\t\t\t\t<a href='https:\/\/agora.xtec.cat\/escolaponent\/general\/primer-visitem-la-fundacio-joan-miro\/attachment\/c692fdef-425b-425e-b55d-f5ab794f25b7\/'><img loading=\"lazy\" decoding=\"async\" width=\"150\" height=\"150\" src=\"https:\/\/agora.xtec.cat\/escolaponent\/wp-content\/uploads\/usu881\/2023\/03\/C692FDEF-425B-425E-B55D-F5AB794F25B7-150x150.jpeg\" class=\"attachment-thumbnail size-thumbnail\" alt=\"\" \/><\/a>\n\t\t\t<\/div><\/figure><figure class='gallery-item'>\n\t\t\t<div class='gallery-icon portrait'>\n\t\t\t\t<a href='https:\/\/agora.xtec.cat\/escolaponent\/general\/primer-visitem-la-fundacio-joan-miro\/attachment\/d636b8df-96df-4230-9edf-853e13a33441\/'><img loading=\"lazy\" decoding=\"async\" width=\"150\" height=\"150\" src=\"https:\/\/agora.xtec.cat\/escolaponent\/wp-content\/uploads\/usu881\/2023\/03\/D636B8DF-96DF-4230-9EDF-853E13A33441-150x150.jpeg\" class=\"attachment-thumbnail size-thumbnail\" alt=\"\" \/><\/a>\n\t\t\t<\/div><\/figure><figure class='gallery-item'>\n\t\t\t<div class='gallery-icon portrait'>\n\t\t\t\t<a href='https:\/\/agora.xtec.cat\/escolaponent\/general\/primer-visitem-la-fundacio-joan-miro\/attachment\/23420f9d-3187-490b-b2f3-63fc53c8951d\/'><img loading=\"lazy\" decoding=\"async\" width=\"150\" height=\"150\" src=\"https:\/\/agora.xtec.cat\/escolaponent\/wp-content\/uploads\/usu881\/2023\/03\/23420F9D-3187-490B-B2F3-63FC53C8951D-150x150.jpeg\" class=\"attachment-thumbnail size-thumbnail\" alt=\"\" \/><\/a>\n\t\t\t<\/div><\/figure><figure class='gallery-item'>\n\t\t\t<div class='gallery-icon portrait'>\n\t\t\t\t<a href='https:\/\/agora.xtec.cat\/escolaponent\/general\/primer-visitem-la-fundacio-joan-miro\/attachment\/99d8c4fc-0ccc-4c2a-b944-42d790f3765c\/'><img loading=\"lazy\" decoding=\"async\" width=\"150\" height=\"150\" src=\"https:\/\/agora.xtec.cat\/escolaponent\/wp-content\/uploads\/usu881\/2023\/03\/99D8C4FC-0CCC-4C2A-B944-42D790F3765C-150x150.jpeg\" class=\"attachment-thumbnail size-thumbnail\" alt=\"\" \/><\/a>\n\t\t\t<\/div><\/figure><figure class='gallery-item'>\n\t\t\t<div class='gallery-icon portrait'>\n\t\t\t\t<a href='https:\/\/agora.xtec.cat\/escolaponent\/general\/primer-visitem-la-fundacio-joan-miro\/attachment\/93d3d5be-370c-4bb0-85c9-00ca25afccfb\/'><img loading=\"lazy\" decoding=\"async\" width=\"150\" height=\"150\" src=\"https:\/\/agora.xtec.cat\/escolaponent\/wp-content\/uploads\/usu881\/2023\/03\/93D3D5BE-370C-4BB0-85C9-00CA25AFCCFB-150x150.jpeg\" class=\"attachment-thumbnail size-thumbnail\" alt=\"\" \/><\/a>\n\t\t\t<\/div><\/figure><figure class='gallery-item'>\n\t\t\t<div class='gallery-icon landscape'>\n\t\t\t\t<a href='https:\/\/agora.xtec.cat\/escolaponent\/general\/primer-visitem-la-fundacio-joan-miro\/attachment\/09a66f0f-9fb4-446e-9af7-f0b6e643e533\/'><img loading=\"lazy\" decoding=\"async\" width=\"150\" height=\"150\" src=\"https:\/\/agora.xtec.cat\/escolaponent\/wp-content\/uploads\/usu881\/2023\/03\/09A66F0F-9FB4-446E-9AF7-F0B6E643E533-150x150.jpeg\" class=\"attachment-thumbnail size-thumbnail\" alt=\"\" \/><\/a>\n\t\t\t<\/div><\/figure><figure class='gallery-item'>\n\t\t\t<div class='gallery-icon portrait'>\n\t\t\t\t<a href='https:\/\/agora.xtec.cat\/escolaponent\/general\/primer-visitem-la-fundacio-joan-miro\/attachment\/8dbc68f0-5f32-4b59-a5b1-c74c2928fbed\/'><img loading=\"lazy\" decoding=\"async\" width=\"150\" height=\"150\" src=\"https:\/\/agora.xtec.cat\/escolaponent\/wp-content\/uploads\/usu881\/2023\/03\/8DBC68F0-5F32-4B59-A5B1-C74C2928FBED-150x150.jpeg\" class=\"attachment-thumbnail size-thumbnail\" alt=\"\" \/><\/a>\n\t\t\t<\/div><\/figure><figure class='gallery-item'>\n\t\t\t<div class='gallery-icon landscape'>\n\t\t\t\t<a href='https:\/\/agora.xtec.cat\/escolaponent\/general\/primer-visitem-la-fundacio-joan-miro\/attachment\/7fd1c7a1-cb75-4216-827a-4bd3febe4d7e\/'><img loading=\"lazy\" decoding=\"async\" width=\"150\" height=\"150\" src=\"https:\/\/agora.xtec.cat\/escolaponent\/wp-content\/uploads\/usu881\/2023\/03\/7FD1C7A1-CB75-4216-827A-4BD3FEBE4D7E-150x150.jpeg\" class=\"attachment-thumbnail size-thumbnail\" alt=\"\" \/><\/a>\n\t\t\t<\/div><\/figure><figure class='gallery-item'>\n\t\t\t<div class='gallery-icon portrait'>\n\t\t\t\t<a href='https:\/\/agora.xtec.cat\/escolaponent\/general\/primer-visitem-la-fundacio-joan-miro\/attachment\/07f30f3f-45fa-4e16-bdc5-47e095b7d477\/'><img loading=\"lazy\" decoding=\"async\" width=\"150\" height=\"150\" src=\"https:\/\/agora.xtec.cat\/escolaponent\/wp-content\/uploads\/usu881\/2023\/03\/07F30F3F-45FA-4E16-BDC5-47E095B7D477-150x150.jpeg\" class=\"attachment-thumbnail size-thumbnail\" alt=\"\" \/><\/a>\n\t\t\t<\/div><\/figure><figure class='gallery-item'>\n\t\t\t<div class='gallery-icon portrait'>\n\t\t\t\t<a href='https:\/\/agora.xtec.cat\/escolaponent\/general\/primer-visitem-la-fundacio-joan-miro\/attachment\/4af74d4c-a9f4-443d-b580-3cc7712d48cf\/'><img loading=\"lazy\" decoding=\"async\" width=\"150\" height=\"150\" src=\"https:\/\/agora.xtec.cat\/escolaponent\/wp-content\/uploads\/usu881\/2023\/03\/4AF74D4C-A9F4-443D-B580-3CC7712D48CF-150x150.jpeg\" class=\"attachment-thumbnail size-thumbnail\" alt=\"\" \/><\/a>\n\t\t\t<\/div><\/figure><figure class='gallery-item'>\n\t\t\t<div class='gallery-icon portrait'>\n\t\t\t\t<a href='https:\/\/agora.xtec.cat\/escolaponent\/general\/primer-visitem-la-fundacio-joan-miro\/attachment\/2b4a1a96-90c7-46a1-8b9e-2fff2c26486d\/'><img loading=\"lazy\" decoding=\"async\" width=\"150\" height=\"150\" src=\"https:\/\/agora.xtec.cat\/escolaponent\/wp-content\/uploads\/usu881\/2023\/03\/2B4A1A96-90C7-46A1-8B9E-2FFF2C26486D-150x150.jpeg\" class=\"attachment-thumbnail size-thumbnail\" alt=\"\" \/><\/a>\n\t\t\t<\/div><\/figure>\n\t\t<\/div>\n\n","protected":false},"excerpt":{"rendered":"<p>Bon migdia, fam\u00edlies! Avui els i les alumnes de primer hem anat a Barcelona a visitar la Fundaci\u00f3 Joan Mir\u00f3. Hem fet una visita per l&#8217;exposici\u00f3 permanent i hem aprofitat per fer un taller sobre els animals fant\u00e0stics de Joan Mir\u00f3&#8230; mireu quines disfresses m\u00e9s divertides hem creat! Ens ho hem passat d&#8217;all\u00f2 m\u00e9s b\u00e9, [&hellip;]<\/p>\n","protected":false},"author":1,"featured_media":17395,"comment_status":"open","ping_status":"closed","sticky":false,"template":"","format":"standard","meta":{"_bbp_topic_count":0,"_bbp_reply_count":0,"_bbp_total_topic_count":0,"_bbp_total_reply_count":0,"_bbp_voice_count":0,"_bbp_anonymous_reply_count":0,"_bbp_topic_count_hidden":0,"_bbp_reply_count_hidden":0,"_bbp_forum_subforum_count":0,"site-sidebar-layout":"default","site-content-layout":"","ast-site-content-layout":"","site-content-style":"default","site-sidebar-style":"default","ast-global-header-display":"","ast-banner-title-visibility":"","ast-main-header-display":"","ast-hfb-above-header-display":"","ast-hfb-below-header-display":"","ast-hfb-mobile-header-display":"","site-post-title":"","ast-breadcrumbs-content":"","ast-featured-img":"","footer-sml-layout":"","theme-transparent-header-meta":"","adv-header-id-meta":"","stick-header-meta":"","header-above-stick-meta":"","header-main-stick-meta":"","header-below-stick-meta":"","astra-migrate-meta-layouts":"default","ast-page-background-enabled":"default","ast-page-background-meta":{"desktop":{"background-color":"var(--ast-global-color-4)","background-image":"","background-repeat":"repeat","background-position":"center center","background-size":"auto","background-attachment":"scroll","background-type":"","background-media":"","overlay-type":"","overlay-color":"","overlay-opacity":"","overlay-gradient":""},"tablet":{"background-color":"","background-image":"","background-repeat":"repeat","background-position":"center center","background-size":"auto","background-attachment":"scroll","background-type":"","background-media":"","overlay-type":"","overlay-color":"","overlay-opacity":"","overlay-gradient":""},"mobile":{"background-color":"","background-image":"","background-repeat":"repeat","background-position":"center center","background-size":"auto","background-attachment":"scroll","background-type":"","background-media":"","overlay-type":"","overlay-color":"","overlay-opacity":"","overlay-gradient":""}},"ast-content-background-meta":{"desktop":{"background-color":"var(--ast-global-color-5)","background-image":"","background-repeat":"repeat","background-position":"center center","background-size":"auto","background-attachment":"scroll","background-type":"","background-media":"","overlay-type":"","overlay-color":"","overlay-opacity":"","overlay-gradient":""},"tablet":{"background-color":"var(--ast-global-color-5)","background-image":"","background-repeat":"repeat","background-position":"center center","background-size":"auto","background-attachment":"scroll","background-type":"","background-media":"","overlay-type":"","overlay-color":"","overlay-opacity":"","overlay-gradient":""},"mobile":{"background-color":"var(--ast-global-color-5)","background-image":"","background-repeat":"repeat","background-position":"center center","background-size":"auto","background-attachment":"scroll","background-type":"","background-media":"","overlay-type":"","overlay-color":"","overlay-opacity":"","overlay-gradient":""}},"footnotes":""},"categories":[237,33,1,4,5],"tags":[345,130,393,395,394,358,16,367],"class_list":["post-17385","post","type-post","status-publish","format-standard","has-post-thumbnail","hentry","category-quart","category-vip-visual-i-plastica","category-general","category-portada","category-primaria","tag-art","tag-excursio","tag-joan","tag-manualitats","tag-miro","tag-sortida","tag-sortides","tag-taller"],"post_mailing_queue_ids":[],"_links":{"self":[{"href":"https:\/\/agora.xtec.cat\/escolaponent\/wp-json\/wp\/v2\/posts\/17385","targetHints":{"allow":["GET"]}}],"collection":[{"href":"https:\/\/agora.xtec.cat\/escolaponent\/wp-json\/wp\/v2\/posts"}],"about":[{"href":"https:\/\/agora.xtec.cat\/escolaponent\/wp-json\/wp\/v2\/types\/post"}],"author":[{"embeddable":true,"href":"https:\/\/agora.xtec.cat\/escolaponent\/wp-json\/wp\/v2\/users\/1"}],"replies":[{"embeddable":true,"href":"https:\/\/agora.xtec.cat\/escolaponent\/wp-json\/wp\/v2\/comments?post=17385"}],"version-history":[{"count":1,"href":"https:\/\/agora.xtec.cat\/escolaponent\/wp-json\/wp\/v2\/posts\/17385\/revisions"}],"predecessor-version":[{"id":17426,"href":"https:\/\/agora.xtec.cat\/escolaponent\/wp-json\/wp\/v2\/posts\/17385\/revisions\/17426"}],"wp:featuredmedia":[{"embeddable":true,"href":"https:\/\/agora.xtec.cat\/escolaponent\/wp-json\/wp\/v2\/media\/17395"}],"wp:attachment":[{"href":"https:\/\/agora.xtec.cat\/escolaponent\/wp-json\/wp\/v2\/media?parent=17385"}],"wp:term":[{"taxonomy":"category","embeddable":true,"href":"https:\/\/agora.xtec.cat\/escolaponent\/wp-json\/wp\/v2\/categories?post=17385"},{"taxonomy":"post_tag","embeddable":true,"href":"https:\/\/agora.xtec.cat\/escolaponent\/wp-json\/wp\/v2\/tags?post=17385"}],"curies":[{"name":"wp","href":"https:\/\/api.w.org\/{rel}","templated":true}]}}