{"id":17209,"date":"2023-03-03T09:53:21","date_gmt":"2023-03-03T08:53:21","guid":{"rendered":"https:\/\/agora.xtec.cat\/escolaponent\/?p=17209"},"modified":"2023-03-03T09:53:21","modified_gmt":"2023-03-03T08:53:21","slug":"lescola-llueix-mes-que-mai","status":"publish","type":"post","link":"https:\/\/agora.xtec.cat\/escolaponent\/general\/lescola-llueix-mes-que-mai\/","title":{"rendered":"L&#8217;ESCOLA LLUEIX M\u00c9S QUE MAI!"},"content":{"rendered":"<p><span style=\"font-weight: 400\">Bon dia, fam\u00edlies!\u00a0<\/span><\/p>\n<p><span style=\"font-weight: 400\">Aquest curs est\u00e0 sent molt interessant\u2026 gr\u00e0cies al projecte de Tocats hem posat en pr\u00e0ctica moltes t\u00e8cniques art\u00edstiques per preparar la decoraci\u00f3 del nostre <\/span><i><span style=\"font-weight: 400\">hall<\/span><\/i><span style=\"font-weight: 400\">. Despr\u00e9s de rumiar moltes idees a les classes d\u2019art, tots i totes les alumnes de prim\u00e0ria vam decidir fer tot aix\u00f2 que veieu a les imatges que ara us explicarem\u2026\u00a0<\/span><\/p>\n<p><span style=\"font-weight: 400\">En primer lloc, el sol de ponent. Aquest sol fet amb la t\u00e8cnica de l\u2019estampaci\u00f3 amb esponges i pintura simbolitza all\u00f2 que representa el nom de la nostra escola, el sol de ponent. Els raigs vam considerar oport\u00fa endinsar-nos en l\u2019escriptura i l\u2019an\u00e0lisi de les emocions i vam redactar una s\u00e8rie de frases de com ens sentim dins l\u2019escola. La t\u00e8cnica va ser lliure i variada.\u00a0<\/span><\/p>\n<p><span style=\"font-weight: 400\">En segon lloc el cartell de TOCATS. Vam decidir posar aquest cartell, perqu\u00e8 simbolitza que estem compromesos amb els problemes socials rellevants, igual que el cor i les mans, que simbolitzen d\u2019una manera metaf\u00f2rica que totes aquestes casu\u00edstiques ens toquen el m\u00e9s profund: el nostre cor. La t\u00e8cnica emprada va ser l\u2019aquarel\u00b7la i el disseny va ser lliure. El cor est\u00e0 fet amb la t\u00e8cnica del collage i la cel\u00b7lofana vermella i les mans amb diferents colors de la pell treballats arran de l\u2019artista Ang\u00e8lica Dass i amb puntillisme.\u00a0<\/span><\/p>\n<p><span style=\"font-weight: 400\">Tamb\u00e9 hem volgut posar un conjunt de dibuixos (Emplena\u2019t d\u2019emocions) que han fet els alumnes de sis\u00e8 entorn les emocions i un recull d\u2019obres d\u2019artistes d\u2019arreu del m\u00f3n amb el nom de l\u2019autor o autora, el nom de l\u2019obra i l\u2019emoci\u00f3 que representa, perqu\u00e8, com estem tocats per l\u2019art, ens hem adonat que molts artistes famosos utilitzen les seves obres per expressar emocions diverses.\u00a0<\/span><\/p>\n<p><span style=\"font-weight: 400\">Altrament, entre tots i totes les alumnes de prim\u00e0ria hem decidit que al <\/span><i><span style=\"font-weight: 400\">hall<\/span><\/i><span style=\"font-weight: 400\"> de l\u2019escola intentarem posar trimestralment bocinets d\u2019art i\/o projectes de classe, perqu\u00e8 tothom pugui veure les feines que fem. Com tamb\u00e9 els peluixos dels monstres de colors, quin garbuix d\u2019emocions!\u00a0<\/span><\/p>\n<p><span style=\"font-weight: 400\">Per finalitzar, el llibre i les papallones representen la llibertat d\u2019expressi\u00f3 de cadasc\u00fa de nosaltres, per\u00f2 sobretot per reivindicar que llegir ens fa lliures, ens forma, ens ensenya i ens ajuda a aprendre. I \u00e9s que\u2026 ESTEM TOCATS PER L\u2019EDUCACI\u00d3! <\/span><\/p>\n<div id='gallery-1' class='gallery galleryid-17209 gallery-columns-3 gallery-size-thumbnail'><figure class='gallery-item'>\n\t\t\t<div class='gallery-icon landscape'>\n\t\t\t\t<a href='https:\/\/agora.xtec.cat\/escolaponent\/general\/lescola-llueix-mes-que-mai\/attachment\/img_9987\/'><img loading=\"lazy\" decoding=\"async\" width=\"150\" height=\"150\" src=\"https:\/\/agora.xtec.cat\/escolaponent\/wp-content\/uploads\/usu881\/2023\/03\/IMG_9987-150x150.jpg\" class=\"attachment-thumbnail size-thumbnail\" alt=\"\" \/><\/a>\n\t\t\t<\/div><\/figure><figure class='gallery-item'>\n\t\t\t<div class='gallery-icon landscape'>\n\t\t\t\t<a href='https:\/\/agora.xtec.cat\/escolaponent\/general\/lescola-llueix-mes-que-mai\/attachment\/img_9988\/'><img loading=\"lazy\" decoding=\"async\" width=\"150\" height=\"150\" src=\"https:\/\/agora.xtec.cat\/escolaponent\/wp-content\/uploads\/usu881\/2023\/03\/IMG_9988-150x150.jpg\" class=\"attachment-thumbnail size-thumbnail\" alt=\"\" \/><\/a>\n\t\t\t<\/div><\/figure><figure class='gallery-item'>\n\t\t\t<div class='gallery-icon landscape'>\n\t\t\t\t<a href='https:\/\/agora.xtec.cat\/escolaponent\/general\/lescola-llueix-mes-que-mai\/attachment\/img_9989-2\/'><img loading=\"lazy\" decoding=\"async\" width=\"150\" height=\"150\" src=\"https:\/\/agora.xtec.cat\/escolaponent\/wp-content\/uploads\/usu881\/2023\/03\/IMG_9989-150x150.jpg\" class=\"attachment-thumbnail size-thumbnail\" alt=\"\" \/><\/a>\n\t\t\t<\/div><\/figure><figure class='gallery-item'>\n\t\t\t<div class='gallery-icon landscape'>\n\t\t\t\t<a href='https:\/\/agora.xtec.cat\/escolaponent\/general\/lescola-llueix-mes-que-mai\/attachment\/img_9990\/'><img loading=\"lazy\" decoding=\"async\" width=\"150\" height=\"150\" src=\"https:\/\/agora.xtec.cat\/escolaponent\/wp-content\/uploads\/usu881\/2023\/03\/IMG_9990-150x150.jpg\" class=\"attachment-thumbnail size-thumbnail\" alt=\"\" \/><\/a>\n\t\t\t<\/div><\/figure><figure class='gallery-item'>\n\t\t\t<div class='gallery-icon landscape'>\n\t\t\t\t<a href='https:\/\/agora.xtec.cat\/escolaponent\/general\/lescola-llueix-mes-que-mai\/attachment\/img_9991\/'><img loading=\"lazy\" decoding=\"async\" width=\"150\" height=\"150\" src=\"https:\/\/agora.xtec.cat\/escolaponent\/wp-content\/uploads\/usu881\/2023\/03\/IMG_9991-150x150.jpg\" class=\"attachment-thumbnail size-thumbnail\" alt=\"\" \/><\/a>\n\t\t\t<\/div><\/figure><figure class='gallery-item'>\n\t\t\t<div class='gallery-icon landscape'>\n\t\t\t\t<a href='https:\/\/agora.xtec.cat\/escolaponent\/general\/lescola-llueix-mes-que-mai\/attachment\/img_9992\/'><img loading=\"lazy\" decoding=\"async\" width=\"150\" height=\"150\" src=\"https:\/\/agora.xtec.cat\/escolaponent\/wp-content\/uploads\/usu881\/2023\/03\/IMG_9992-150x150.jpg\" class=\"attachment-thumbnail size-thumbnail\" alt=\"\" \/><\/a>\n\t\t\t<\/div><\/figure>\n\t\t<\/div>\n\n","protected":false},"excerpt":{"rendered":"<p>Bon dia, fam\u00edlies!\u00a0 Aquest curs est\u00e0 sent molt interessant\u2026 gr\u00e0cies al projecte de Tocats hem posat en pr\u00e0ctica moltes t\u00e8cniques art\u00edstiques per preparar la decoraci\u00f3 del nostre hall. Despr\u00e9s de rumiar moltes idees a les classes d\u2019art, tots i totes les alumnes de prim\u00e0ria vam decidir fer tot aix\u00f2 que veieu a les imatges que [&hellip;]<\/p>\n","protected":false},"author":1,"featured_media":17214,"comment_status":"open","ping_status":"closed","sticky":false,"template":"","format":"standard","meta":{"_bbp_topic_count":0,"_bbp_reply_count":0,"_bbp_total_topic_count":0,"_bbp_total_reply_count":0,"_bbp_voice_count":0,"_bbp_anonymous_reply_count":0,"_bbp_topic_count_hidden":0,"_bbp_reply_count_hidden":0,"_bbp_forum_subforum_count":0,"site-sidebar-layout":"default","site-content-layout":"","ast-site-content-layout":"","site-content-style":"default","site-sidebar-style":"default","ast-global-header-display":"","ast-banner-title-visibility":"","ast-main-header-display":"","ast-hfb-above-header-display":"","ast-hfb-below-header-display":"","ast-hfb-mobile-header-display":"","site-post-title":"","ast-breadcrumbs-content":"","ast-featured-img":"","footer-sml-layout":"","theme-transparent-header-meta":"","adv-header-id-meta":"","stick-header-meta":"","header-above-stick-meta":"","header-main-stick-meta":"","header-below-stick-meta":"","astra-migrate-meta-layouts":"default","ast-page-background-enabled":"default","ast-page-background-meta":{"desktop":{"background-color":"var(--ast-global-color-4)","background-image":"","background-repeat":"repeat","background-position":"center center","background-size":"auto","background-attachment":"scroll","background-type":"","background-media":"","overlay-type":"","overlay-color":"","overlay-opacity":"","overlay-gradient":""},"tablet":{"background-color":"","background-image":"","background-repeat":"repeat","background-position":"center center","background-size":"auto","background-attachment":"scroll","background-type":"","background-media":"","overlay-type":"","overlay-color":"","overlay-opacity":"","overlay-gradient":""},"mobile":{"background-color":"","background-image":"","background-repeat":"repeat","background-position":"center center","background-size":"auto","background-attachment":"scroll","background-type":"","background-media":"","overlay-type":"","overlay-color":"","overlay-opacity":"","overlay-gradient":""}},"ast-content-background-meta":{"desktop":{"background-color":"var(--ast-global-color-5)","background-image":"","background-repeat":"repeat","background-position":"center center","background-size":"auto","background-attachment":"scroll","background-type":"","background-media":"","overlay-type":"","overlay-color":"","overlay-opacity":"","overlay-gradient":""},"tablet":{"background-color":"var(--ast-global-color-5)","background-image":"","background-repeat":"repeat","background-position":"center center","background-size":"auto","background-attachment":"scroll","background-type":"","background-media":"","overlay-type":"","overlay-color":"","overlay-opacity":"","overlay-gradient":""},"mobile":{"background-color":"var(--ast-global-color-5)","background-image":"","background-repeat":"repeat","background-position":"center center","background-size":"auto","background-attachment":"scroll","background-type":"","background-media":"","overlay-type":"","overlay-color":"","overlay-opacity":"","overlay-gradient":""}},"footnotes":""},"categories":[237,207,194,33,9,8,3,1,4,5],"tags":[345,338,356,64],"class_list":["post-17209","post","type-post","status-publish","format-standard","has-post-thumbnail","hentry","category-quart","category-cinque","category-sise","category-vip-visual-i-plastica","category-ex2223","category-ex","category-exalumnes-sise-2526","category-general","category-portada","category-primaria","tag-art","tag-decoracio","tag-educacio","tag-escola"],"post_mailing_queue_ids":[],"_links":{"self":[{"href":"https:\/\/agora.xtec.cat\/escolaponent\/wp-json\/wp\/v2\/posts\/17209","targetHints":{"allow":["GET"]}}],"collection":[{"href":"https:\/\/agora.xtec.cat\/escolaponent\/wp-json\/wp\/v2\/posts"}],"about":[{"href":"https:\/\/agora.xtec.cat\/escolaponent\/wp-json\/wp\/v2\/types\/post"}],"author":[{"embeddable":true,"href":"https:\/\/agora.xtec.cat\/escolaponent\/wp-json\/wp\/v2\/users\/1"}],"replies":[{"embeddable":true,"href":"https:\/\/agora.xtec.cat\/escolaponent\/wp-json\/wp\/v2\/comments?post=17209"}],"version-history":[{"count":1,"href":"https:\/\/agora.xtec.cat\/escolaponent\/wp-json\/wp\/v2\/posts\/17209\/revisions"}],"predecessor-version":[{"id":17216,"href":"https:\/\/agora.xtec.cat\/escolaponent\/wp-json\/wp\/v2\/posts\/17209\/revisions\/17216"}],"wp:featuredmedia":[{"embeddable":true,"href":"https:\/\/agora.xtec.cat\/escolaponent\/wp-json\/wp\/v2\/media\/17214"}],"wp:attachment":[{"href":"https:\/\/agora.xtec.cat\/escolaponent\/wp-json\/wp\/v2\/media?parent=17209"}],"wp:term":[{"taxonomy":"category","embeddable":true,"href":"https:\/\/agora.xtec.cat\/escolaponent\/wp-json\/wp\/v2\/categories?post=17209"},{"taxonomy":"post_tag","embeddable":true,"href":"https:\/\/agora.xtec.cat\/escolaponent\/wp-json\/wp\/v2\/tags?post=17209"}],"curies":[{"name":"wp","href":"https:\/\/api.w.org\/{rel}","templated":true}]}}