{"id":16684,"date":"2022-11-16T09:50:01","date_gmt":"2022-11-16T08:50:01","guid":{"rendered":"https:\/\/agora.xtec.cat\/escolaponent\/?p=16684"},"modified":"2024-04-07T19:38:09","modified_gmt":"2024-04-07T17:38:09","slug":"setmana-de-tocats-per-lart","status":"publish","type":"post","link":"https:\/\/agora.xtec.cat\/escolaponent\/general\/setmana-de-tocats-per-lart\/","title":{"rendered":"SETMANA DE&#8230; TOCATS PER L&#8217;ART!"},"content":{"rendered":"<p>Molt bon dia fam\u00edlies!<\/p>\n<p>Ens complau anunciar-vos que els dies <strong>28, 29 i 30 de novembre i els dies 1 i 2 de desembre<\/strong> estarem celebrant la <em>SETMANA DE&#8230; TOCATS PER L&#8217;ART!<\/em> I \u00e9s que&#8230; tocats per l&#8217;art estem sempre, per\u00f2 hem volgut dedicar una setmana a fer manualitats de Nadal a les classes de Visual i Pl\u00e0stica. Les produccions dels vostres infants se les podran emportar a casa i aix\u00ed poder decorar qualsevol espai amb aquestes manualitats d&#8217;hivern.<\/p>\n<p>Estic segur que gaudirem i passarem una bona estona junts!<\/p>\n<p>Oriol.<\/p>\n<p><a href=\"https:\/\/agora.xtec.cat\/escolaponent\/wp-content\/uploads\/usu881\/2022\/11\/World-Art-Day-Flyer-2.jpg\"><img loading=\"lazy\" decoding=\"async\" class=\"wp-image-16685 size-medium aligncenter\" src=\"https:\/\/agora.xtec.cat\/escolaponent\/wp-content\/uploads\/usu881\/2022\/11\/World-Art-Day-Flyer-2-212x300.jpg\" alt=\"\" width=\"212\" height=\"300\" srcset=\"https:\/\/agora.xtec.cat\/escolaponent\/wp-content\/uploads\/usu881\/2022\/11\/World-Art-Day-Flyer-2-212x300.jpg 212w, https:\/\/agora.xtec.cat\/escolaponent\/wp-content\/uploads\/usu881\/2022\/11\/World-Art-Day-Flyer-2-724x1024.jpg 724w, https:\/\/agora.xtec.cat\/escolaponent\/wp-content\/uploads\/usu881\/2022\/11\/World-Art-Day-Flyer-2-768x1086.jpg 768w, https:\/\/agora.xtec.cat\/escolaponent\/wp-content\/uploads\/usu881\/2022\/11\/World-Art-Day-Flyer-2-1086x1536.jpg 1086w, https:\/\/agora.xtec.cat\/escolaponent\/wp-content\/uploads\/usu881\/2022\/11\/World-Art-Day-Flyer-2.jpg 1414w\" sizes=\"auto, (max-width: 212px) 100vw, 212px\" \/><\/a><\/p>\n","protected":false},"excerpt":{"rendered":"<p>Molt bon dia fam\u00edlies! Ens complau anunciar-vos que els dies 28, 29 i 30 de novembre i els dies 1 i 2 de desembre estarem celebrant la SETMANA DE&#8230; TOCATS PER L&#8217;ART! I \u00e9s que&#8230; tocats per l&#8217;art estem sempre, per\u00f2 hem volgut dedicar una setmana a fer manualitats de Nadal a les classes de [&hellip;]<\/p>\n","protected":false},"author":1,"featured_media":0,"comment_status":"open","ping_status":"closed","sticky":false,"template":"","format":"standard","meta":{"_bbp_topic_count":0,"_bbp_reply_count":0,"_bbp_total_topic_count":0,"_bbp_total_reply_count":0,"_bbp_voice_count":0,"_bbp_anonymous_reply_count":0,"_bbp_topic_count_hidden":0,"_bbp_reply_count_hidden":0,"_bbp_forum_subforum_count":0,"site-sidebar-layout":"default","site-content-layout":"","ast-site-content-layout":"","site-content-style":"default","site-sidebar-style":"default","ast-global-header-display":"","ast-banner-title-visibility":"","ast-main-header-display":"","ast-hfb-above-header-display":"","ast-hfb-below-header-display":"","ast-hfb-mobile-header-display":"","site-post-title":"","ast-breadcrumbs-content":"","ast-featured-img":"","footer-sml-layout":"","theme-transparent-header-meta":"","adv-header-id-meta":"","stick-header-meta":"","header-above-stick-meta":"","header-main-stick-meta":"","header-below-stick-meta":"","astra-migrate-meta-layouts":"default","ast-page-background-enabled":"default","ast-page-background-meta":{"desktop":{"background-color":"var(--ast-global-color-4)","background-image":"","background-repeat":"repeat","background-position":"center center","background-size":"auto","background-attachment":"scroll","background-type":"","background-media":"","overlay-type":"","overlay-color":"","overlay-opacity":"","overlay-gradient":""},"tablet":{"background-color":"","background-image":"","background-repeat":"repeat","background-position":"center center","background-size":"auto","background-attachment":"scroll","background-type":"","background-media":"","overlay-type":"","overlay-color":"","overlay-opacity":"","overlay-gradient":""},"mobile":{"background-color":"","background-image":"","background-repeat":"repeat","background-position":"center center","background-size":"auto","background-attachment":"scroll","background-type":"","background-media":"","overlay-type":"","overlay-color":"","overlay-opacity":"","overlay-gradient":""}},"ast-content-background-meta":{"desktop":{"background-color":"var(--ast-global-color-5)","background-image":"","background-repeat":"repeat","background-position":"center center","background-size":"auto","background-attachment":"scroll","background-type":"","background-media":"","overlay-type":"","overlay-color":"","overlay-opacity":"","overlay-gradient":""},"tablet":{"background-color":"var(--ast-global-color-5)","background-image":"","background-repeat":"repeat","background-position":"center center","background-size":"auto","background-attachment":"scroll","background-type":"","background-media":"","overlay-type":"","overlay-color":"","overlay-opacity":"","overlay-gradient":""},"mobile":{"background-color":"var(--ast-global-color-5)","background-image":"","background-repeat":"repeat","background-position":"center center","background-size":"auto","background-attachment":"scroll","background-type":"","background-media":"","overlay-type":"","overlay-color":"","overlay-opacity":"","overlay-gradient":""}},"footnotes":""},"categories":[207,194,33,9,8,3,1,4,5],"tags":[],"class_list":["post-16684","post","type-post","status-publish","format-standard","hentry","category-cinque","category-sise","category-vip-visual-i-plastica","category-ex2223","category-ex","category-exalumnes-sise-2526","category-general","category-portada","category-primaria"],"post_mailing_queue_ids":[],"_links":{"self":[{"href":"https:\/\/agora.xtec.cat\/escolaponent\/wp-json\/wp\/v2\/posts\/16684","targetHints":{"allow":["GET"]}}],"collection":[{"href":"https:\/\/agora.xtec.cat\/escolaponent\/wp-json\/wp\/v2\/posts"}],"about":[{"href":"https:\/\/agora.xtec.cat\/escolaponent\/wp-json\/wp\/v2\/types\/post"}],"author":[{"embeddable":true,"href":"https:\/\/agora.xtec.cat\/escolaponent\/wp-json\/wp\/v2\/users\/1"}],"replies":[{"embeddable":true,"href":"https:\/\/agora.xtec.cat\/escolaponent\/wp-json\/wp\/v2\/comments?post=16684"}],"version-history":[{"count":1,"href":"https:\/\/agora.xtec.cat\/escolaponent\/wp-json\/wp\/v2\/posts\/16684\/revisions"}],"predecessor-version":[{"id":16686,"href":"https:\/\/agora.xtec.cat\/escolaponent\/wp-json\/wp\/v2\/posts\/16684\/revisions\/16686"}],"wp:attachment":[{"href":"https:\/\/agora.xtec.cat\/escolaponent\/wp-json\/wp\/v2\/media?parent=16684"}],"wp:term":[{"taxonomy":"category","embeddable":true,"href":"https:\/\/agora.xtec.cat\/escolaponent\/wp-json\/wp\/v2\/categories?post=16684"},{"taxonomy":"post_tag","embeddable":true,"href":"https:\/\/agora.xtec.cat\/escolaponent\/wp-json\/wp\/v2\/tags?post=16684"}],"curies":[{"name":"wp","href":"https:\/\/api.w.org\/{rel}","templated":true}]}}