{"id":16497,"date":"2022-10-10T14:08:29","date_gmt":"2022-10-10T12:08:29","guid":{"rendered":"https:\/\/agora.xtec.cat\/escolaponent\/?p=16497"},"modified":"2022-10-10T14:08:29","modified_gmt":"2022-10-10T12:08:29","slug":"la-revista-digital-de-cultura-nuvol-parla-de-lescola-ponent","status":"publish","type":"post","link":"https:\/\/agora.xtec.cat\/escolaponent\/general\/la-revista-digital-de-cultura-nuvol-parla-de-lescola-ponent\/","title":{"rendered":"La revista digital de cultura: N\u00favol, parla de l&#8217;escola Ponent"},"content":{"rendered":"<p>Fam\u00edlies,<\/p>\n<p>La revista digital de cultura: <strong>N\u00favol<\/strong>, ha publicat un article sobre el concert que vam anar a escoltar aquest divendres passat en el marc del <strong>Festival Mixtur<\/strong> de Barcelona.<\/p>\n<p>Aquesta activitat va comen\u00e7ar a l&#8217;abril- maig- juny del curs passat quan els alumnes van treballar l&#8217;obra <strong>F\u00fcnf<\/strong> del compositor <b>Johannes K. Hildebrandt.<\/b><\/p>\n<p>Entre finals del curs passat i principis d&#8217;aquest els grups de 5\u00e8 han estat treballant aquesta obra de m\u00fasica contempor\u00e0nia a partir de propostes did\u00e0ctiques que ens va fer la pedagoga Assumpta Valls.<\/p>\n<p>L&#8217;objectiu d&#8217;aquesta activitat era <strong>poder escoltar en directe l&#8217;obra treballada i tenir l&#8217;oportunitat de conversar amb els m\u00fasics i el compositor<\/strong>. Vam tenir el privilegi de tenir un<strong> concert exclusiu<\/strong> pels grups de 5\u00e8 de l&#8217;escola Ponent.<\/p>\n<p>En acabar el concert els alumnes van poder fer les preguntes que havien preparat als m\u00fasics i al compositor.<\/p>\n<p><span style=\"text-decoration: underline\"><strong>Aqu\u00ed teniu l&#8217;article de la revista:<\/strong><\/span><\/p>\n<p><a href=\"https:\/\/www.nuvol.com\/musica\/classica\/el-festival-mixtur-entra-a-les-escoles-279149\">https:\/\/www.nuvol.com\/musica\/classica\/el-festival-mixtur-entra-a-les-escoles-279149<\/a><\/p>\n<p><img decoding=\"async\" src=\"https:\/\/www.nuvol.com\/app\/uploads\/2022\/10\/El_Mixtur_a_Primaria_amb_Ensemble_Via_Nova%C2%A9Festival_MixturIMG_9503-1024x683.jpg\" \/><\/p>\n","protected":false},"excerpt":{"rendered":"<p>Fam\u00edlies, La revista digital de cultura: N\u00favol, ha publicat un article sobre el concert que vam anar a escoltar aquest divendres passat en el marc del Festival Mixtur de Barcelona. Aquesta activitat va comen\u00e7ar a l&#8217;abril- maig- juny del curs passat quan els alumnes van treballar l&#8217;obra F\u00fcnf del compositor Johannes K. Hildebrandt. Entre finals [&hellip;]<\/p>\n","protected":false},"author":1,"featured_media":0,"comment_status":"open","ping_status":"closed","sticky":false,"template":"","format":"standard","meta":{"_bbp_topic_count":0,"_bbp_reply_count":0,"_bbp_total_topic_count":0,"_bbp_total_reply_count":0,"_bbp_voice_count":0,"_bbp_anonymous_reply_count":0,"_bbp_topic_count_hidden":0,"_bbp_reply_count_hidden":0,"_bbp_forum_subforum_count":0,"site-sidebar-layout":"default","site-content-layout":"","ast-site-content-layout":"","site-content-style":"default","site-sidebar-style":"default","ast-global-header-display":"","ast-banner-title-visibility":"","ast-main-header-display":"","ast-hfb-above-header-display":"","ast-hfb-below-header-display":"","ast-hfb-mobile-header-display":"","site-post-title":"","ast-breadcrumbs-content":"","ast-featured-img":"","footer-sml-layout":"","theme-transparent-header-meta":"","adv-header-id-meta":"","stick-header-meta":"","header-above-stick-meta":"","header-main-stick-meta":"","header-below-stick-meta":"","astra-migrate-meta-layouts":"default","ast-page-background-enabled":"default","ast-page-background-meta":{"desktop":{"background-color":"var(--ast-global-color-4)","background-image":"","background-repeat":"repeat","background-position":"center center","background-size":"auto","background-attachment":"scroll","background-type":"","background-media":"","overlay-type":"","overlay-color":"","overlay-opacity":"","overlay-gradient":""},"tablet":{"background-color":"","background-image":"","background-repeat":"repeat","background-position":"center center","background-size":"auto","background-attachment":"scroll","background-type":"","background-media":"","overlay-type":"","overlay-color":"","overlay-opacity":"","overlay-gradient":""},"mobile":{"background-color":"","background-image":"","background-repeat":"repeat","background-position":"center center","background-size":"auto","background-attachment":"scroll","background-type":"","background-media":"","overlay-type":"","overlay-color":"","overlay-opacity":"","overlay-gradient":""}},"ast-content-background-meta":{"desktop":{"background-color":"var(--ast-global-color-5)","background-image":"","background-repeat":"repeat","background-position":"center center","background-size":"auto","background-attachment":"scroll","background-type":"","background-media":"","overlay-type":"","overlay-color":"","overlay-opacity":"","overlay-gradient":""},"tablet":{"background-color":"var(--ast-global-color-5)","background-image":"","background-repeat":"repeat","background-position":"center center","background-size":"auto","background-attachment":"scroll","background-type":"","background-media":"","overlay-type":"","overlay-color":"","overlay-opacity":"","overlay-gradient":""},"mobile":{"background-color":"var(--ast-global-color-5)","background-image":"","background-repeat":"repeat","background-position":"center center","background-size":"auto","background-attachment":"scroll","background-type":"","background-media":"","overlay-type":"","overlay-color":"","overlay-opacity":"","overlay-gradient":""}},"footnotes":""},"categories":[1,34,4],"tags":[],"class_list":["post-16497","post","type-post","status-publish","format-standard","hentry","category-general","category-musica","category-portada"],"post_mailing_queue_ids":[],"_links":{"self":[{"href":"https:\/\/agora.xtec.cat\/escolaponent\/wp-json\/wp\/v2\/posts\/16497","targetHints":{"allow":["GET"]}}],"collection":[{"href":"https:\/\/agora.xtec.cat\/escolaponent\/wp-json\/wp\/v2\/posts"}],"about":[{"href":"https:\/\/agora.xtec.cat\/escolaponent\/wp-json\/wp\/v2\/types\/post"}],"author":[{"embeddable":true,"href":"https:\/\/agora.xtec.cat\/escolaponent\/wp-json\/wp\/v2\/users\/1"}],"replies":[{"embeddable":true,"href":"https:\/\/agora.xtec.cat\/escolaponent\/wp-json\/wp\/v2\/comments?post=16497"}],"version-history":[{"count":1,"href":"https:\/\/agora.xtec.cat\/escolaponent\/wp-json\/wp\/v2\/posts\/16497\/revisions"}],"predecessor-version":[{"id":16498,"href":"https:\/\/agora.xtec.cat\/escolaponent\/wp-json\/wp\/v2\/posts\/16497\/revisions\/16498"}],"wp:attachment":[{"href":"https:\/\/agora.xtec.cat\/escolaponent\/wp-json\/wp\/v2\/media?parent=16497"}],"wp:term":[{"taxonomy":"category","embeddable":true,"href":"https:\/\/agora.xtec.cat\/escolaponent\/wp-json\/wp\/v2\/categories?post=16497"},{"taxonomy":"post_tag","embeddable":true,"href":"https:\/\/agora.xtec.cat\/escolaponent\/wp-json\/wp\/v2\/tags?post=16497"}],"curies":[{"name":"wp","href":"https:\/\/api.w.org\/{rel}","templated":true}]}}