{"id":16479,"date":"2022-10-07T12:24:48","date_gmt":"2022-10-07T10:24:48","guid":{"rendered":"https:\/\/agora.xtec.cat\/escolaponent\/?p=16479"},"modified":"2022-10-07T12:25:32","modified_gmt":"2022-10-07T10:25:32","slug":"festival-mixtur-5e","status":"publish","type":"post","link":"https:\/\/agora.xtec.cat\/escolaponent\/general\/festival-mixtur-5e\/","title":{"rendered":"FESTIVAL MIXTUR: 5\u00e8"},"content":{"rendered":"<p>Avui amb els grups de<strong> 5\u00e8<\/strong> hem anat al <strong>FESTIVAL MIXTUR<\/strong> a Barcelona.<\/p>\n<p>El Festival Mixtur obre les seves portes a l\u2019alumnat i el professorat de prim\u00e0ria per acostar-se a la m\u00fasica contempor\u00e0nia.<\/p>\n<p>Nens i nens d\u2019aquesta etapa assisteixen a un assaig en el que a m\u00e9s d\u2019escoltar la interpretaci\u00f3 de les obres, interactuen amb els int\u00e8rprets i\/o el compositor o compositora.<\/p>\n<p>El professorat rep uns materials sonors i unes propostes did\u00e0ctiques per preparar\u00a0 l\u2019assist\u00e8ncia a l\u2019assaig. Durant el per\u00edode de preparaci\u00f3 els nens i nenes realitzen activitats d\u2019escolta, d\u2019an\u00e0lisi i d\u2019experimentaci\u00f3 sonora. Al mateix temps es van plantejant q\u00fcestions que despr\u00e9s s\u00f3n motiu de conversa amb els\u00a0 int\u00e8rprets i\/o el compositor\/a.<\/p>\n<p>Assist\u00e8ncia amb preparaci\u00f3 pr\u00e8via de l\u2019alumnat de prim\u00e0ria de l\u2019Escola Ponent de Terrassa a un assaig de l\u2019obra <strong>F\u00fcnf de Johannes Hildebrandt<\/strong> per part de\u00a0 l\u2019ensemble <strong>Via Nova<\/strong>, un dels conjunts participants al Festival Mixtur 2022, amb torn de preguntes.<\/p>\n<p><span style=\"color: #ff0000\">Per poder veure les fotos de la sortida cliqueu la imatge (recordeu que <strong>necessiteu la contrasenya del web de m\u00fasica<\/strong>):<\/span><\/p>\n<p><a href=\"https:\/\/bpujol6.wixsite.com\/musponent\/fotos-i-v%C3%ADdeos-1\"><img decoding=\"async\" src=\"https:\/\/mixturbcn.com\/wp-content\/uploads\/2022\/06\/Enseble-via-nova-II-Mixtur-20221.png\" \/><\/a><\/p>\n","protected":false},"excerpt":{"rendered":"<p>Avui amb els grups de 5\u00e8 hem anat al FESTIVAL MIXTUR a Barcelona. El Festival Mixtur obre les seves portes a l\u2019alumnat i el professorat de prim\u00e0ria per acostar-se a la m\u00fasica contempor\u00e0nia. Nens i nens d\u2019aquesta etapa assisteixen a un assaig en el que a m\u00e9s d\u2019escoltar la interpretaci\u00f3 de les obres, interactuen amb [&hellip;]<\/p>\n","protected":false},"author":1,"featured_media":0,"comment_status":"open","ping_status":"closed","sticky":false,"template":"","format":"standard","meta":{"_bbp_topic_count":0,"_bbp_reply_count":0,"_bbp_total_topic_count":0,"_bbp_total_reply_count":0,"_bbp_voice_count":0,"_bbp_anonymous_reply_count":0,"_bbp_topic_count_hidden":0,"_bbp_reply_count_hidden":0,"_bbp_forum_subforum_count":0,"site-sidebar-layout":"default","site-content-layout":"","ast-site-content-layout":"","site-content-style":"default","site-sidebar-style":"default","ast-global-header-display":"","ast-banner-title-visibility":"","ast-main-header-display":"","ast-hfb-above-header-display":"","ast-hfb-below-header-display":"","ast-hfb-mobile-header-display":"","site-post-title":"","ast-breadcrumbs-content":"","ast-featured-img":"","footer-sml-layout":"","theme-transparent-header-meta":"","adv-header-id-meta":"","stick-header-meta":"","header-above-stick-meta":"","header-main-stick-meta":"","header-below-stick-meta":"","astra-migrate-meta-layouts":"default","ast-page-background-enabled":"default","ast-page-background-meta":{"desktop":{"background-color":"var(--ast-global-color-4)","background-image":"","background-repeat":"repeat","background-position":"center center","background-size":"auto","background-attachment":"scroll","background-type":"","background-media":"","overlay-type":"","overlay-color":"","overlay-opacity":"","overlay-gradient":""},"tablet":{"background-color":"","background-image":"","background-repeat":"repeat","background-position":"center center","background-size":"auto","background-attachment":"scroll","background-type":"","background-media":"","overlay-type":"","overlay-color":"","overlay-opacity":"","overlay-gradient":""},"mobile":{"background-color":"","background-image":"","background-repeat":"repeat","background-position":"center center","background-size":"auto","background-attachment":"scroll","background-type":"","background-media":"","overlay-type":"","overlay-color":"","overlay-opacity":"","overlay-gradient":""}},"ast-content-background-meta":{"desktop":{"background-color":"var(--ast-global-color-5)","background-image":"","background-repeat":"repeat","background-position":"center center","background-size":"auto","background-attachment":"scroll","background-type":"","background-media":"","overlay-type":"","overlay-color":"","overlay-opacity":"","overlay-gradient":""},"tablet":{"background-color":"var(--ast-global-color-5)","background-image":"","background-repeat":"repeat","background-position":"center center","background-size":"auto","background-attachment":"scroll","background-type":"","background-media":"","overlay-type":"","overlay-color":"","overlay-opacity":"","overlay-gradient":""},"mobile":{"background-color":"var(--ast-global-color-5)","background-image":"","background-repeat":"repeat","background-position":"center center","background-size":"auto","background-attachment":"scroll","background-type":"","background-media":"","overlay-type":"","overlay-color":"","overlay-opacity":"","overlay-gradient":""}},"footnotes":""},"categories":[1,34,4],"tags":[],"class_list":["post-16479","post","type-post","status-publish","format-standard","hentry","category-general","category-musica","category-portada"],"post_mailing_queue_ids":[],"_links":{"self":[{"href":"https:\/\/agora.xtec.cat\/escolaponent\/wp-json\/wp\/v2\/posts\/16479","targetHints":{"allow":["GET"]}}],"collection":[{"href":"https:\/\/agora.xtec.cat\/escolaponent\/wp-json\/wp\/v2\/posts"}],"about":[{"href":"https:\/\/agora.xtec.cat\/escolaponent\/wp-json\/wp\/v2\/types\/post"}],"author":[{"embeddable":true,"href":"https:\/\/agora.xtec.cat\/escolaponent\/wp-json\/wp\/v2\/users\/1"}],"replies":[{"embeddable":true,"href":"https:\/\/agora.xtec.cat\/escolaponent\/wp-json\/wp\/v2\/comments?post=16479"}],"version-history":[{"count":3,"href":"https:\/\/agora.xtec.cat\/escolaponent\/wp-json\/wp\/v2\/posts\/16479\/revisions"}],"predecessor-version":[{"id":16482,"href":"https:\/\/agora.xtec.cat\/escolaponent\/wp-json\/wp\/v2\/posts\/16479\/revisions\/16482"}],"wp:attachment":[{"href":"https:\/\/agora.xtec.cat\/escolaponent\/wp-json\/wp\/v2\/media?parent=16479"}],"wp:term":[{"taxonomy":"category","embeddable":true,"href":"https:\/\/agora.xtec.cat\/escolaponent\/wp-json\/wp\/v2\/categories?post=16479"},{"taxonomy":"post_tag","embeddable":true,"href":"https:\/\/agora.xtec.cat\/escolaponent\/wp-json\/wp\/v2\/tags?post=16479"}],"curies":[{"name":"wp","href":"https:\/\/api.w.org\/{rel}","templated":true}]}}