{"id":16182,"date":"2022-05-23T20:03:58","date_gmt":"2022-05-23T18:03:58","guid":{"rendered":"https:\/\/agora.xtec.cat\/escolaponent\/?p=16182"},"modified":"2022-05-23T20:03:58","modified_gmt":"2022-05-23T18:03:58","slug":"cantania-22","status":"publish","type":"post","link":"https:\/\/agora.xtec.cat\/escolaponent\/general\/cantania-22\/","title":{"rendered":"Cant\u00e0nia 22"},"content":{"rendered":"<p>Fam\u00edlies! Avui hem fet el concert de la cant\u00e0nia: <strong>Clara, l&#8217;art per dins.<\/strong><\/p>\n<p>Cal felicitar a tot l&#8217;alumnat de 4t. Ho han fet molt b\u00e9. Han estat treballant al llarg d&#8217;aquest curs una cantata i han demostrat que amb esfor\u00e7 hi ha un bon resultat!<\/p>\n<h4>SINOPSI<\/h4>\n<p>Despr\u00e9s de passar quinze dies a casa la seva \u00e0via Blanca \u2014dues setmanes fant\u00e0stiques en qu\u00e8 s\u2019ho han passat la mar de b\u00e9 fent tota mena de coses\u2014, la Clara espera avorrida que la seva mare la vingui a buscar. Per\u00f2 abans, totes dues tindran temps de viure una altra perip\u00e8cia. A les golfes l\u2019\u00e0via Blanca hi t\u00e9 guardat un marc enorme sense cap quadre, i proposa a la seva neta que travessin el marc\u2026 D\u2019aquesta manera, la Clara i la Blanca comen\u00e7aran una \u00faltima aventura, aquesta vegada dins de les obres d\u2019art, un m\u00f3n m\u00e0gic i meravell\u00f3s on s\u2019alteren les dist\u00e0ncies i el temps corre a una altra velocitat.<\/p>\n<p><strong>Composici\u00f3<\/strong><br \/>\nJosep Maria Guix<br \/>\n<strong>Poemes<\/strong><br \/>\nJordi Llavina<strong>Dramat\u00fargia<\/strong><br \/>\nMarc Donat<br \/>\n<strong>Direcci\u00f3 musical<br \/>\n<\/strong>Elisenda Carrasco,\u00a0Oriol Castanyer,\u00a0Montserrat Meneses<\/p>\n<p><strong>Direcci\u00f3 esc\u00e8nica<br \/>\n<\/strong>Adri\u00e0 Aubert, Marta Gil, Cristina Mart\u00ed<br \/>\n<strong>Coordinaci\u00f3 musical<br \/>\n<\/strong>Josep Prats<\/p>\n<p><strong>Int\u00e8rprets:\u00a0<\/strong>veu solista soprano:<strong>\u00a0Irene Mas, Ana\u00efs Oliveras, Soledad Cardoso, J\u00falia Farr\u00e9s |\u00a0<\/strong>veu solista mezzo:\u00a0<strong>Eul\u00e0lia Fantova, T\u00e0nit Bono, Mireia Tarrag\u00f3 |\u00a0<\/strong>piano:<strong>\u00a0Maria Molet, Paul Perera, \u00c1lvaro Carnicero |\u00a0<\/strong>arpa:<strong>\u00a0M\u00aa Jes\u00fas \u00c1vila, Laura Boschetti, Carme Ubach |<\/strong>\u00a0violoncel:<strong>\u00a0Olga Dom\u00ednguez, Clara Torner, Francesc Minguella |\u00a0<\/strong>viol\u00ed:<strong>\u00a0Biel Graells, Albert Madero, Andrea Beatrice Duca |\u00a0<\/strong>flauta\/piccolo:<strong>\u00a0Blanca Ruiz, Joan Casabona, Mirjam Plas |\u00a0<\/strong>clarinet:<strong>\u00a0Oriol Codina, Miriam Farr\u00e9, Jordi Casas |\u00a0<\/strong>trompa:<strong>\u00a0Mart\u00ed Marsal, Judit Rovira, Guillem Serra |\u00a0<\/strong>percussions:<strong>\u00a0Miquel Vich, Daniel Munarriz, Joan P\u00e9rez-Villegas<\/strong><\/p>\n<p style=\"text-align: center\">SI VOLEU VEURE LES FOTOS DE L&#8217;ARRIBADA I L&#8217;ASSAIG, CLIQUEU LA IMATGE! (Recordeu que necessiteu la contrasenya del web de m\u00fasica):<\/p>\n<p><a href=\"https:\/\/bpujol6.wixsite.com\/musponent\/fotos-i-v%C3%ADdeos\"><img loading=\"lazy\" decoding=\"async\" class=\"wp-image-15660 aligncenter\" src=\"https:\/\/agora.xtec.cat\/escolaponent\/wp-content\/uploads\/usu881\/2022\/02\/musica_MarcoCazzato-0.jpg\" alt=\"\" width=\"285\" height=\"368\" srcset=\"https:\/\/agora.xtec.cat\/escolaponent\/wp-content\/uploads\/usu881\/2022\/02\/musica_MarcoCazzato-0.jpg 719w, https:\/\/agora.xtec.cat\/escolaponent\/wp-content\/uploads\/usu881\/2022\/02\/musica_MarcoCazzato-0-233x300.jpg 233w\" sizes=\"auto, (max-width: 285px) 100vw, 285px\" \/><\/a><\/p>\n","protected":false},"excerpt":{"rendered":"<p>Fam\u00edlies! Avui hem fet el concert de la cant\u00e0nia: Clara, l&#8217;art per dins. Cal felicitar a tot l&#8217;alumnat de 4t. Ho han fet molt b\u00e9. Han estat treballant al llarg d&#8217;aquest curs una cantata i han demostrat que amb esfor\u00e7 hi ha un bon resultat! SINOPSI Despr\u00e9s de passar quinze dies a casa la seva [&hellip;]<\/p>\n","protected":false},"author":1,"featured_media":0,"comment_status":"open","ping_status":"closed","sticky":false,"template":"","format":"standard","meta":{"_bbp_topic_count":0,"_bbp_reply_count":0,"_bbp_total_topic_count":0,"_bbp_total_reply_count":0,"_bbp_voice_count":0,"_bbp_anonymous_reply_count":0,"_bbp_topic_count_hidden":0,"_bbp_reply_count_hidden":0,"_bbp_forum_subforum_count":0,"site-sidebar-layout":"default","site-content-layout":"","ast-site-content-layout":"","site-content-style":"default","site-sidebar-style":"default","ast-global-header-display":"","ast-banner-title-visibility":"","ast-main-header-display":"","ast-hfb-above-header-display":"","ast-hfb-below-header-display":"","ast-hfb-mobile-header-display":"","site-post-title":"","ast-breadcrumbs-content":"","ast-featured-img":"","footer-sml-layout":"","theme-transparent-header-meta":"","adv-header-id-meta":"","stick-header-meta":"","header-above-stick-meta":"","header-main-stick-meta":"","header-below-stick-meta":"","astra-migrate-meta-layouts":"default","ast-page-background-enabled":"default","ast-page-background-meta":{"desktop":{"background-color":"var(--ast-global-color-4)","background-image":"","background-repeat":"repeat","background-position":"center center","background-size":"auto","background-attachment":"scroll","background-type":"","background-media":"","overlay-type":"","overlay-color":"","overlay-opacity":"","overlay-gradient":""},"tablet":{"background-color":"","background-image":"","background-repeat":"repeat","background-position":"center center","background-size":"auto","background-attachment":"scroll","background-type":"","background-media":"","overlay-type":"","overlay-color":"","overlay-opacity":"","overlay-gradient":""},"mobile":{"background-color":"","background-image":"","background-repeat":"repeat","background-position":"center center","background-size":"auto","background-attachment":"scroll","background-type":"","background-media":"","overlay-type":"","overlay-color":"","overlay-opacity":"","overlay-gradient":""}},"ast-content-background-meta":{"desktop":{"background-color":"var(--ast-global-color-5)","background-image":"","background-repeat":"repeat","background-position":"center center","background-size":"auto","background-attachment":"scroll","background-type":"","background-media":"","overlay-type":"","overlay-color":"","overlay-opacity":"","overlay-gradient":""},"tablet":{"background-color":"var(--ast-global-color-5)","background-image":"","background-repeat":"repeat","background-position":"center center","background-size":"auto","background-attachment":"scroll","background-type":"","background-media":"","overlay-type":"","overlay-color":"","overlay-opacity":"","overlay-gradient":""},"mobile":{"background-color":"var(--ast-global-color-5)","background-image":"","background-repeat":"repeat","background-position":"center center","background-size":"auto","background-attachment":"scroll","background-type":"","background-media":"","overlay-type":"","overlay-color":"","overlay-opacity":"","overlay-gradient":""}},"footnotes":""},"categories":[1,34,4],"tags":[],"class_list":["post-16182","post","type-post","status-publish","format-standard","hentry","category-general","category-musica","category-portada"],"post_mailing_queue_ids":[],"_links":{"self":[{"href":"https:\/\/agora.xtec.cat\/escolaponent\/wp-json\/wp\/v2\/posts\/16182","targetHints":{"allow":["GET"]}}],"collection":[{"href":"https:\/\/agora.xtec.cat\/escolaponent\/wp-json\/wp\/v2\/posts"}],"about":[{"href":"https:\/\/agora.xtec.cat\/escolaponent\/wp-json\/wp\/v2\/types\/post"}],"author":[{"embeddable":true,"href":"https:\/\/agora.xtec.cat\/escolaponent\/wp-json\/wp\/v2\/users\/1"}],"replies":[{"embeddable":true,"href":"https:\/\/agora.xtec.cat\/escolaponent\/wp-json\/wp\/v2\/comments?post=16182"}],"version-history":[{"count":2,"href":"https:\/\/agora.xtec.cat\/escolaponent\/wp-json\/wp\/v2\/posts\/16182\/revisions"}],"predecessor-version":[{"id":16184,"href":"https:\/\/agora.xtec.cat\/escolaponent\/wp-json\/wp\/v2\/posts\/16182\/revisions\/16184"}],"wp:attachment":[{"href":"https:\/\/agora.xtec.cat\/escolaponent\/wp-json\/wp\/v2\/media?parent=16182"}],"wp:term":[{"taxonomy":"category","embeddable":true,"href":"https:\/\/agora.xtec.cat\/escolaponent\/wp-json\/wp\/v2\/categories?post=16182"},{"taxonomy":"post_tag","embeddable":true,"href":"https:\/\/agora.xtec.cat\/escolaponent\/wp-json\/wp\/v2\/tags?post=16182"}],"curies":[{"name":"wp","href":"https:\/\/api.w.org\/{rel}","templated":true}]}}