{"id":15979,"date":"2022-04-06T14:47:14","date_gmt":"2022-04-06T12:47:14","guid":{"rendered":"https:\/\/agora.xtec.cat\/escolaponent\/?p=15979"},"modified":"2022-04-06T14:47:14","modified_gmt":"2022-04-06T12:47:14","slug":"concert-6e-els-compositors-entren-a-laula","status":"publish","type":"post","link":"https:\/\/agora.xtec.cat\/escolaponent\/general\/concert-6e-els-compositors-entren-a-laula\/","title":{"rendered":"Concert 6\u00e8: Els compositors entren a l&#8217;aula"},"content":{"rendered":"<p>Avui l&#8217;alumnat de 6\u00e8 ha portat a terme el concert del projecte: <strong><em>&#8220;Els compositors entren a l&#8217;aula&#8221;.<\/em><\/strong><\/p>\n<p>Aquest projecte parteix d&#8217;un an\u00e0lisi d&#8217;una obra d&#8217;un compositor contemporani, en aquest cas <strong>JOAN MAGRAN\u00c9.<\/strong><\/p>\n<p>A partir del treball d&#8217;aquesta obra els alumnes han creat la seva composici\u00f3. En Joan Magran\u00e9 ens va venir a visitar i ens va ajudar a millorar les composicions. Avui hem anat a <strong>l&#8217;Auditori de Barcelona a interpretar les nostres obres.<\/strong><\/p>\n<p><strong>Ha estat una experi\u00e8ncia molt intensa i impactant. Cal felicitar especialment a tots els alumnes per tot el proc\u00e9s i pel bon concert que avui ens han ofert. La veritat que ha estat un resultat espectacular. Tamb\u00e9 cal destacar la seva excel\u00b7lent actitud.<\/strong><\/p>\n<p><strong>Enhorabona 6\u00e8!<\/strong><\/p>\n<p>Aqu\u00ed teniu les fotos del concert, cliqueu a la imatge (recordeu que necessiteu la contrasenya del web de m\u00fasica).<\/p>\n<p><a href=\"https:\/\/bpujol6.wixsite.com\/musponent\/fotos-i-v%C3%ADdeos\"><img loading=\"lazy\" decoding=\"async\" class=\"aligncenter\" src=\"https:\/\/agora.xtec.cat\/escolaponent\/wp-content\/uploads\/usu881\/2022\/02\/musica_MarcoCazzato-0.jpg\" width=\"344\" height=\"444\" \/><\/a><\/p>\n<p>(Properament intentarem aconseguir la filmaci\u00f3 per poder-la penjar).<\/p>\n","protected":false},"excerpt":{"rendered":"<p>Avui l&#8217;alumnat de 6\u00e8 ha portat a terme el concert del projecte: &#8220;Els compositors entren a l&#8217;aula&#8221;. Aquest projecte parteix d&#8217;un an\u00e0lisi d&#8217;una obra d&#8217;un compositor contemporani, en aquest cas JOAN MAGRAN\u00c9. A partir del treball d&#8217;aquesta obra els alumnes han creat la seva composici\u00f3. En Joan Magran\u00e9 ens va venir a visitar i ens [&hellip;]<\/p>\n","protected":false},"author":1,"featured_media":15660,"comment_status":"open","ping_status":"closed","sticky":false,"template":"","format":"standard","meta":{"_bbp_topic_count":0,"_bbp_reply_count":0,"_bbp_total_topic_count":0,"_bbp_total_reply_count":0,"_bbp_voice_count":0,"_bbp_anonymous_reply_count":0,"_bbp_topic_count_hidden":0,"_bbp_reply_count_hidden":0,"_bbp_forum_subforum_count":0,"site-sidebar-layout":"default","site-content-layout":"","ast-site-content-layout":"","site-content-style":"default","site-sidebar-style":"default","ast-global-header-display":"","ast-banner-title-visibility":"","ast-main-header-display":"","ast-hfb-above-header-display":"","ast-hfb-below-header-display":"","ast-hfb-mobile-header-display":"","site-post-title":"","ast-breadcrumbs-content":"","ast-featured-img":"","footer-sml-layout":"","theme-transparent-header-meta":"","adv-header-id-meta":"","stick-header-meta":"","header-above-stick-meta":"","header-main-stick-meta":"","header-below-stick-meta":"","astra-migrate-meta-layouts":"default","ast-page-background-enabled":"default","ast-page-background-meta":{"desktop":{"background-color":"var(--ast-global-color-4)","background-image":"","background-repeat":"repeat","background-position":"center center","background-size":"auto","background-attachment":"scroll","background-type":"","background-media":"","overlay-type":"","overlay-color":"","overlay-opacity":"","overlay-gradient":""},"tablet":{"background-color":"","background-image":"","background-repeat":"repeat","background-position":"center center","background-size":"auto","background-attachment":"scroll","background-type":"","background-media":"","overlay-type":"","overlay-color":"","overlay-opacity":"","overlay-gradient":""},"mobile":{"background-color":"","background-image":"","background-repeat":"repeat","background-position":"center center","background-size":"auto","background-attachment":"scroll","background-type":"","background-media":"","overlay-type":"","overlay-color":"","overlay-opacity":"","overlay-gradient":""}},"ast-content-background-meta":{"desktop":{"background-color":"var(--ast-global-color-5)","background-image":"","background-repeat":"repeat","background-position":"center center","background-size":"auto","background-attachment":"scroll","background-type":"","background-media":"","overlay-type":"","overlay-color":"","overlay-opacity":"","overlay-gradient":""},"tablet":{"background-color":"var(--ast-global-color-5)","background-image":"","background-repeat":"repeat","background-position":"center center","background-size":"auto","background-attachment":"scroll","background-type":"","background-media":"","overlay-type":"","overlay-color":"","overlay-opacity":"","overlay-gradient":""},"mobile":{"background-color":"var(--ast-global-color-5)","background-image":"","background-repeat":"repeat","background-position":"center center","background-size":"auto","background-attachment":"scroll","background-type":"","background-media":"","overlay-type":"","overlay-color":"","overlay-opacity":"","overlay-gradient":""}},"footnotes":""},"categories":[1,34,4],"tags":[],"class_list":["post-15979","post","type-post","status-publish","format-standard","has-post-thumbnail","hentry","category-general","category-musica","category-portada"],"post_mailing_queue_ids":[],"_links":{"self":[{"href":"https:\/\/agora.xtec.cat\/escolaponent\/wp-json\/wp\/v2\/posts\/15979","targetHints":{"allow":["GET"]}}],"collection":[{"href":"https:\/\/agora.xtec.cat\/escolaponent\/wp-json\/wp\/v2\/posts"}],"about":[{"href":"https:\/\/agora.xtec.cat\/escolaponent\/wp-json\/wp\/v2\/types\/post"}],"author":[{"embeddable":true,"href":"https:\/\/agora.xtec.cat\/escolaponent\/wp-json\/wp\/v2\/users\/1"}],"replies":[{"embeddable":true,"href":"https:\/\/agora.xtec.cat\/escolaponent\/wp-json\/wp\/v2\/comments?post=15979"}],"version-history":[{"count":2,"href":"https:\/\/agora.xtec.cat\/escolaponent\/wp-json\/wp\/v2\/posts\/15979\/revisions"}],"predecessor-version":[{"id":15982,"href":"https:\/\/agora.xtec.cat\/escolaponent\/wp-json\/wp\/v2\/posts\/15979\/revisions\/15982"}],"wp:featuredmedia":[{"embeddable":true,"href":"https:\/\/agora.xtec.cat\/escolaponent\/wp-json\/wp\/v2\/media\/15660"}],"wp:attachment":[{"href":"https:\/\/agora.xtec.cat\/escolaponent\/wp-json\/wp\/v2\/media?parent=15979"}],"wp:term":[{"taxonomy":"category","embeddable":true,"href":"https:\/\/agora.xtec.cat\/escolaponent\/wp-json\/wp\/v2\/categories?post=15979"},{"taxonomy":"post_tag","embeddable":true,"href":"https:\/\/agora.xtec.cat\/escolaponent\/wp-json\/wp\/v2\/tags?post=15979"}],"curies":[{"name":"wp","href":"https:\/\/api.w.org\/{rel}","templated":true}]}}