{"id":15770,"date":"2022-02-24T16:26:33","date_gmt":"2022-02-24T15:26:33","guid":{"rendered":"https:\/\/agora.xtec.cat\/escolaponent\/?p=15770"},"modified":"2022-02-24T16:31:26","modified_gmt":"2022-02-24T15:31:26","slug":"concert-planeta-clarinet","status":"publish","type":"post","link":"https:\/\/agora.xtec.cat\/escolaponent\/portada\/concert-planeta-clarinet\/","title":{"rendered":"Concert Planeta Clarinet"},"content":{"rendered":"<p style=\"text-align: left\">Dimarts dia 21 de febrer els grups de <strong>2n<\/strong> varem anar a l&#8217;<strong>Auditori de Barcelona<\/strong> a escoltar el concert:<\/p>\n<h6 style=\"text-align: left\"><strong>PLANETA CLARINET.<\/strong><\/h6>\n<p style=\"text-align: left\">Hav\u00edem treballat les obres del concert a la classe de m\u00fasica i ens va agradar molt\u00edssim!!!!<\/p>\n<p style=\"text-align: left\">Si voleu veure les fotos cliqueu sobre la imatge (recordeu que necessiteu la contrasenya que us vam enviar!)<\/p>\n<p style=\"text-align: center\"><a href=\"https:\/\/bpujol6.wixsite.com\/musponent\/fotos-i-v%C3%ADdeos\"><img loading=\"lazy\" decoding=\"async\" class=\"size-full wp-image-15772 alignleft\" src=\"https:\/\/agora.xtec.cat\/escolaponent\/wp-content\/uploads\/usu881\/2022\/02\/Planeta-Clarinet.jpg\" alt=\"\" width=\"630\" height=\"404\" srcset=\"https:\/\/agora.xtec.cat\/escolaponent\/wp-content\/uploads\/usu881\/2022\/02\/Planeta-Clarinet.jpg 630w, https:\/\/agora.xtec.cat\/escolaponent\/wp-content\/uploads\/usu881\/2022\/02\/Planeta-Clarinet-300x192.jpg 300w\" sizes=\"auto, (max-width: 630px) 100vw, 630px\" \/><\/a><\/p>\n<p>&nbsp;<\/p>\n<p>&nbsp;<\/p>\n<div class=\"ast-oembed-container \" style=\"height: 100%;\"><iframe loading=\"lazy\" title=\"Planeta Clarinet | A partir de 2 anys\" width=\"500\" height=\"281\" src=\"https:\/\/www.youtube.com\/embed\/-oSsUQzudPE?feature=oembed\" frameborder=\"0\" allow=\"accelerometer; autoplay; clipboard-write; encrypted-media; gyroscope; picture-in-picture; web-share\" referrerpolicy=\"strict-origin-when-cross-origin\" allowfullscreen><\/iframe><\/div>\n<p>&nbsp;<\/p>\n","protected":false},"excerpt":{"rendered":"<p>Dimarts dia 21 de febrer els grups de 2n varem anar a l&#8217;Auditori de Barcelona a escoltar el concert: PLANETA CLARINET. Hav\u00edem treballat les obres del concert a la classe de m\u00fasica i ens va agradar molt\u00edssim!!!! Si voleu veure les fotos cliqueu sobre la imatge (recordeu que necessiteu la contrasenya que us vam enviar!) [&hellip;]<\/p>\n","protected":false},"author":1,"featured_media":15772,"comment_status":"open","ping_status":"closed","sticky":false,"template":"","format":"standard","meta":{"_bbp_topic_count":0,"_bbp_reply_count":0,"_bbp_total_topic_count":0,"_bbp_total_reply_count":0,"_bbp_voice_count":0,"_bbp_anonymous_reply_count":0,"_bbp_topic_count_hidden":0,"_bbp_reply_count_hidden":0,"_bbp_forum_subforum_count":0,"site-sidebar-layout":"default","site-content-layout":"","ast-site-content-layout":"","site-content-style":"default","site-sidebar-style":"default","ast-global-header-display":"","ast-banner-title-visibility":"","ast-main-header-display":"","ast-hfb-above-header-display":"","ast-hfb-below-header-display":"","ast-hfb-mobile-header-display":"","site-post-title":"","ast-breadcrumbs-content":"","ast-featured-img":"","footer-sml-layout":"","theme-transparent-header-meta":"","adv-header-id-meta":"","stick-header-meta":"","header-above-stick-meta":"","header-main-stick-meta":"","header-below-stick-meta":"","astra-migrate-meta-layouts":"default","ast-page-background-enabled":"default","ast-page-background-meta":{"desktop":{"background-color":"var(--ast-global-color-4)","background-image":"","background-repeat":"repeat","background-position":"center center","background-size":"auto","background-attachment":"scroll","background-type":"","background-media":"","overlay-type":"","overlay-color":"","overlay-opacity":"","overlay-gradient":""},"tablet":{"background-color":"","background-image":"","background-repeat":"repeat","background-position":"center center","background-size":"auto","background-attachment":"scroll","background-type":"","background-media":"","overlay-type":"","overlay-color":"","overlay-opacity":"","overlay-gradient":""},"mobile":{"background-color":"","background-image":"","background-repeat":"repeat","background-position":"center center","background-size":"auto","background-attachment":"scroll","background-type":"","background-media":"","overlay-type":"","overlay-color":"","overlay-opacity":"","overlay-gradient":""}},"ast-content-background-meta":{"desktop":{"background-color":"var(--ast-global-color-5)","background-image":"","background-repeat":"repeat","background-position":"center center","background-size":"auto","background-attachment":"scroll","background-type":"","background-media":"","overlay-type":"","overlay-color":"","overlay-opacity":"","overlay-gradient":""},"tablet":{"background-color":"var(--ast-global-color-5)","background-image":"","background-repeat":"repeat","background-position":"center center","background-size":"auto","background-attachment":"scroll","background-type":"","background-media":"","overlay-type":"","overlay-color":"","overlay-opacity":"","overlay-gradient":""},"mobile":{"background-color":"var(--ast-global-color-5)","background-image":"","background-repeat":"repeat","background-position":"center center","background-size":"auto","background-attachment":"scroll","background-type":"","background-media":"","overlay-type":"","overlay-color":"","overlay-opacity":"","overlay-gradient":""}},"footnotes":""},"categories":[194,34,4],"tags":[],"class_list":["post-15770","post","type-post","status-publish","format-standard","has-post-thumbnail","hentry","category-sise","category-musica","category-portada"],"post_mailing_queue_ids":[],"_links":{"self":[{"href":"https:\/\/agora.xtec.cat\/escolaponent\/wp-json\/wp\/v2\/posts\/15770","targetHints":{"allow":["GET"]}}],"collection":[{"href":"https:\/\/agora.xtec.cat\/escolaponent\/wp-json\/wp\/v2\/posts"}],"about":[{"href":"https:\/\/agora.xtec.cat\/escolaponent\/wp-json\/wp\/v2\/types\/post"}],"author":[{"embeddable":true,"href":"https:\/\/agora.xtec.cat\/escolaponent\/wp-json\/wp\/v2\/users\/1"}],"replies":[{"embeddable":true,"href":"https:\/\/agora.xtec.cat\/escolaponent\/wp-json\/wp\/v2\/comments?post=15770"}],"version-history":[{"count":3,"href":"https:\/\/agora.xtec.cat\/escolaponent\/wp-json\/wp\/v2\/posts\/15770\/revisions"}],"predecessor-version":[{"id":15779,"href":"https:\/\/agora.xtec.cat\/escolaponent\/wp-json\/wp\/v2\/posts\/15770\/revisions\/15779"}],"wp:featuredmedia":[{"embeddable":true,"href":"https:\/\/agora.xtec.cat\/escolaponent\/wp-json\/wp\/v2\/media\/15772"}],"wp:attachment":[{"href":"https:\/\/agora.xtec.cat\/escolaponent\/wp-json\/wp\/v2\/media?parent=15770"}],"wp:term":[{"taxonomy":"category","embeddable":true,"href":"https:\/\/agora.xtec.cat\/escolaponent\/wp-json\/wp\/v2\/categories?post=15770"},{"taxonomy":"post_tag","embeddable":true,"href":"https:\/\/agora.xtec.cat\/escolaponent\/wp-json\/wp\/v2\/tags?post=15770"}],"curies":[{"name":"wp","href":"https:\/\/api.w.org\/{rel}","templated":true}]}}