{"id":15728,"date":"2022-02-18T12:57:09","date_gmt":"2022-02-18T11:57:09","guid":{"rendered":"https:\/\/agora.xtec.cat\/escolaponent\/?p=15728"},"modified":"2022-02-18T12:58:11","modified_gmt":"2022-02-18T11:58:11","slug":"ponent-participa-al-concurs-de-dibuix-escolar-bbva","status":"publish","type":"post","link":"https:\/\/agora.xtec.cat\/escolaponent\/general\/ponent-participa-al-concurs-de-dibuix-escolar-bbva\/","title":{"rendered":"PONENT PARTICIPA AL CONCURS DE DIBUIX ESCOLAR BBVA!"},"content":{"rendered":"<p>Bona tarda, fam\u00edlies!<\/p>\n<p>Des de l&#8217;\u00e0rea de <strong>Visual i Pl\u00e0stica<\/strong> s&#8217;ha decidit participar en el 41\u00e8 concurs de dibuix escolar que organitza la Fundaci\u00f3 Antigues Caixes Catalanes, amb el suport del BBVA.<\/p>\n<p>Per saber qu\u00e8 dibuixar, ens van entregar 6 contes relacionats amb la protecci\u00f3 del medi ambient. Aix\u00ed doncs, els dibuixos havien de girar entorn aquesta tem\u00e0tica i estar relacionats amb la hist\u00f2ria que ens presenten.<\/p>\n<p>El concurs s&#8217;ha dividit en dues categories:<\/p>\n<ul>\n<li>Primera categoria: 1r, 2n i 3r curs de prim\u00e0ria.<\/li>\n<li>Segona categoria: 4t, 5\u00e8 i 6\u00e8 curs de prim\u00e0ria.<\/li>\n<\/ul>\n<p>A partir d&#8217;aqu\u00ed, de cada conte, hem escollit un dibuix de cada categoria.<br \/>\nDespr\u00e9s de la dif\u00edcil elecci\u00f3 dels dibuixos que hi participaran, a continuaci\u00f3 us presentem aquells que representaran la nostra escola en el concurs:<\/p>\n<p><a href=\"https:\/\/agora.xtec.cat\/escolaponent\/wp-content\/uploads\/usu881\/2022\/02\/InShot_20220218_123006276.jpg\"><img loading=\"lazy\" decoding=\"async\" class=\"alignnone wp-image-15731\" src=\"https:\/\/agora.xtec.cat\/escolaponent\/wp-content\/uploads\/usu881\/2022\/02\/InShot_20220218_123006276-890x1024.jpg\" alt=\"\" width=\"241\" height=\"277\" srcset=\"https:\/\/agora.xtec.cat\/escolaponent\/wp-content\/uploads\/usu881\/2022\/02\/InShot_20220218_123006276-890x1024.jpg 890w, https:\/\/agora.xtec.cat\/escolaponent\/wp-content\/uploads\/usu881\/2022\/02\/InShot_20220218_123006276-261x300.jpg 261w, https:\/\/agora.xtec.cat\/escolaponent\/wp-content\/uploads\/usu881\/2022\/02\/InShot_20220218_123006276-768x884.jpg 768w, https:\/\/agora.xtec.cat\/escolaponent\/wp-content\/uploads\/usu881\/2022\/02\/InShot_20220218_123006276-1335x1536.jpg 1335w, https:\/\/agora.xtec.cat\/escolaponent\/wp-content\/uploads\/usu881\/2022\/02\/InShot_20220218_123006276.jpg 1645w\" sizes=\"auto, (max-width: 241px) 100vw, 241px\" \/><\/a> <a href=\"https:\/\/agora.xtec.cat\/escolaponent\/wp-content\/uploads\/usu881\/2022\/02\/InShot_20220218_123226404.jpg\"><img loading=\"lazy\" decoding=\"async\" class=\"alignnone wp-image-15732\" src=\"https:\/\/agora.xtec.cat\/escolaponent\/wp-content\/uploads\/usu881\/2022\/02\/InShot_20220218_123226404-900x1024.jpg\" alt=\"\" width=\"246\" height=\"280\" srcset=\"https:\/\/agora.xtec.cat\/escolaponent\/wp-content\/uploads\/usu881\/2022\/02\/InShot_20220218_123226404-900x1024.jpg 900w, https:\/\/agora.xtec.cat\/escolaponent\/wp-content\/uploads\/usu881\/2022\/02\/InShot_20220218_123226404-264x300.jpg 264w, https:\/\/agora.xtec.cat\/escolaponent\/wp-content\/uploads\/usu881\/2022\/02\/InShot_20220218_123226404-768x874.jpg 768w, https:\/\/agora.xtec.cat\/escolaponent\/wp-content\/uploads\/usu881\/2022\/02\/InShot_20220218_123226404-1350x1536.jpg 1350w, https:\/\/agora.xtec.cat\/escolaponent\/wp-content\/uploads\/usu881\/2022\/02\/InShot_20220218_123226404.jpg 1688w\" sizes=\"auto, (max-width: 246px) 100vw, 246px\" \/><\/a><\/p>\n<p><a href=\"https:\/\/agora.xtec.cat\/escolaponent\/wp-content\/uploads\/usu881\/2022\/02\/InShot_20220218_123430605.jpg\"><img loading=\"lazy\" decoding=\"async\" class=\"alignnone wp-image-15733\" src=\"https:\/\/agora.xtec.cat\/escolaponent\/wp-content\/uploads\/usu881\/2022\/02\/InShot_20220218_123430605-909x1024.jpg\" alt=\"\" width=\"250\" height=\"282\" srcset=\"https:\/\/agora.xtec.cat\/escolaponent\/wp-content\/uploads\/usu881\/2022\/02\/InShot_20220218_123430605-909x1024.jpg 909w, https:\/\/agora.xtec.cat\/escolaponent\/wp-content\/uploads\/usu881\/2022\/02\/InShot_20220218_123430605-266x300.jpg 266w, https:\/\/agora.xtec.cat\/escolaponent\/wp-content\/uploads\/usu881\/2022\/02\/InShot_20220218_123430605-768x865.jpg 768w, https:\/\/agora.xtec.cat\/escolaponent\/wp-content\/uploads\/usu881\/2022\/02\/InShot_20220218_123430605-1363x1536.jpg 1363w, https:\/\/agora.xtec.cat\/escolaponent\/wp-content\/uploads\/usu881\/2022\/02\/InShot_20220218_123430605.jpg 1703w\" sizes=\"auto, (max-width: 250px) 100vw, 250px\" \/><\/a><\/p>\n<p style=\"text-align: center\"><em>S\u00f3n dibuixos fets per dos alumnes de 1r, dos alumnes de 2n, 2 alumnes de 3r, tres alumnes de 4t, un alumne de 5\u00e8 i dos alumnes de 6\u00e8.<\/em><\/p>\n<p>L&#8217;escola Ponent us desitja molta sort en aquest concurs, tots i totes sou uns <strong>s\u00faper artistes<\/strong>!<\/p>\n<p>Quan sapiguem els resultats del concurs, us informarem. Si voleu saber m\u00e9s en relaci\u00f3 al concurs, cliqueu a l&#8217;enlla\u00e7:<\/p>\n<blockquote class=\"wp-embedded-content\" data-secret=\"ELc9bjZqFz\"><p><a href=\"https:\/\/www.fcaixescatalanes.cat\/es\/premi\/concurso-dibujo-escolar\/\">Concurso BBVA de Dibujo Escolar<\/a><\/p><\/blockquote>\n<p><iframe loading=\"lazy\" class=\"wp-embedded-content\" sandbox=\"allow-scripts\" security=\"restricted\" style=\"position: absolute; clip: rect(1px, 1px, 1px, 1px);\" title=\"&#8220;Concurso BBVA de Dibujo Escolar&#8221; &#8212; FACC\" src=\"https:\/\/www.fcaixescatalanes.cat\/es\/premi\/concurso-dibujo-escolar\/embed\/#?secret=VoCA272xOr#?secret=ELc9bjZqFz\" data-secret=\"ELc9bjZqFz\" width=\"500\" height=\"282\" frameborder=\"0\" marginwidth=\"0\" marginheight=\"0\" scrolling=\"no\"><\/iframe><\/p>\n","protected":false},"excerpt":{"rendered":"<p>Bona tarda, fam\u00edlies! Des de l&#8217;\u00e0rea de Visual i Pl\u00e0stica s&#8217;ha decidit participar en el 41\u00e8 concurs de dibuix escolar que organitza la Fundaci\u00f3 Antigues Caixes Catalanes, amb el suport del BBVA. Per saber qu\u00e8 dibuixar, ens van entregar 6 contes relacionats amb la protecci\u00f3 del medi ambient. Aix\u00ed doncs, els dibuixos havien de girar [&hellip;]<\/p>\n","protected":false},"author":1,"featured_media":0,"comment_status":"open","ping_status":"closed","sticky":false,"template":"","format":"standard","meta":{"_bbp_topic_count":0,"_bbp_reply_count":0,"_bbp_total_topic_count":0,"_bbp_total_reply_count":0,"_bbp_voice_count":0,"_bbp_anonymous_reply_count":0,"_bbp_topic_count_hidden":0,"_bbp_reply_count_hidden":0,"_bbp_forum_subforum_count":0,"site-sidebar-layout":"default","site-content-layout":"","ast-site-content-layout":"","site-content-style":"default","site-sidebar-style":"default","ast-global-header-display":"","ast-banner-title-visibility":"","ast-main-header-display":"","ast-hfb-above-header-display":"","ast-hfb-below-header-display":"","ast-hfb-mobile-header-display":"","site-post-title":"","ast-breadcrumbs-content":"","ast-featured-img":"","footer-sml-layout":"","theme-transparent-header-meta":"","adv-header-id-meta":"","stick-header-meta":"","header-above-stick-meta":"","header-main-stick-meta":"","header-below-stick-meta":"","astra-migrate-meta-layouts":"default","ast-page-background-enabled":"default","ast-page-background-meta":{"desktop":{"background-color":"var(--ast-global-color-4)","background-image":"","background-repeat":"repeat","background-position":"center center","background-size":"auto","background-attachment":"scroll","background-type":"","background-media":"","overlay-type":"","overlay-color":"","overlay-opacity":"","overlay-gradient":""},"tablet":{"background-color":"","background-image":"","background-repeat":"repeat","background-position":"center center","background-size":"auto","background-attachment":"scroll","background-type":"","background-media":"","overlay-type":"","overlay-color":"","overlay-opacity":"","overlay-gradient":""},"mobile":{"background-color":"","background-image":"","background-repeat":"repeat","background-position":"center center","background-size":"auto","background-attachment":"scroll","background-type":"","background-media":"","overlay-type":"","overlay-color":"","overlay-opacity":"","overlay-gradient":""}},"ast-content-background-meta":{"desktop":{"background-color":"var(--ast-global-color-5)","background-image":"","background-repeat":"repeat","background-position":"center center","background-size":"auto","background-attachment":"scroll","background-type":"","background-media":"","overlay-type":"","overlay-color":"","overlay-opacity":"","overlay-gradient":""},"tablet":{"background-color":"var(--ast-global-color-5)","background-image":"","background-repeat":"repeat","background-position":"center center","background-size":"auto","background-attachment":"scroll","background-type":"","background-media":"","overlay-type":"","overlay-color":"","overlay-opacity":"","overlay-gradient":""},"mobile":{"background-color":"var(--ast-global-color-5)","background-image":"","background-repeat":"repeat","background-position":"center center","background-size":"auto","background-attachment":"scroll","background-type":"","background-media":"","overlay-type":"","overlay-color":"","overlay-opacity":"","overlay-gradient":""}},"footnotes":""},"categories":[207,194,33,9,8,3,1,92,4,5],"tags":[160,256,276,297,329],"class_list":["post-15728","post","type-post","status-publish","format-standard","hentry","category-cinque","category-sise","category-vip-visual-i-plastica","category-ex2223","category-ex","category-exalumnes-sise-2526","category-general","category-menu","category-portada","category-primaria","tag-concurs","tag-dibuixar","tag-educacio-primaria","tag-escola-ponent","tag-visual-i-plastica"],"post_mailing_queue_ids":[],"_links":{"self":[{"href":"https:\/\/agora.xtec.cat\/escolaponent\/wp-json\/wp\/v2\/posts\/15728","targetHints":{"allow":["GET"]}}],"collection":[{"href":"https:\/\/agora.xtec.cat\/escolaponent\/wp-json\/wp\/v2\/posts"}],"about":[{"href":"https:\/\/agora.xtec.cat\/escolaponent\/wp-json\/wp\/v2\/types\/post"}],"author":[{"embeddable":true,"href":"https:\/\/agora.xtec.cat\/escolaponent\/wp-json\/wp\/v2\/users\/1"}],"replies":[{"embeddable":true,"href":"https:\/\/agora.xtec.cat\/escolaponent\/wp-json\/wp\/v2\/comments?post=15728"}],"version-history":[{"count":3,"href":"https:\/\/agora.xtec.cat\/escolaponent\/wp-json\/wp\/v2\/posts\/15728\/revisions"}],"predecessor-version":[{"id":15736,"href":"https:\/\/agora.xtec.cat\/escolaponent\/wp-json\/wp\/v2\/posts\/15728\/revisions\/15736"}],"wp:attachment":[{"href":"https:\/\/agora.xtec.cat\/escolaponent\/wp-json\/wp\/v2\/media?parent=15728"}],"wp:term":[{"taxonomy":"category","embeddable":true,"href":"https:\/\/agora.xtec.cat\/escolaponent\/wp-json\/wp\/v2\/categories?post=15728"},{"taxonomy":"post_tag","embeddable":true,"href":"https:\/\/agora.xtec.cat\/escolaponent\/wp-json\/wp\/v2\/tags?post=15728"}],"curies":[{"name":"wp","href":"https:\/\/api.w.org\/{rel}","templated":true}]}}