{"id":15235,"date":"2022-01-14T15:15:11","date_gmt":"2022-01-14T14:15:11","guid":{"rendered":"https:\/\/agora.xtec.cat\/escolaponent\/?p=15235"},"modified":"2022-01-14T15:15:11","modified_gmt":"2022-01-14T14:15:11","slug":"la-cros-escolar-23","status":"publish","type":"post","link":"https:\/\/agora.xtec.cat\/escolaponent\/general\/la-cros-escolar-23\/","title":{"rendered":"La cros escolar 23"},"content":{"rendered":"<p><span style=\"font-weight: 400;\">La cross escolar \u00e9s una activitat esportiva organitzada pel consell esportiu de Terrassa.<\/span><\/p>\n<p><span style=\"font-weight: 400;\">Es va celebrar dissabte al mat\u00ed\u00a0 dia 13 de novembre de 2021.<\/span><\/p>\n<p><span style=\"font-weight: 400;\">Van comen\u00e7ar a corre els de 4t d&#8217;ESO fins a primer de primaria. Els primers de la escola van ser els de sis\u00e8. Despr\u00e9s els de cinqu\u00e8. I aix\u00ed successivament fins els de primer . M\u00e9s o menys van participar uns vuitanta alumnes de la escola. Les curces eren mixtes hi havia dos torns. despr\u00e9s et donaven una poma, una ampolla d\u2019aigua i una medalla.<\/span><\/p>\n<p><span style=\"font-weight: 400;\">Va ser una activitat molt divertida i recomanable.<\/span><\/p>\n<p>23\/10\/2021<\/p>\n<div aria-hidden=\"true\">\n<div class=\"aSG\"><\/div>\n<div class=\"aVY aZn\">\n<div class=\"aZm\"><\/div>\n<\/div>\n<div class=\"aSH\">\n<p><img decoding=\"async\" class=\"aLF-aPX-J1-J3\" src=\"https:\/\/mail.google.com\/mail\/u\/0?ui=2&amp;ik=d3f355369b&amp;attid=0.1&amp;permmsgid=msg-f:1716838168483118690&amp;th=17d36f37d144be62&amp;view=fimg&amp;realattid=17d36f2e7a9898662761&amp;disp=thd&amp;attbid=ANGjdJ9ozUf-Z5VoDDeoLY2EuySYNoSm4-cUliQEZCyOjPA1Ndgbnw0BC8T2iBcaNjmGqvssEQDmb__db2fmQBd9gJQrn_T-btabC1KEc2YqqEnx5RBQVxOWAq330uk&amp;ats=2524608000000&amp;sz=w1366-h660\" alt=\"Es mostra 20211113_110432.jpg.\" aria-hidden=\"true\" \/><\/p>\n<div id=\":hg\" class=\"aYv\"><\/div>\n<\/div>\n<div class=\"aSI\">\n<div id=\":hh\" class=\"aSJ\"><\/div>\n<\/div>\n<\/div>\n","protected":false},"excerpt":{"rendered":"<p>La cross escolar \u00e9s una activitat esportiva organitzada pel consell esportiu de Terrassa. Es va celebrar dissabte al mat\u00ed\u00a0 dia 13 de novembre de 2021. Van comen\u00e7ar a corre els de 4t d&#8217;ESO fins a primer de primaria. Els primers de la escola van ser els de sis\u00e8. Despr\u00e9s els de cinqu\u00e8. I aix\u00ed successivament [&hellip;]<\/p>\n","protected":false},"author":1,"featured_media":15254,"comment_status":"open","ping_status":"closed","sticky":false,"template":"","format":"standard","meta":{"_bbp_topic_count":0,"_bbp_reply_count":0,"_bbp_total_topic_count":0,"_bbp_total_reply_count":0,"_bbp_voice_count":0,"_bbp_anonymous_reply_count":0,"_bbp_topic_count_hidden":0,"_bbp_reply_count_hidden":0,"_bbp_forum_subforum_count":0,"site-sidebar-layout":"default","site-content-layout":"","ast-site-content-layout":"","site-content-style":"default","site-sidebar-style":"default","ast-global-header-display":"","ast-banner-title-visibility":"","ast-main-header-display":"","ast-hfb-above-header-display":"","ast-hfb-below-header-display":"","ast-hfb-mobile-header-display":"","site-post-title":"","ast-breadcrumbs-content":"","ast-featured-img":"","footer-sml-layout":"","theme-transparent-header-meta":"","adv-header-id-meta":"","stick-header-meta":"","header-above-stick-meta":"","header-main-stick-meta":"","header-below-stick-meta":"","astra-migrate-meta-layouts":"default","ast-page-background-enabled":"default","ast-page-background-meta":{"desktop":{"background-color":"var(--ast-global-color-4)","background-image":"","background-repeat":"repeat","background-position":"center center","background-size":"auto","background-attachment":"scroll","background-type":"","background-media":"","overlay-type":"","overlay-color":"","overlay-opacity":"","overlay-gradient":""},"tablet":{"background-color":"","background-image":"","background-repeat":"repeat","background-position":"center center","background-size":"auto","background-attachment":"scroll","background-type":"","background-media":"","overlay-type":"","overlay-color":"","overlay-opacity":"","overlay-gradient":""},"mobile":{"background-color":"","background-image":"","background-repeat":"repeat","background-position":"center center","background-size":"auto","background-attachment":"scroll","background-type":"","background-media":"","overlay-type":"","overlay-color":"","overlay-opacity":"","overlay-gradient":""}},"ast-content-background-meta":{"desktop":{"background-color":"var(--ast-global-color-5)","background-image":"","background-repeat":"repeat","background-position":"center center","background-size":"auto","background-attachment":"scroll","background-type":"","background-media":"","overlay-type":"","overlay-color":"","overlay-opacity":"","overlay-gradient":""},"tablet":{"background-color":"var(--ast-global-color-5)","background-image":"","background-repeat":"repeat","background-position":"center center","background-size":"auto","background-attachment":"scroll","background-type":"","background-media":"","overlay-type":"","overlay-color":"","overlay-opacity":"","overlay-gradient":""},"mobile":{"background-color":"var(--ast-global-color-5)","background-image":"","background-repeat":"repeat","background-position":"center center","background-size":"auto","background-attachment":"scroll","background-type":"","background-media":"","overlay-type":"","overlay-color":"","overlay-opacity":"","overlay-gradient":""}},"footnotes":""},"categories":[1,5],"tags":[327,135,276,52],"class_list":["post-15235","post","type-post","status-publish","format-standard","has-post-thumbnail","hentry","category-general","category-primaria","tag-cross-escolar","tag-educacio-fisica","tag-educacio-primaria","tag-sise"],"post_mailing_queue_ids":[],"_links":{"self":[{"href":"https:\/\/agora.xtec.cat\/escolaponent\/wp-json\/wp\/v2\/posts\/15235","targetHints":{"allow":["GET"]}}],"collection":[{"href":"https:\/\/agora.xtec.cat\/escolaponent\/wp-json\/wp\/v2\/posts"}],"about":[{"href":"https:\/\/agora.xtec.cat\/escolaponent\/wp-json\/wp\/v2\/types\/post"}],"author":[{"embeddable":true,"href":"https:\/\/agora.xtec.cat\/escolaponent\/wp-json\/wp\/v2\/users\/1"}],"replies":[{"embeddable":true,"href":"https:\/\/agora.xtec.cat\/escolaponent\/wp-json\/wp\/v2\/comments?post=15235"}],"version-history":[{"count":2,"href":"https:\/\/agora.xtec.cat\/escolaponent\/wp-json\/wp\/v2\/posts\/15235\/revisions"}],"predecessor-version":[{"id":15444,"href":"https:\/\/agora.xtec.cat\/escolaponent\/wp-json\/wp\/v2\/posts\/15235\/revisions\/15444"}],"wp:featuredmedia":[{"embeddable":true,"href":"https:\/\/agora.xtec.cat\/escolaponent\/wp-json\/wp\/v2\/media\/15254"}],"wp:attachment":[{"href":"https:\/\/agora.xtec.cat\/escolaponent\/wp-json\/wp\/v2\/media?parent=15235"}],"wp:term":[{"taxonomy":"category","embeddable":true,"href":"https:\/\/agora.xtec.cat\/escolaponent\/wp-json\/wp\/v2\/categories?post=15235"},{"taxonomy":"post_tag","embeddable":true,"href":"https:\/\/agora.xtec.cat\/escolaponent\/wp-json\/wp\/v2\/tags?post=15235"}],"curies":[{"name":"wp","href":"https:\/\/api.w.org\/{rel}","templated":true}]}}