{"id":15234,"date":"2022-01-14T15:15:32","date_gmt":"2022-01-14T14:15:32","guid":{"rendered":"https:\/\/agora.xtec.cat\/escolaponent\/?p=15234"},"modified":"2022-01-18T10:43:59","modified_gmt":"2022-01-18T09:43:59","slug":"els-calendaris","status":"publish","type":"post","link":"https:\/\/agora.xtec.cat\/escolaponent\/general\/els-calendaris\/","title":{"rendered":"ELS CALENDARIS"},"content":{"rendered":"<p>Hola! Em dic C\u00e9sar. Avui us parlar\u00e9 d&#8217;un treball que hem fet a l&#8217;hora de tutoria. Cada nen o nena es fa el seu calendari. Al calendari hav\u00edem de posar que llegim cada dia m\u00ednim 20 minuts, els extraescolars, <span class=\"hiddenGrammarError\" style=\"padding-bottom: 2px; background-image: url('..\/..\/..\/..\/..\/images\/squiggle.png'); background-position: left bottom; cursor: default; color: #000000; font-family: 'Open Sans', Helvetica, Arial, sans-serif; font-size: 16px; font-style: normal; font-weight: 300; letter-spacing: normal; text-align: start; text-indent: 0px; text-transform: none;\">a<\/span>\u00a0quina hora vas a\u00a0dormir, tamb\u00e9 a quina hora ens dutxem, i temps d&#8217;estudi.<br \/>\nCada persona ha pintat cada cosa de diferents color com per exemple: els deures ho pintem de color blau clar, llegir de color vermell, el futbol (si teniu extraescolar) verd, la dutxa de color taronja i aix\u00ed cada apartat d&#8217;un color, no es pot repetir el color.<br \/>\nServeix\u00a0perqu\u00e8\u00a0els\u00a0professors\u00a0o\u00a0professores\u00a0pugin\u00a0veure el que fem tot el dia.<br \/>\nPer exemple:<\/p>\n<div aria-hidden=\"true\">\n<div class=\"aSG\"><a href=\"https:\/\/agora.xtec.cat\/escolaponent\/wp-content\/uploads\/usu881\/2021\/11\/IMG_1092-1-rotated.jpg\"><img loading=\"lazy\" decoding=\"async\" class=\"aligncenter wp-image-15259 size-full\" src=\"https:\/\/agora.xtec.cat\/escolaponent\/wp-content\/uploads\/usu881\/2021\/11\/IMG_1092-1-rotated-e1642499007795.jpg\" alt=\"\" width=\"640\" height=\"480\" srcset=\"https:\/\/agora.xtec.cat\/escolaponent\/wp-content\/uploads\/usu881\/2021\/11\/IMG_1092-1-rotated-e1642499007795.jpg 640w, https:\/\/agora.xtec.cat\/escolaponent\/wp-content\/uploads\/usu881\/2021\/11\/IMG_1092-1-rotated-e1642499007795-300x225.jpg 300w, https:\/\/agora.xtec.cat\/escolaponent\/wp-content\/uploads\/usu881\/2021\/11\/IMG_1092-1-rotated-e1642499007795-200x150.jpg 200w\" sizes=\"auto, (max-width: 640px) 100vw, 640px\" \/><\/a><\/div>\n<div class=\"aVY aZn\">\n<div class=\"aZm\"><\/div>\n<\/div>\n<div class=\"aSH\">\n<p>&nbsp;<\/p>\n<div id=\":113\" class=\"aYv\"><img decoding=\"async\" class=\"aYw aZy\" src=\"https:\/\/ssl.gstatic.com\/ui\/v1\/icons\/mail\/images\/cleardot.gif\" \/><\/div>\n<div id=\":117\" class=\"aYy\">\n<div class=\"aYA\"><\/div>\n<\/div>\n<\/div>\n<div class=\"aSI\">\n<div id=\":112\" class=\"aSJ\"><\/div>\n<\/div>\n<\/div>\n","protected":false},"excerpt":{"rendered":"<p>Hola! Em dic C\u00e9sar. Avui us parlar\u00e9 d&#8217;un treball que hem fet a l&#8217;hora de tutoria. Cada nen o nena es fa el seu calendari. Al calendari hav\u00edem de posar que llegim cada dia m\u00ednim 20 minuts, els extraescolars, a\u00a0quina hora vas a\u00a0dormir, tamb\u00e9 a quina hora ens dutxem, i temps d&#8217;estudi. Cada persona ha [&hellip;]<\/p>\n","protected":false},"author":1,"featured_media":15259,"comment_status":"open","ping_status":"closed","sticky":false,"template":"","format":"standard","meta":{"_bbp_topic_count":0,"_bbp_reply_count":0,"_bbp_total_topic_count":0,"_bbp_total_reply_count":0,"_bbp_voice_count":0,"_bbp_anonymous_reply_count":0,"_bbp_topic_count_hidden":0,"_bbp_reply_count_hidden":0,"_bbp_forum_subforum_count":0,"site-sidebar-layout":"default","site-content-layout":"","ast-site-content-layout":"","site-content-style":"default","site-sidebar-style":"default","ast-global-header-display":"","ast-banner-title-visibility":"","ast-main-header-display":"","ast-hfb-above-header-display":"","ast-hfb-below-header-display":"","ast-hfb-mobile-header-display":"","site-post-title":"","ast-breadcrumbs-content":"","ast-featured-img":"","footer-sml-layout":"","theme-transparent-header-meta":"","adv-header-id-meta":"","stick-header-meta":"","header-above-stick-meta":"","header-main-stick-meta":"","header-below-stick-meta":"","astra-migrate-meta-layouts":"default","ast-page-background-enabled":"default","ast-page-background-meta":{"desktop":{"background-color":"var(--ast-global-color-4)","background-image":"","background-repeat":"repeat","background-position":"center center","background-size":"auto","background-attachment":"scroll","background-type":"","background-media":"","overlay-type":"","overlay-color":"","overlay-opacity":"","overlay-gradient":""},"tablet":{"background-color":"","background-image":"","background-repeat":"repeat","background-position":"center center","background-size":"auto","background-attachment":"scroll","background-type":"","background-media":"","overlay-type":"","overlay-color":"","overlay-opacity":"","overlay-gradient":""},"mobile":{"background-color":"","background-image":"","background-repeat":"repeat","background-position":"center center","background-size":"auto","background-attachment":"scroll","background-type":"","background-media":"","overlay-type":"","overlay-color":"","overlay-opacity":"","overlay-gradient":""}},"ast-content-background-meta":{"desktop":{"background-color":"var(--ast-global-color-5)","background-image":"","background-repeat":"repeat","background-position":"center center","background-size":"auto","background-attachment":"scroll","background-type":"","background-media":"","overlay-type":"","overlay-color":"","overlay-opacity":"","overlay-gradient":""},"tablet":{"background-color":"var(--ast-global-color-5)","background-image":"","background-repeat":"repeat","background-position":"center center","background-size":"auto","background-attachment":"scroll","background-type":"","background-media":"","overlay-type":"","overlay-color":"","overlay-opacity":"","overlay-gradient":""},"mobile":{"background-color":"var(--ast-global-color-5)","background-image":"","background-repeat":"repeat","background-position":"center center","background-size":"auto","background-attachment":"scroll","background-type":"","background-media":"","overlay-type":"","overlay-color":"","overlay-opacity":"","overlay-gradient":""}},"footnotes":""},"categories":[1,4,5],"tags":[328,276,52],"class_list":["post-15234","post","type-post","status-publish","format-standard","has-post-thumbnail","hentry","category-general","category-portada","category-primaria","tag-educacio-amb-valors","tag-educacio-primaria","tag-sise"],"post_mailing_queue_ids":[],"_links":{"self":[{"href":"https:\/\/agora.xtec.cat\/escolaponent\/wp-json\/wp\/v2\/posts\/15234","targetHints":{"allow":["GET"]}}],"collection":[{"href":"https:\/\/agora.xtec.cat\/escolaponent\/wp-json\/wp\/v2\/posts"}],"about":[{"href":"https:\/\/agora.xtec.cat\/escolaponent\/wp-json\/wp\/v2\/types\/post"}],"author":[{"embeddable":true,"href":"https:\/\/agora.xtec.cat\/escolaponent\/wp-json\/wp\/v2\/users\/1"}],"replies":[{"embeddable":true,"href":"https:\/\/agora.xtec.cat\/escolaponent\/wp-json\/wp\/v2\/comments?post=15234"}],"version-history":[{"count":3,"href":"https:\/\/agora.xtec.cat\/escolaponent\/wp-json\/wp\/v2\/posts\/15234\/revisions"}],"predecessor-version":[{"id":15471,"href":"https:\/\/agora.xtec.cat\/escolaponent\/wp-json\/wp\/v2\/posts\/15234\/revisions\/15471"}],"wp:featuredmedia":[{"embeddable":true,"href":"https:\/\/agora.xtec.cat\/escolaponent\/wp-json\/wp\/v2\/media\/15259"}],"wp:attachment":[{"href":"https:\/\/agora.xtec.cat\/escolaponent\/wp-json\/wp\/v2\/media?parent=15234"}],"wp:term":[{"taxonomy":"category","embeddable":true,"href":"https:\/\/agora.xtec.cat\/escolaponent\/wp-json\/wp\/v2\/categories?post=15234"},{"taxonomy":"post_tag","embeddable":true,"href":"https:\/\/agora.xtec.cat\/escolaponent\/wp-json\/wp\/v2\/tags?post=15234"}],"curies":[{"name":"wp","href":"https:\/\/api.w.org\/{rel}","templated":true}]}}