{"id":15231,"date":"2021-11-26T16:10:02","date_gmt":"2021-11-26T15:10:02","guid":{"rendered":"https:\/\/agora.xtec.cat\/escolaponent\/?p=15231"},"modified":"2022-01-14T15:13:54","modified_gmt":"2022-01-14T14:13:54","slug":"ens-vacunen-a-sise","status":"publish","type":"post","link":"https:\/\/agora.xtec.cat\/escolaponent\/general\/ens-vacunen-a-sise\/","title":{"rendered":"ENS VACUNEN A SIS\u00c8!!!"},"content":{"rendered":"<p><span style=\"font-weight: 400;\">Ahir al alumnes de sis\u00e8 ens van vacunar! Despr\u00e9s de moltes setmanes d\u2019espera per fi ens van poder vacunar. Les infermeres van arribar sobre les 10:30 i es van comen\u00e7ar a preparar i a mirar totes les cartilles de vacunaci\u00f3. Per tant ens van vacunar despr\u00e9s del pati. Alguns alumnes estaven molt nerviosos i d\u2019altres intentaven no estar-ho. Ens van punxar a l\u2019hepatitis a tots i la VPH nom\u00e9s a les nenes. Mentre ens punxaven vam fer clase normal. Una vegada vacunats van marxar tots els nervis i ho vam passar molt b\u00e9.\ud83d\udcaa<\/span><\/p>\n<p><a href=\"https:\/\/agora.xtec.cat\/escolaponent\/wp-content\/uploads\/usu881\/2021\/11\/vacunacion-contra-la-covid-19-en-ninos-foto-freepik.jpeg\"><img loading=\"lazy\" decoding=\"async\" class=\"alignnone wp-image-15246\" src=\"https:\/\/agora.xtec.cat\/escolaponent\/wp-content\/uploads\/usu881\/2021\/11\/vacunacion-contra-la-covid-19-en-ninos-foto-freepik-1024x481.jpeg\" alt=\"\" width=\"623\" height=\"293\" srcset=\"https:\/\/agora.xtec.cat\/escolaponent\/wp-content\/uploads\/usu881\/2021\/11\/vacunacion-contra-la-covid-19-en-ninos-foto-freepik-1024x481.jpeg 1024w, https:\/\/agora.xtec.cat\/escolaponent\/wp-content\/uploads\/usu881\/2021\/11\/vacunacion-contra-la-covid-19-en-ninos-foto-freepik-300x141.jpeg 300w, https:\/\/agora.xtec.cat\/escolaponent\/wp-content\/uploads\/usu881\/2021\/11\/vacunacion-contra-la-covid-19-en-ninos-foto-freepik-768x361.jpeg 768w, https:\/\/agora.xtec.cat\/escolaponent\/wp-content\/uploads\/usu881\/2021\/11\/vacunacion-contra-la-covid-19-en-ninos-foto-freepik.jpeg 1200w\" sizes=\"auto, (max-width: 623px) 100vw, 623px\" \/><\/a><\/p>\n","protected":false},"excerpt":{"rendered":"<p>Ahir al alumnes de sis\u00e8 ens van vacunar! Despr\u00e9s de moltes setmanes d\u2019espera per fi ens van poder vacunar. Les infermeres van arribar sobre les 10:30 i es van comen\u00e7ar a preparar i a mirar totes les cartilles de vacunaci\u00f3. Per tant ens van vacunar despr\u00e9s del pati. Alguns alumnes estaven molt nerviosos i d\u2019altres [&hellip;]<\/p>\n","protected":false},"author":1,"featured_media":15246,"comment_status":"open","ping_status":"closed","sticky":false,"template":"","format":"standard","meta":{"_bbp_topic_count":0,"_bbp_reply_count":0,"_bbp_total_topic_count":0,"_bbp_total_reply_count":0,"_bbp_voice_count":0,"_bbp_anonymous_reply_count":0,"_bbp_topic_count_hidden":0,"_bbp_reply_count_hidden":0,"_bbp_forum_subforum_count":0,"site-sidebar-layout":"default","site-content-layout":"","ast-site-content-layout":"","site-content-style":"default","site-sidebar-style":"default","ast-global-header-display":"","ast-banner-title-visibility":"","ast-main-header-display":"","ast-hfb-above-header-display":"","ast-hfb-below-header-display":"","ast-hfb-mobile-header-display":"","site-post-title":"","ast-breadcrumbs-content":"","ast-featured-img":"","footer-sml-layout":"","theme-transparent-header-meta":"","adv-header-id-meta":"","stick-header-meta":"","header-above-stick-meta":"","header-main-stick-meta":"","header-below-stick-meta":"","astra-migrate-meta-layouts":"default","ast-page-background-enabled":"default","ast-page-background-meta":{"desktop":{"background-color":"var(--ast-global-color-4)","background-image":"","background-repeat":"repeat","background-position":"center center","background-size":"auto","background-attachment":"scroll","background-type":"","background-media":"","overlay-type":"","overlay-color":"","overlay-opacity":"","overlay-gradient":""},"tablet":{"background-color":"","background-image":"","background-repeat":"repeat","background-position":"center center","background-size":"auto","background-attachment":"scroll","background-type":"","background-media":"","overlay-type":"","overlay-color":"","overlay-opacity":"","overlay-gradient":""},"mobile":{"background-color":"","background-image":"","background-repeat":"repeat","background-position":"center center","background-size":"auto","background-attachment":"scroll","background-type":"","background-media":"","overlay-type":"","overlay-color":"","overlay-opacity":"","overlay-gradient":""}},"ast-content-background-meta":{"desktop":{"background-color":"var(--ast-global-color-5)","background-image":"","background-repeat":"repeat","background-position":"center center","background-size":"auto","background-attachment":"scroll","background-type":"","background-media":"","overlay-type":"","overlay-color":"","overlay-opacity":"","overlay-gradient":""},"tablet":{"background-color":"var(--ast-global-color-5)","background-image":"","background-repeat":"repeat","background-position":"center center","background-size":"auto","background-attachment":"scroll","background-type":"","background-media":"","overlay-type":"","overlay-color":"","overlay-opacity":"","overlay-gradient":""},"mobile":{"background-color":"var(--ast-global-color-5)","background-image":"","background-repeat":"repeat","background-position":"center center","background-size":"auto","background-attachment":"scroll","background-type":"","background-media":"","overlay-type":"","overlay-color":"","overlay-opacity":"","overlay-gradient":""}},"footnotes":""},"categories":[1,4,5],"tags":[276,324,52,322,323],"class_list":["post-15231","post","type-post","status-publish","format-standard","has-post-thumbnail","hentry","category-general","category-portada","category-primaria","tag-educacio-primaria","tag-hepatitis","tag-sise","tag-vacunes","tag-vph"],"post_mailing_queue_ids":[],"_links":{"self":[{"href":"https:\/\/agora.xtec.cat\/escolaponent\/wp-json\/wp\/v2\/posts\/15231","targetHints":{"allow":["GET"]}}],"collection":[{"href":"https:\/\/agora.xtec.cat\/escolaponent\/wp-json\/wp\/v2\/posts"}],"about":[{"href":"https:\/\/agora.xtec.cat\/escolaponent\/wp-json\/wp\/v2\/types\/post"}],"author":[{"embeddable":true,"href":"https:\/\/agora.xtec.cat\/escolaponent\/wp-json\/wp\/v2\/users\/1"}],"replies":[{"embeddable":true,"href":"https:\/\/agora.xtec.cat\/escolaponent\/wp-json\/wp\/v2\/comments?post=15231"}],"version-history":[{"count":3,"href":"https:\/\/agora.xtec.cat\/escolaponent\/wp-json\/wp\/v2\/posts\/15231\/revisions"}],"predecessor-version":[{"id":15442,"href":"https:\/\/agora.xtec.cat\/escolaponent\/wp-json\/wp\/v2\/posts\/15231\/revisions\/15442"}],"wp:featuredmedia":[{"embeddable":true,"href":"https:\/\/agora.xtec.cat\/escolaponent\/wp-json\/wp\/v2\/media\/15246"}],"wp:attachment":[{"href":"https:\/\/agora.xtec.cat\/escolaponent\/wp-json\/wp\/v2\/media?parent=15231"}],"wp:term":[{"taxonomy":"category","embeddable":true,"href":"https:\/\/agora.xtec.cat\/escolaponent\/wp-json\/wp\/v2\/categories?post=15231"},{"taxonomy":"post_tag","embeddable":true,"href":"https:\/\/agora.xtec.cat\/escolaponent\/wp-json\/wp\/v2\/tags?post=15231"}],"curies":[{"name":"wp","href":"https:\/\/api.w.org\/{rel}","templated":true}]}}