{"id":14957,"date":"2021-10-29T12:19:15","date_gmt":"2021-10-29T10:19:15","guid":{"rendered":"https:\/\/agora.xtec.cat\/escolaponent\/?p=14957"},"modified":"2021-10-29T15:11:59","modified_gmt":"2021-10-29T13:11:59","slug":"cros-escolar-2021","status":"publish","type":"post","link":"https:\/\/agora.xtec.cat\/escolaponent\/general\/cros-escolar-2021\/","title":{"rendered":"Cros escolar 2021"},"content":{"rendered":"<p>Benvolgudes fam\u00edlies:<\/p>\n<p>&nbsp;<\/p>\n<p>El Consell Esportiu del Vall\u00e8s Occidental organitza el Campionat de Cros el proper <strong>dissabte dia 13 de novembre<\/strong> <strong>al circuit de Can Jofresa.<\/strong><\/p>\n<p>&nbsp;<\/p>\n<p>Des de l\u2019\u00e0rea d\u2019educaci\u00f3 f\u00edsica recomanem la participaci\u00f3 de l\u2019alumnat de prim\u00e0ria. <strong>El punt de trobada ser\u00e0 l\u2019entrada de les pistes d\u2019atletisme de Can Jofresa on hi haur\u00e0 una zona habilitada per l\u2019escola Ponent<\/strong>, all\u00e0 recolliran el seu xip i el seu dorsal per despr\u00e9s c\u00f3rrer la cursa. \u00c9s recomana que els nens\/es portin el xandall de l\u2019escola, \u00e9s millor c\u00f3rrer en patal\u00f3 curt.<\/p>\n<p>&nbsp;<\/p>\n<p><a href=\"https:\/\/agora.xtec.cat\/escolaponent\/wp-content\/uploads\/usu881\/2021\/10\/FCi_p1BXoAgy4j-.jpg\"><img loading=\"lazy\" decoding=\"async\" class=\"alignnone size-large wp-image-14958\" src=\"https:\/\/agora.xtec.cat\/escolaponent\/wp-content\/uploads\/usu881\/2021\/10\/FCi_p1BXoAgy4j--1024x1024.jpg\" alt=\"\" width=\"1024\" height=\"1024\" srcset=\"https:\/\/agora.xtec.cat\/escolaponent\/wp-content\/uploads\/usu881\/2021\/10\/FCi_p1BXoAgy4j-.jpg 1024w, https:\/\/agora.xtec.cat\/escolaponent\/wp-content\/uploads\/usu881\/2021\/10\/FCi_p1BXoAgy4j--300x300.jpg 300w, https:\/\/agora.xtec.cat\/escolaponent\/wp-content\/uploads\/usu881\/2021\/10\/FCi_p1BXoAgy4j--150x150.jpg 150w, https:\/\/agora.xtec.cat\/escolaponent\/wp-content\/uploads\/usu881\/2021\/10\/FCi_p1BXoAgy4j--768x768.jpg 768w\" sizes=\"auto, (max-width: 1024px) 100vw, 1024px\" \/><\/a><\/p>\n<p>Horari <strong>provisional<\/strong> de les curses:<\/p>\n<p>&nbsp;<\/p>\n<table>\n<tbody>\n<tr>\n<td width=\"234\">11.00h &#8211; Alev\u00ed (2n any)<\/td>\n<td width=\"63\">M i F<\/td>\n<td width=\"82\">2010<\/td>\n<td width=\"96\">1.250m<\/td>\n<\/tr>\n<tr>\n<td width=\"234\">11.15h &#8211; Alev\u00ed (2n any)<\/td>\n<td width=\"63\">M i F<\/td>\n<td width=\"82\">2010<\/td>\n<td width=\"96\">1.250m<\/td>\n<\/tr>\n<tr>\n<td width=\"234\">11.30h &#8211; Alev\u00ed (1r any)<\/td>\n<td width=\"63\">M i F<\/td>\n<td width=\"82\">2011<\/td>\n<td width=\"96\">1.250m<\/td>\n<\/tr>\n<tr>\n<td width=\"234\">11.45h &#8211; Alev\u00ed (1r any)<\/td>\n<td width=\"63\">M i F<\/td>\n<td width=\"82\">2011<\/td>\n<td width=\"96\">1.250m<\/td>\n<\/tr>\n<tr>\n<td width=\"234\">12.00h &#8211; Benjam\u00ed (2n any)<\/td>\n<td width=\"63\">M i F<\/td>\n<td width=\"82\">2012<\/td>\n<td width=\"96\">1.000m<\/td>\n<\/tr>\n<tr>\n<td width=\"234\">12.10h &#8211; Benjam\u00ed (2n any)<\/td>\n<td width=\"63\">M i F<\/td>\n<td width=\"82\">2012<\/td>\n<td width=\"96\">1.000m<\/td>\n<\/tr>\n<tr>\n<td width=\"234\">12.20h &#8211; Benjam\u00ed (1r any)<\/td>\n<td width=\"63\">M i F<\/td>\n<td width=\"82\">2013<\/td>\n<td width=\"96\">1.000m<\/td>\n<\/tr>\n<tr>\n<td width=\"234\">12.30h &#8211; Benjam\u00ed (1r any)<\/td>\n<td width=\"63\">M i F<\/td>\n<td width=\"82\">2013<\/td>\n<td width=\"96\">1.000m<\/td>\n<\/tr>\n<tr>\n<td width=\"234\">12.40h &#8211; Prebenjam\u00ed (2n any)<\/td>\n<td width=\"63\">M i F<\/td>\n<td width=\"82\">2014<\/td>\n<td width=\"96\">600m<\/td>\n<\/tr>\n<tr>\n<td width=\"234\">12.55h &#8211; Prebenjam\u00ed (2n any)<\/td>\n<td width=\"63\">M i F<\/td>\n<td width=\"82\">2014<\/td>\n<td width=\"96\">600m<\/td>\n<\/tr>\n<tr>\n<td width=\"234\">13.10h &#8211; Prebenjam\u00ed (1r any)<\/td>\n<td width=\"63\">M i F<\/td>\n<td width=\"82\">2015<\/td>\n<td width=\"96\">600m<\/td>\n<\/tr>\n<tr>\n<td width=\"234\">13.25h &#8211; Prebenjam\u00ed (1r any)<\/td>\n<td width=\"63\">M i F<\/td>\n<td width=\"82\">2015<\/td>\n<td width=\"96\">600m<\/td>\n<\/tr>\n<\/tbody>\n<\/table>\n<p>&nbsp;<\/p>\n<p>S\u2019haur\u00e0 d\u2019estar 30 min abans de la cursa \u00a0per escalfar i per recollir el xip i el dorsal.<\/p>\n<p>&nbsp;<\/p>\n<p>Durant la setmana del 8 i 12 de novembre s\u2019informar\u00e0 a les fam\u00edlies de <strong>l\u2019horari definitiu<\/strong>, ja que per les mesures Covid el Consell esportiu primer necessita saber el n\u00famero de participants per distribuir-los i aix\u00ed no massificar cap cursa.<\/p>\n<p>RESULTATS<\/p>\n<p>Els resultats es podran consultar al Consell Esportiu del Vall\u00e8s Occidental Terrassa a l\u2019adre\u00e7a d\u2019internet: <a href=\"http:\/\/www.ceterrassa.com\/\">http:\/\/www.ceterrassa.com. <\/a>(al llarg de la setmana seg\u00fcent del cros)<\/p>\n<p>&nbsp;<\/p>\n<p>&nbsp;<\/p>\n<p>SUSPENSI\u00d3<\/p>\n<p>En cas d\u2019inclem\u00e8ncia meteorol\u00f3gica o situaci\u00f3 sanit\u00e0ria el Consell suspendr\u00e0 la jornada total o parcialment.<\/p>\n<p>&nbsp;<\/p>\n<p>PROTOCOL COVID<\/p>\n<p>En tot el recinte de Cros tothom <strong>haur\u00e0 de portar mascareta<\/strong>.<\/p>\n<p>Els esportistes nom\u00e9s se la podran treure quan es doni la sortida de la seva cursa i tinguin una dist\u00e0ncia \u00a0suficient entre els altres companys.<\/p>\n<p>Una vegada arribin a meta se l&#8217;hauran de tornar a posar i estar amb ella posada la resta de la jornada.<\/p>\n<p>Es posaran controls de p\u00fablic per intentar no massificar les zones. Agrair\u00edem la col\u00b7laboraci\u00f3 per poder-ho gestionar de la millor manera.<\/p>\n<p>L\u2019autoritzaci\u00f3 s\u2019ha de portar signada com a \u00faltim <strong>dia dijous 4 de novembre, no es podr\u00e0 inscriure a cap nen\/a fora d\u2019aquesta data.<\/strong><\/p>\n","protected":false},"excerpt":{"rendered":"<p>Benvolgudes fam\u00edlies: &nbsp; El Consell Esportiu del Vall\u00e8s Occidental organitza el Campionat de Cros el proper dissabte dia 13 de novembre al circuit de Can Jofresa. &nbsp; Des de l\u2019\u00e0rea d\u2019educaci\u00f3 f\u00edsica recomanem la participaci\u00f3 de l\u2019alumnat de prim\u00e0ria. El punt de trobada ser\u00e0 l\u2019entrada de les pistes d\u2019atletisme de Can Jofresa on hi haur\u00e0 [&hellip;]<\/p>\n","protected":false},"author":1,"featured_media":14958,"comment_status":"open","ping_status":"closed","sticky":false,"template":"","format":"standard","meta":{"_bbp_topic_count":0,"_bbp_reply_count":0,"_bbp_total_topic_count":0,"_bbp_total_reply_count":0,"_bbp_voice_count":0,"_bbp_anonymous_reply_count":0,"_bbp_topic_count_hidden":0,"_bbp_reply_count_hidden":0,"_bbp_forum_subforum_count":0,"site-sidebar-layout":"default","site-content-layout":"","ast-site-content-layout":"","site-content-style":"default","site-sidebar-style":"default","ast-global-header-display":"","ast-banner-title-visibility":"","ast-main-header-display":"","ast-hfb-above-header-display":"","ast-hfb-below-header-display":"","ast-hfb-mobile-header-display":"","site-post-title":"","ast-breadcrumbs-content":"","ast-featured-img":"","footer-sml-layout":"","theme-transparent-header-meta":"","adv-header-id-meta":"","stick-header-meta":"","header-above-stick-meta":"","header-main-stick-meta":"","header-below-stick-meta":"","astra-migrate-meta-layouts":"default","ast-page-background-enabled":"default","ast-page-background-meta":{"desktop":{"background-color":"var(--ast-global-color-4)","background-image":"","background-repeat":"repeat","background-position":"center center","background-size":"auto","background-attachment":"scroll","background-type":"","background-media":"","overlay-type":"","overlay-color":"","overlay-opacity":"","overlay-gradient":""},"tablet":{"background-color":"","background-image":"","background-repeat":"repeat","background-position":"center center","background-size":"auto","background-attachment":"scroll","background-type":"","background-media":"","overlay-type":"","overlay-color":"","overlay-opacity":"","overlay-gradient":""},"mobile":{"background-color":"","background-image":"","background-repeat":"repeat","background-position":"center center","background-size":"auto","background-attachment":"scroll","background-type":"","background-media":"","overlay-type":"","overlay-color":"","overlay-opacity":"","overlay-gradient":""}},"ast-content-background-meta":{"desktop":{"background-color":"var(--ast-global-color-5)","background-image":"","background-repeat":"repeat","background-position":"center center","background-size":"auto","background-attachment":"scroll","background-type":"","background-media":"","overlay-type":"","overlay-color":"","overlay-opacity":"","overlay-gradient":""},"tablet":{"background-color":"var(--ast-global-color-5)","background-image":"","background-repeat":"repeat","background-position":"center center","background-size":"auto","background-attachment":"scroll","background-type":"","background-media":"","overlay-type":"","overlay-color":"","overlay-opacity":"","overlay-gradient":""},"mobile":{"background-color":"var(--ast-global-color-5)","background-image":"","background-repeat":"repeat","background-position":"center center","background-size":"auto","background-attachment":"scroll","background-type":"","background-media":"","overlay-type":"","overlay-color":"","overlay-opacity":"","overlay-gradient":""}},"footnotes":""},"categories":[39,1,4],"tags":[],"class_list":["post-14957","post","type-post","status-publish","format-standard","has-post-thumbnail","hentry","category-ed-fisica","category-general","category-portada"],"post_mailing_queue_ids":[],"_links":{"self":[{"href":"https:\/\/agora.xtec.cat\/escolaponent\/wp-json\/wp\/v2\/posts\/14957","targetHints":{"allow":["GET"]}}],"collection":[{"href":"https:\/\/agora.xtec.cat\/escolaponent\/wp-json\/wp\/v2\/posts"}],"about":[{"href":"https:\/\/agora.xtec.cat\/escolaponent\/wp-json\/wp\/v2\/types\/post"}],"author":[{"embeddable":true,"href":"https:\/\/agora.xtec.cat\/escolaponent\/wp-json\/wp\/v2\/users\/1"}],"replies":[{"embeddable":true,"href":"https:\/\/agora.xtec.cat\/escolaponent\/wp-json\/wp\/v2\/comments?post=14957"}],"version-history":[{"count":3,"href":"https:\/\/agora.xtec.cat\/escolaponent\/wp-json\/wp\/v2\/posts\/14957\/revisions"}],"predecessor-version":[{"id":14989,"href":"https:\/\/agora.xtec.cat\/escolaponent\/wp-json\/wp\/v2\/posts\/14957\/revisions\/14989"}],"wp:featuredmedia":[{"embeddable":true,"href":"https:\/\/agora.xtec.cat\/escolaponent\/wp-json\/wp\/v2\/media\/14958"}],"wp:attachment":[{"href":"https:\/\/agora.xtec.cat\/escolaponent\/wp-json\/wp\/v2\/media?parent=14957"}],"wp:term":[{"taxonomy":"category","embeddable":true,"href":"https:\/\/agora.xtec.cat\/escolaponent\/wp-json\/wp\/v2\/categories?post=14957"},{"taxonomy":"post_tag","embeddable":true,"href":"https:\/\/agora.xtec.cat\/escolaponent\/wp-json\/wp\/v2\/tags?post=14957"}],"curies":[{"name":"wp","href":"https:\/\/api.w.org\/{rel}","templated":true}]}}