{"id":14629,"date":"2021-06-10T14:57:34","date_gmt":"2021-06-10T12:57:34","guid":{"rendered":"http:\/\/agora.xtec.cat\/escolaponent\/?p=14629"},"modified":"2021-06-10T14:57:34","modified_gmt":"2021-06-10T12:57:34","slug":"les-pilones-de-ponent","status":"publish","type":"post","link":"https:\/\/agora.xtec.cat\/escolaponent\/general\/les-pilones-de-ponent\/","title":{"rendered":"LES PILONES DE PONENT"},"content":{"rendered":"<p>El dia 8 i 9 de juny a l\u2019Escola Ponent vam celebrar el dia dels Camins Escolars, l\u2019Eix Transversal d\u2019enguany. Com ja sabeu, l\u2019Ajuntament va vianalitzar el carrer Rafael de Campalans i \u00e9s tot un repte fer-lo cada dia un espai m\u00e9s nostre, m\u00e9s ponent\u00ed&#8230; aix\u00ed que per comen\u00e7ar aquesta tasca fa setmanes que, des de cada aula, pensen la manera de decorar una pilona&#8230; n\u2019hi ha per tothom!<\/p>\n<p>El dia tan esperat per tot l\u2019alumnat ha estat un \u00e8xit, a la vista est\u00e0! Un carrer amb m\u00e9s color, m\u00e9s amable, m\u00e9s amic, m\u00e9s de tothom. Gr\u00e0cies a l\u2019AFA per les carpes&#8230; el sol cremava de valent!<\/p>\n<p>Malgrat ha estat un any de pand\u00e8mia i tot plegat ha quedat dilu\u00eft entre grups bombolla, mascaretes i gel hidroalcoh\u00f2lic&#8230; hem procurat treure el m\u00e0xim profit a les possibilitats que ens oferia aquest tema i s\u2019han pogut treballar molts aspectes, dels quals destaquem:<\/p>\n<ul>\n<li>Promoure una mobilitat m\u00e9s sostenible per millorar la qualitat de l\u2019aire del nostre entorn<\/li>\n<li>Fer el camin\u00f2metre, que ens ha perm\u00e8s reflexionar sobre el propis h\u00e0bits i pensar altres alternatives m\u00e9s sostenibles per venir a l\u2019escola<\/li>\n<li>Fomentar la participaci\u00f3 dels infants en la presa de decisions (propostes per millorar el medi ambient que tant ens preocupa, disseny del logo dels Camins Escolars, disseny de la pilona del carrer vianalitzat&#8230;)<\/li>\n<\/ul>\n<p>En definitiva, han estat dos dies intensos que han culminat el treball de tot un any de la comissi\u00f3 de mestres i l&#8217;equip que se n\u2019ocupa, a les aules amb cada tutora i grup classe, i tamb\u00e9 des de casa amb les vostres aportacions en formularis i logos. Un treball de tota la comunitat educativa!<\/p>\n<p>Esperem que aix\u00f2 no s\u2019acabi aqu\u00ed i poder seguir fent cam\u00ed per a un m\u00f3n m\u00e9s sostenible.<\/p>\n<p>\u00c9s un projecte de tothom, junts anem m\u00e9s lluny!<\/p>\n<p>Escola Ponent<\/p>\n<p><a href=\"https:\/\/agora.xtec.cat\/escolaponent\/wp-content\/uploads\/usu881\/2021\/06\/IMG_20210610_132114.jpg\"><img loading=\"lazy\" decoding=\"async\" class=\"alignnone size-large wp-image-14637\" src=\"https:\/\/agora.xtec.cat\/escolaponent\/wp-content\/uploads\/usu881\/2021\/06\/IMG_20210610_132114.jpg\" alt=\"\" width=\"640\" height=\"480\" srcset=\"https:\/\/agora.xtec.cat\/escolaponent\/wp-content\/uploads\/usu881\/2021\/06\/IMG_20210610_132114.jpg 640w, https:\/\/agora.xtec.cat\/escolaponent\/wp-content\/uploads\/usu881\/2021\/06\/IMG_20210610_132114-300x225.jpg 300w, https:\/\/agora.xtec.cat\/escolaponent\/wp-content\/uploads\/usu881\/2021\/06\/IMG_20210610_132114-200x150.jpg 200w\" sizes=\"auto, (max-width: 640px) 100vw, 640px\" \/><\/a> <a href=\"https:\/\/agora.xtec.cat\/escolaponent\/wp-content\/uploads\/usu881\/2021\/06\/IMG_20210610_132201.jpg\"><img loading=\"lazy\" decoding=\"async\" class=\"alignnone size-large wp-image-14638\" src=\"https:\/\/agora.xtec.cat\/escolaponent\/wp-content\/uploads\/usu881\/2021\/06\/IMG_20210610_132201.jpg\" alt=\"\" width=\"640\" height=\"480\" srcset=\"https:\/\/agora.xtec.cat\/escolaponent\/wp-content\/uploads\/usu881\/2021\/06\/IMG_20210610_132201.jpg 640w, https:\/\/agora.xtec.cat\/escolaponent\/wp-content\/uploads\/usu881\/2021\/06\/IMG_20210610_132201-300x225.jpg 300w, https:\/\/agora.xtec.cat\/escolaponent\/wp-content\/uploads\/usu881\/2021\/06\/IMG_20210610_132201-200x150.jpg 200w\" sizes=\"auto, (max-width: 640px) 100vw, 640px\" \/><\/a> <a href=\"https:\/\/agora.xtec.cat\/escolaponent\/wp-content\/uploads\/usu881\/2021\/06\/IMG_20210610_132229.jpg\"><img loading=\"lazy\" decoding=\"async\" class=\"alignnone size-large wp-image-14639\" src=\"https:\/\/agora.xtec.cat\/escolaponent\/wp-content\/uploads\/usu881\/2021\/06\/IMG_20210610_132229.jpg\" alt=\"\" width=\"640\" height=\"480\" srcset=\"https:\/\/agora.xtec.cat\/escolaponent\/wp-content\/uploads\/usu881\/2021\/06\/IMG_20210610_132229.jpg 640w, https:\/\/agora.xtec.cat\/escolaponent\/wp-content\/uploads\/usu881\/2021\/06\/IMG_20210610_132229-300x225.jpg 300w, https:\/\/agora.xtec.cat\/escolaponent\/wp-content\/uploads\/usu881\/2021\/06\/IMG_20210610_132229-200x150.jpg 200w\" sizes=\"auto, (max-width: 640px) 100vw, 640px\" \/><\/a><\/p>\n","protected":false},"excerpt":{"rendered":"<p>l&#8217;Escola Ponent fa la diada de l&#8217;Eix Transversal dedicat als Camins Escolars.<\/p>\n","protected":false},"author":1,"featured_media":14634,"comment_status":"open","ping_status":"closed","sticky":false,"template":"","format":"standard","meta":{"_bbp_topic_count":0,"_bbp_reply_count":0,"_bbp_total_topic_count":0,"_bbp_total_reply_count":0,"_bbp_voice_count":0,"_bbp_anonymous_reply_count":0,"_bbp_topic_count_hidden":0,"_bbp_reply_count_hidden":0,"_bbp_forum_subforum_count":0,"site-sidebar-layout":"default","site-content-layout":"","ast-site-content-layout":"","site-content-style":"default","site-sidebar-style":"default","ast-global-header-display":"","ast-banner-title-visibility":"","ast-main-header-display":"","ast-hfb-above-header-display":"","ast-hfb-below-header-display":"","ast-hfb-mobile-header-display":"","site-post-title":"","ast-breadcrumbs-content":"","ast-featured-img":"","footer-sml-layout":"","theme-transparent-header-meta":"","adv-header-id-meta":"","stick-header-meta":"","header-above-stick-meta":"","header-main-stick-meta":"","header-below-stick-meta":"","astra-migrate-meta-layouts":"default","ast-page-background-enabled":"default","ast-page-background-meta":{"desktop":{"background-color":"var(--ast-global-color-4)","background-image":"","background-repeat":"repeat","background-position":"center center","background-size":"auto","background-attachment":"scroll","background-type":"","background-media":"","overlay-type":"","overlay-color":"","overlay-opacity":"","overlay-gradient":""},"tablet":{"background-color":"","background-image":"","background-repeat":"repeat","background-position":"center center","background-size":"auto","background-attachment":"scroll","background-type":"","background-media":"","overlay-type":"","overlay-color":"","overlay-opacity":"","overlay-gradient":""},"mobile":{"background-color":"","background-image":"","background-repeat":"repeat","background-position":"center center","background-size":"auto","background-attachment":"scroll","background-type":"","background-media":"","overlay-type":"","overlay-color":"","overlay-opacity":"","overlay-gradient":""}},"ast-content-background-meta":{"desktop":{"background-color":"var(--ast-global-color-5)","background-image":"","background-repeat":"repeat","background-position":"center center","background-size":"auto","background-attachment":"scroll","background-type":"","background-media":"","overlay-type":"","overlay-color":"","overlay-opacity":"","overlay-gradient":""},"tablet":{"background-color":"var(--ast-global-color-5)","background-image":"","background-repeat":"repeat","background-position":"center center","background-size":"auto","background-attachment":"scroll","background-type":"","background-media":"","overlay-type":"","overlay-color":"","overlay-opacity":"","overlay-gradient":""},"mobile":{"background-color":"var(--ast-global-color-5)","background-image":"","background-repeat":"repeat","background-position":"center center","background-size":"auto","background-attachment":"scroll","background-type":"","background-media":"","overlay-type":"","overlay-color":"","overlay-opacity":"","overlay-gradient":""}},"footnotes":""},"categories":[1,4],"tags":[],"class_list":["post-14629","post","type-post","status-publish","format-standard","has-post-thumbnail","hentry","category-general","category-portada"],"post_mailing_queue_ids":[],"_links":{"self":[{"href":"https:\/\/agora.xtec.cat\/escolaponent\/wp-json\/wp\/v2\/posts\/14629","targetHints":{"allow":["GET"]}}],"collection":[{"href":"https:\/\/agora.xtec.cat\/escolaponent\/wp-json\/wp\/v2\/posts"}],"about":[{"href":"https:\/\/agora.xtec.cat\/escolaponent\/wp-json\/wp\/v2\/types\/post"}],"author":[{"embeddable":true,"href":"https:\/\/agora.xtec.cat\/escolaponent\/wp-json\/wp\/v2\/users\/1"}],"replies":[{"embeddable":true,"href":"https:\/\/agora.xtec.cat\/escolaponent\/wp-json\/wp\/v2\/comments?post=14629"}],"version-history":[{"count":2,"href":"https:\/\/agora.xtec.cat\/escolaponent\/wp-json\/wp\/v2\/posts\/14629\/revisions"}],"predecessor-version":[{"id":14641,"href":"https:\/\/agora.xtec.cat\/escolaponent\/wp-json\/wp\/v2\/posts\/14629\/revisions\/14641"}],"wp:featuredmedia":[{"embeddable":true,"href":"https:\/\/agora.xtec.cat\/escolaponent\/wp-json\/wp\/v2\/media\/14634"}],"wp:attachment":[{"href":"https:\/\/agora.xtec.cat\/escolaponent\/wp-json\/wp\/v2\/media?parent=14629"}],"wp:term":[{"taxonomy":"category","embeddable":true,"href":"https:\/\/agora.xtec.cat\/escolaponent\/wp-json\/wp\/v2\/categories?post=14629"},{"taxonomy":"post_tag","embeddable":true,"href":"https:\/\/agora.xtec.cat\/escolaponent\/wp-json\/wp\/v2\/tags?post=14629"}],"curies":[{"name":"wp","href":"https:\/\/api.w.org\/{rel}","templated":true}]}}