{"id":13851,"date":"2021-02-25T13:48:41","date_gmt":"2021-02-25T12:48:41","guid":{"rendered":"http:\/\/agora.xtec.cat\/escolaponent\/?p=13851"},"modified":"2021-02-25T13:48:41","modified_gmt":"2021-02-25T12:48:41","slug":"ja-tenim-logo","status":"publish","type":"post","link":"https:\/\/agora.xtec.cat\/escolaponent\/general\/ja-tenim-logo\/","title":{"rendered":"JA TENIM LOGO!"},"content":{"rendered":"<p>Hola fam\u00edlies!<\/p>\n<p>Despr\u00e9s de fer les votacions amb tots els i les alumnes de l&#8217;escola ja tenim logo, us el presentem:<\/p>\n<p><img loading=\"lazy\" decoding=\"async\" class=\"alignnone size-full wp-image-13852\" src=\"https:\/\/agora.xtec.cat\/escolaponent\/wp-content\/uploads\/usu881\/2021\/02\/logo-camins.jpg\" alt=\"\" width=\"677\" height=\"501\" srcset=\"https:\/\/agora.xtec.cat\/escolaponent\/wp-content\/uploads\/usu881\/2021\/02\/logo-camins.jpg 677w, https:\/\/agora.xtec.cat\/escolaponent\/wp-content\/uploads\/usu881\/2021\/02\/logo-camins-300x222.jpg 300w\" sizes=\"auto, (max-width: 677px) 100vw, 677px\" \/><\/p>\n<p>A m\u00e9s a m\u00e9s, des de la comissi\u00f3, hem fet un mural d&#8217;all\u00f2 m\u00e9s bonic per representar-los! Aqu\u00ed us en deixem una foto perqu\u00e8 el pogueu veure:<\/p>\n<p><img loading=\"lazy\" decoding=\"async\" class=\"alignnone size-large wp-image-13856\" src=\"https:\/\/agora.xtec.cat\/escolaponent\/wp-content\/uploads\/usu881\/2021\/02\/IMG_20210225_132518-1-1024x206.jpg\" alt=\"\" width=\"1024\" height=\"206\" srcset=\"https:\/\/agora.xtec.cat\/escolaponent\/wp-content\/uploads\/usu881\/2021\/02\/IMG_20210225_132518-1.jpg 1024w, https:\/\/agora.xtec.cat\/escolaponent\/wp-content\/uploads\/usu881\/2021\/02\/IMG_20210225_132518-1-300x60.jpg 300w, https:\/\/agora.xtec.cat\/escolaponent\/wp-content\/uploads\/usu881\/2021\/02\/IMG_20210225_132518-1-768x155.jpg 768w\" sizes=\"auto, (max-width: 1024px) 100vw, 1024px\" \/><\/p>\n<p>Aprofitem tamb\u00e9 per dir-vos que en breus rebreu una enquesta sobre els camins que realitzeu a diari per arribar a l&#8217;escola.<\/p>\n<p>Continuem treballant amb il\u00b7lusi\u00f3 en aquest i altres projectes.<\/p>\n","protected":false},"excerpt":{"rendered":"<p>Hola fam\u00edlies! Despr\u00e9s de fer les votacions amb tots els i les alumnes de l&#8217;escola ja tenim logo, us el presentem: A m\u00e9s a m\u00e9s, des de la comissi\u00f3, hem fet un mural d&#8217;all\u00f2 m\u00e9s bonic per representar-los! Aqu\u00ed us en deixem una foto perqu\u00e8 el pogueu veure: Aprofitem tamb\u00e9 per dir-vos que en breus [&hellip;]<\/p>\n","protected":false},"author":1,"featured_media":13852,"comment_status":"open","ping_status":"closed","sticky":false,"template":"","format":"standard","meta":{"_bbp_topic_count":0,"_bbp_reply_count":0,"_bbp_total_topic_count":0,"_bbp_total_reply_count":0,"_bbp_voice_count":0,"_bbp_anonymous_reply_count":0,"_bbp_topic_count_hidden":0,"_bbp_reply_count_hidden":0,"_bbp_forum_subforum_count":0,"site-sidebar-layout":"default","site-content-layout":"","ast-site-content-layout":"","site-content-style":"default","site-sidebar-style":"default","ast-global-header-display":"","ast-banner-title-visibility":"","ast-main-header-display":"","ast-hfb-above-header-display":"","ast-hfb-below-header-display":"","ast-hfb-mobile-header-display":"","site-post-title":"","ast-breadcrumbs-content":"","ast-featured-img":"","footer-sml-layout":"","theme-transparent-header-meta":"","adv-header-id-meta":"","stick-header-meta":"","header-above-stick-meta":"","header-main-stick-meta":"","header-below-stick-meta":"","astra-migrate-meta-layouts":"default","ast-page-background-enabled":"default","ast-page-background-meta":{"desktop":{"background-color":"var(--ast-global-color-4)","background-image":"","background-repeat":"repeat","background-position":"center center","background-size":"auto","background-attachment":"scroll","background-type":"","background-media":"","overlay-type":"","overlay-color":"","overlay-opacity":"","overlay-gradient":""},"tablet":{"background-color":"","background-image":"","background-repeat":"repeat","background-position":"center center","background-size":"auto","background-attachment":"scroll","background-type":"","background-media":"","overlay-type":"","overlay-color":"","overlay-opacity":"","overlay-gradient":""},"mobile":{"background-color":"","background-image":"","background-repeat":"repeat","background-position":"center center","background-size":"auto","background-attachment":"scroll","background-type":"","background-media":"","overlay-type":"","overlay-color":"","overlay-opacity":"","overlay-gradient":""}},"ast-content-background-meta":{"desktop":{"background-color":"var(--ast-global-color-5)","background-image":"","background-repeat":"repeat","background-position":"center center","background-size":"auto","background-attachment":"scroll","background-type":"","background-media":"","overlay-type":"","overlay-color":"","overlay-opacity":"","overlay-gradient":""},"tablet":{"background-color":"var(--ast-global-color-5)","background-image":"","background-repeat":"repeat","background-position":"center center","background-size":"auto","background-attachment":"scroll","background-type":"","background-media":"","overlay-type":"","overlay-color":"","overlay-opacity":"","overlay-gradient":""},"mobile":{"background-color":"var(--ast-global-color-5)","background-image":"","background-repeat":"repeat","background-position":"center center","background-size":"auto","background-attachment":"scroll","background-type":"","background-media":"","overlay-type":"","overlay-color":"","overlay-opacity":"","overlay-gradient":""}},"footnotes":""},"categories":[288,1,2,4,5],"tags":[296,295,297],"class_list":["post-13851","post","type-post","status-publish","format-standard","has-post-thumbnail","hentry","category-camins-escolars-20-21","category-general","category-infantil","category-portada","category-primaria","tag-camins-escolars","tag-eix-transversal","tag-escola-ponent"],"post_mailing_queue_ids":[],"_links":{"self":[{"href":"https:\/\/agora.xtec.cat\/escolaponent\/wp-json\/wp\/v2\/posts\/13851","targetHints":{"allow":["GET"]}}],"collection":[{"href":"https:\/\/agora.xtec.cat\/escolaponent\/wp-json\/wp\/v2\/posts"}],"about":[{"href":"https:\/\/agora.xtec.cat\/escolaponent\/wp-json\/wp\/v2\/types\/post"}],"author":[{"embeddable":true,"href":"https:\/\/agora.xtec.cat\/escolaponent\/wp-json\/wp\/v2\/users\/1"}],"replies":[{"embeddable":true,"href":"https:\/\/agora.xtec.cat\/escolaponent\/wp-json\/wp\/v2\/comments?post=13851"}],"version-history":[{"count":2,"href":"https:\/\/agora.xtec.cat\/escolaponent\/wp-json\/wp\/v2\/posts\/13851\/revisions"}],"predecessor-version":[{"id":13857,"href":"https:\/\/agora.xtec.cat\/escolaponent\/wp-json\/wp\/v2\/posts\/13851\/revisions\/13857"}],"wp:featuredmedia":[{"embeddable":true,"href":"https:\/\/agora.xtec.cat\/escolaponent\/wp-json\/wp\/v2\/media\/13852"}],"wp:attachment":[{"href":"https:\/\/agora.xtec.cat\/escolaponent\/wp-json\/wp\/v2\/media?parent=13851"}],"wp:term":[{"taxonomy":"category","embeddable":true,"href":"https:\/\/agora.xtec.cat\/escolaponent\/wp-json\/wp\/v2\/categories?post=13851"},{"taxonomy":"post_tag","embeddable":true,"href":"https:\/\/agora.xtec.cat\/escolaponent\/wp-json\/wp\/v2\/tags?post=13851"}],"curies":[{"name":"wp","href":"https:\/\/api.w.org\/{rel}","templated":true}]}}