{"id":1246,"date":"2016-10-28T16:55:52","date_gmt":"2016-10-28T14:55:52","guid":{"rendered":"http:\/\/agora.xtec.cat\/escolaponent\/?p=1246"},"modified":"2016-10-28T17:05:43","modified_gmt":"2016-10-28T15:05:43","slug":"celebracio-de-la-castanyada-tarda","status":"publish","type":"post","link":"https:\/\/agora.xtec.cat\/escolaponent\/portada\/celebracio-de-la-castanyada-tarda\/","title":{"rendered":"CELEBRACI\u00d3 DE LA CASTANYADA- TARDA"},"content":{"rendered":"<p style=\"text-align: center\">Durant la tarda la comunitat de\u00a0 <strong>PONENT<\/strong> hem celebrat la CASTANYADA amb molta il.lusi\u00f3.<\/p>\n<p style=\"text-align: center\"><a href=\"http:\/\/agora.xtec.cat\/escolaponent\/wp-content\/uploads\/usu881\/2016\/10\/PEP-FLORA.jpg\"><img loading=\"lazy\" decoding=\"async\" class=\"alignnone size-full wp-image-1249\" src=\"http:\/\/agora.xtec.cat\/escolaponent\/wp-content\/uploads\/usu881\/2016\/10\/PEP-FLORA.jpg\" alt=\"pep-flora\" width=\"112\" height=\"150\" \/><\/a><\/p>\n<p style=\"text-align: center\"><strong><a href=\"https:\/\/goo.gl\/photos\/hfN4cf8PTeycU7WY9\">FOTOS C.INCIAL-C.INFANTIL<\/a><br \/>\n<\/strong><\/p>\n<p style=\"text-align: center\">Els m\u00e9s petits, C.INFANTIL i C.INICIAL, ens hem reunit al patide l&#8217;escola junt amb el PEP i la FLORA, molt ben vestits per l&#8217;ocasi\u00f3. Hem menjat els panellets que nosaltres mateixos hem elaborat i castanyes ben calentes. Despr\u00e9s tots junts i juntes hem ballat varies danses de la TARDOR.<\/p>\n<p style=\"text-align: center\"><a href=\"https:\/\/goo.gl\/photos\/NvUbRcbZrmfVE4FJ8\">FOTOS C.MITJ\u00c0 I SUPERIOR<\/a><\/p>\n<p style=\"text-align: center\">Els m\u00e9s grans, C.MITJ\u00c0 i C.SUPERIOR, hem DECORAT els passad\u00eds, hem fet TASTETS, hem parlat sobre la celebraci\u00f3 del DIA dels DIFUNTS en altres pa\u00efsos del m\u00f3n&#8230; ha estat molt interessant.<\/p>\n","protected":false},"excerpt":{"rendered":"<p>Durant la tarda la comunitat de\u00a0 PONENT hem celebrat la CASTANYADA amb molta il.lusi\u00f3. FOTOS C.INCIAL-C.INFANTIL Els m\u00e9s petits, C.INFANTIL i C.INICIAL, ens hem reunit al patide l&#8217;escola junt amb el PEP i la FLORA, molt ben vestits per l&#8217;ocasi\u00f3. Hem menjat els panellets que nosaltres mateixos hem elaborat i castanyes ben calentes. Despr\u00e9s tots [&hellip;]<\/p>\n","protected":false},"author":1,"featured_media":0,"comment_status":"open","ping_status":"open","sticky":false,"template":"","format":"standard","meta":{"_bbp_topic_count":0,"_bbp_reply_count":0,"_bbp_total_topic_count":0,"_bbp_total_reply_count":0,"_bbp_voice_count":0,"_bbp_anonymous_reply_count":0,"_bbp_topic_count_hidden":0,"_bbp_reply_count_hidden":0,"_bbp_forum_subforum_count":0,"site-sidebar-layout":"default","site-content-layout":"","ast-site-content-layout":"","site-content-style":"default","site-sidebar-style":"default","ast-global-header-display":"","ast-banner-title-visibility":"","ast-main-header-display":"","ast-hfb-above-header-display":"","ast-hfb-below-header-display":"","ast-hfb-mobile-header-display":"","site-post-title":"","ast-breadcrumbs-content":"","ast-featured-img":"","footer-sml-layout":"","theme-transparent-header-meta":"","adv-header-id-meta":"","stick-header-meta":"","header-above-stick-meta":"","header-main-stick-meta":"","header-below-stick-meta":"","astra-migrate-meta-layouts":"default","ast-page-background-enabled":"default","ast-page-background-meta":{"desktop":{"background-color":"var(--ast-global-color-4)","background-image":"","background-repeat":"repeat","background-position":"center center","background-size":"auto","background-attachment":"scroll","background-type":"","background-media":"","overlay-type":"","overlay-color":"","overlay-opacity":"","overlay-gradient":""},"tablet":{"background-color":"","background-image":"","background-repeat":"repeat","background-position":"center center","background-size":"auto","background-attachment":"scroll","background-type":"","background-media":"","overlay-type":"","overlay-color":"","overlay-opacity":"","overlay-gradient":""},"mobile":{"background-color":"","background-image":"","background-repeat":"repeat","background-position":"center center","background-size":"auto","background-attachment":"scroll","background-type":"","background-media":"","overlay-type":"","overlay-color":"","overlay-opacity":"","overlay-gradient":""}},"ast-content-background-meta":{"desktop":{"background-color":"var(--ast-global-color-5)","background-image":"","background-repeat":"repeat","background-position":"center center","background-size":"auto","background-attachment":"scroll","background-type":"","background-media":"","overlay-type":"","overlay-color":"","overlay-opacity":"","overlay-gradient":""},"tablet":{"background-color":"var(--ast-global-color-5)","background-image":"","background-repeat":"repeat","background-position":"center center","background-size":"auto","background-attachment":"scroll","background-type":"","background-media":"","overlay-type":"","overlay-color":"","overlay-opacity":"","overlay-gradient":""},"mobile":{"background-color":"var(--ast-global-color-5)","background-image":"","background-repeat":"repeat","background-position":"center center","background-size":"auto","background-attachment":"scroll","background-type":"","background-media":"","overlay-type":"","overlay-color":"","overlay-opacity":"","overlay-gradient":""}},"footnotes":""},"categories":[127,4],"tags":[],"class_list":["post-1246","post","type-post","status-publish","format-standard","hentry","category-les-festes","category-portada"],"post_mailing_queue_ids":[],"_links":{"self":[{"href":"https:\/\/agora.xtec.cat\/escolaponent\/wp-json\/wp\/v2\/posts\/1246","targetHints":{"allow":["GET"]}}],"collection":[{"href":"https:\/\/agora.xtec.cat\/escolaponent\/wp-json\/wp\/v2\/posts"}],"about":[{"href":"https:\/\/agora.xtec.cat\/escolaponent\/wp-json\/wp\/v2\/types\/post"}],"author":[{"embeddable":true,"href":"https:\/\/agora.xtec.cat\/escolaponent\/wp-json\/wp\/v2\/users\/1"}],"replies":[{"embeddable":true,"href":"https:\/\/agora.xtec.cat\/escolaponent\/wp-json\/wp\/v2\/comments?post=1246"}],"version-history":[{"count":3,"href":"https:\/\/agora.xtec.cat\/escolaponent\/wp-json\/wp\/v2\/posts\/1246\/revisions"}],"predecessor-version":[{"id":1251,"href":"https:\/\/agora.xtec.cat\/escolaponent\/wp-json\/wp\/v2\/posts\/1246\/revisions\/1251"}],"wp:attachment":[{"href":"https:\/\/agora.xtec.cat\/escolaponent\/wp-json\/wp\/v2\/media?parent=1246"}],"wp:term":[{"taxonomy":"category","embeddable":true,"href":"https:\/\/agora.xtec.cat\/escolaponent\/wp-json\/wp\/v2\/categories?post=1246"},{"taxonomy":"post_tag","embeddable":true,"href":"https:\/\/agora.xtec.cat\/escolaponent\/wp-json\/wp\/v2\/tags?post=1246"}],"curies":[{"name":"wp","href":"https:\/\/api.w.org\/{rel}","templated":true}]}}