{"id":10023,"date":"2020-04-23T21:25:08","date_gmt":"2020-04-23T19:25:08","guid":{"rendered":"http:\/\/agora.xtec.cat\/escolaponent\/?p=10023"},"modified":"2020-04-23T21:25:08","modified_gmt":"2020-04-23T19:25:08","slug":"el-dragon-chef","status":"publish","type":"post","link":"https:\/\/agora.xtec.cat\/escolaponent\/primaria\/exalumnes-sise-2526\/el-dragon-chef\/","title":{"rendered":"EL DRAG\u00d3N CHEF"},"content":{"rendered":"<p>\u00a1Hola Caderneres y Cueretes!<\/p>\n<p>Todos los viernes os propondremos una actividad de Lengua Castellana. Empezamos hoy.<\/p>\n<p>Como esta semana es Sant Jordi hemos pensado que el protagonista ten\u00eda que ser un drag\u00f3n, no pod\u00eda ser de otra manera\u2026<\/p>\n<p>Se titula: EL DRAG\u00d3N CHEF. Este cuento ha sido realizado por la ONG Aprendices Visuales. A ver si os gusta.<\/p>\n<p><a href=\"https:\/\/drive.google.com\/file\/d\/0BxICUurwSNbxY3R1bFliZ19sN2s\/view?usp=sharing\"><img loading=\"lazy\" decoding=\"async\" class=\" wp-image-10024 aligncenter\" src=\"https:\/\/agora.xtec.cat\/escolaponent\/wp-content\/uploads\/usu881\/2020\/04\/El-dragon-Chef.jpg\" alt=\"\" width=\"198\" height=\"171\" srcset=\"https:\/\/agora.xtec.cat\/escolaponent\/wp-content\/uploads\/usu881\/2020\/04\/El-dragon-Chef.jpg 152w, https:\/\/agora.xtec.cat\/escolaponent\/wp-content\/uploads\/usu881\/2020\/04\/El-dragon-Chef-150x131.jpg 150w\" sizes=\"auto, (max-width: 198px) 100vw, 198px\" \/><\/a><\/p>\n<p>Despu\u00e9s de mirar el cuento os proponemos varias actividades y pod\u00e9is escoger: hacer un dibujo, inventaros un cuento, escribir otro final del cuento, hacer palomitas con vuestros padres y com\u00e9roslas en una sesi\u00f3n familiar de cine, preparar un men\u00fa saludable\u2026<\/p>\n<p>&nbsp;<\/p>\n<p>&nbsp;<\/p>\n<p>&nbsp;<\/p>\n","protected":false},"excerpt":{"rendered":"<p>\u00a1Hola Caderneres y Cueretes! Todos los viernes os propondremos una actividad de Lengua Castellana. Empezamos hoy. Como esta semana es Sant Jordi hemos pensado que el protagonista ten\u00eda que ser un drag\u00f3n, no pod\u00eda ser de otra manera\u2026 Se titula: EL DRAG\u00d3N CHEF. Este cuento ha sido realizado por la ONG Aprendices Visuales. A ver [&hellip;]<\/p>\n","protected":false},"author":1,"featured_media":10024,"comment_status":"open","ping_status":"closed","sticky":false,"template":"","format":"standard","meta":{"_bbp_topic_count":0,"_bbp_reply_count":0,"_bbp_total_topic_count":0,"_bbp_total_reply_count":0,"_bbp_voice_count":0,"_bbp_anonymous_reply_count":0,"_bbp_topic_count_hidden":0,"_bbp_reply_count_hidden":0,"_bbp_forum_subforum_count":0,"site-sidebar-layout":"default","site-content-layout":"","ast-site-content-layout":"","site-content-style":"default","site-sidebar-style":"default","ast-global-header-display":"","ast-banner-title-visibility":"","ast-main-header-display":"","ast-hfb-above-header-display":"","ast-hfb-below-header-display":"","ast-hfb-mobile-header-display":"","site-post-title":"","ast-breadcrumbs-content":"","ast-featured-img":"","footer-sml-layout":"","theme-transparent-header-meta":"","adv-header-id-meta":"","stick-header-meta":"","header-above-stick-meta":"","header-main-stick-meta":"","header-below-stick-meta":"","astra-migrate-meta-layouts":"default","ast-page-background-enabled":"default","ast-page-background-meta":{"desktop":{"background-color":"var(--ast-global-color-4)","background-image":"","background-repeat":"repeat","background-position":"center center","background-size":"auto","background-attachment":"scroll","background-type":"","background-media":"","overlay-type":"","overlay-color":"","overlay-opacity":"","overlay-gradient":""},"tablet":{"background-color":"","background-image":"","background-repeat":"repeat","background-position":"center center","background-size":"auto","background-attachment":"scroll","background-type":"","background-media":"","overlay-type":"","overlay-color":"","overlay-opacity":"","overlay-gradient":""},"mobile":{"background-color":"","background-image":"","background-repeat":"repeat","background-position":"center center","background-size":"auto","background-attachment":"scroll","background-type":"","background-media":"","overlay-type":"","overlay-color":"","overlay-opacity":"","overlay-gradient":""}},"ast-content-background-meta":{"desktop":{"background-color":"var(--ast-global-color-5)","background-image":"","background-repeat":"repeat","background-position":"center center","background-size":"auto","background-attachment":"scroll","background-type":"","background-media":"","overlay-type":"","overlay-color":"","overlay-opacity":"","overlay-gradient":""},"tablet":{"background-color":"var(--ast-global-color-5)","background-image":"","background-repeat":"repeat","background-position":"center center","background-size":"auto","background-attachment":"scroll","background-type":"","background-media":"","overlay-type":"","overlay-color":"","overlay-opacity":"","overlay-gradient":""},"mobile":{"background-color":"var(--ast-global-color-5)","background-image":"","background-repeat":"repeat","background-position":"center center","background-size":"auto","background-attachment":"scroll","background-type":"","background-media":"","overlay-type":"","overlay-color":"","overlay-opacity":"","overlay-gradient":""}},"footnotes":""},"categories":[3],"tags":[],"class_list":["post-10023","post","type-post","status-publish","format-standard","has-post-thumbnail","hentry","category-exalumnes-sise-2526"],"post_mailing_queue_ids":[],"_links":{"self":[{"href":"https:\/\/agora.xtec.cat\/escolaponent\/wp-json\/wp\/v2\/posts\/10023","targetHints":{"allow":["GET"]}}],"collection":[{"href":"https:\/\/agora.xtec.cat\/escolaponent\/wp-json\/wp\/v2\/posts"}],"about":[{"href":"https:\/\/agora.xtec.cat\/escolaponent\/wp-json\/wp\/v2\/types\/post"}],"author":[{"embeddable":true,"href":"https:\/\/agora.xtec.cat\/escolaponent\/wp-json\/wp\/v2\/users\/1"}],"replies":[{"embeddable":true,"href":"https:\/\/agora.xtec.cat\/escolaponent\/wp-json\/wp\/v2\/comments?post=10023"}],"version-history":[{"count":3,"href":"https:\/\/agora.xtec.cat\/escolaponent\/wp-json\/wp\/v2\/posts\/10023\/revisions"}],"predecessor-version":[{"id":10029,"href":"https:\/\/agora.xtec.cat\/escolaponent\/wp-json\/wp\/v2\/posts\/10023\/revisions\/10029"}],"wp:featuredmedia":[{"embeddable":true,"href":"https:\/\/agora.xtec.cat\/escolaponent\/wp-json\/wp\/v2\/media\/10024"}],"wp:attachment":[{"href":"https:\/\/agora.xtec.cat\/escolaponent\/wp-json\/wp\/v2\/media?parent=10023"}],"wp:term":[{"taxonomy":"category","embeddable":true,"href":"https:\/\/agora.xtec.cat\/escolaponent\/wp-json\/wp\/v2\/categories?post=10023"},{"taxonomy":"post_tag","embeddable":true,"href":"https:\/\/agora.xtec.cat\/escolaponent\/wp-json\/wp\/v2\/tags?post=10023"}],"curies":[{"name":"wp","href":"https:\/\/api.w.org\/{rel}","templated":true}]}}