{"id":203,"count":14,"description":"El curs 2013-14 a l'escola ens vam endinsar en un nou projecte: la creaci\u00f3 d'un hort urb\u00e0 en el qual ha estat necess\u00e0ria la implicaci\u00f3 de fam\u00edlies, mestres i alumnes amb l'objectiu de tirar-lo endavant de manera conjunta.\r\n\r\nActualment l'hort forma part del nostre dia a dia mitjan\u00e7ant ambients i tallers.\r\n\r\nL'escola tamb\u00e9 forma part de la XEST ( Xarxa d'escoles sostenibles de Terrassa).\r\n\r\n&nbsp;","link":"https:\/\/agora.xtec.cat\/escolaponent\/categoria\/lhort\/","name":"Ponent Sostenible","slug":"lhort","taxonomy":"category","parent":0,"meta":[],"_links":{"self":[{"href":"https:\/\/agora.xtec.cat\/escolaponent\/wp-json\/wp\/v2\/categories\/203","targetHints":{"allow":["GET"]}}],"collection":[{"href":"https:\/\/agora.xtec.cat\/escolaponent\/wp-json\/wp\/v2\/categories"}],"about":[{"href":"https:\/\/agora.xtec.cat\/escolaponent\/wp-json\/wp\/v2\/taxonomies\/category"}],"wp:post_type":[{"href":"https:\/\/agora.xtec.cat\/escolaponent\/wp-json\/wp\/v2\/posts?categories=203"}],"curies":[{"name":"wp","href":"https:\/\/api.w.org\/{rel}","templated":true}]}}