{"id":150,"count":21,"description":"<div>\r\n\r\n<span style=\"font-size: large;\">Els Espais Familiars d'Aprenentatge e<\/span><span style=\"font-size: large;\">stan pensats per ser moments de trobada. Un espai dissenyat per conversar, reflexionar, compartir i aprendre. Convidem alg\u00fa per qu\u00e8 gui\u00ef la conversa al voltant d'un tema d'inter\u00e8s pedag\u00f2gic... i fem un caf\u00e8....<\/span>\r\n\r\n&nbsp;\r\n\r\n<\/div>\r\n<div>\r\n\r\n<span style=\"font-size: large;\">S'organitzen dins (15.15h) i fora (16.45h) de <\/span><span style=\"font-size: large;\">l'horari escolar.<\/span>\r\n\r\n&nbsp;\r\n\r\n<\/div>\r\n<div><span style=\"font-size: large;\">Hi vols venir?<\/span><\/div>","link":"https:\/\/agora.xtec.cat\/escolaponent\/categoria\/espai-familiar\/","name":"Espais Familiars","slug":"espai-familiar","taxonomy":"category","parent":0,"meta":[],"_links":{"self":[{"href":"https:\/\/agora.xtec.cat\/escolaponent\/wp-json\/wp\/v2\/categories\/150","targetHints":{"allow":["GET"]}}],"collection":[{"href":"https:\/\/agora.xtec.cat\/escolaponent\/wp-json\/wp\/v2\/categories"}],"about":[{"href":"https:\/\/agora.xtec.cat\/escolaponent\/wp-json\/wp\/v2\/taxonomies\/category"}],"wp:post_type":[{"href":"https:\/\/agora.xtec.cat\/escolaponent\/wp-json\/wp\/v2\/posts?categories=150"}],"curies":[{"name":"wp","href":"https:\/\/api.w.org\/{rel}","templated":true}]}}