{"id":127,"count":74,"description":"<h4 style=\"text-align: left;\">En aquesta pestanya hi trobareu tot all\u00f2 relacionat amb les festes que la nostra escola celebra amb m\u00e9s \u00e8mfasi, la Castanyada, el concert de Nadal, el Carnestoltes, la Festa de la xocolata, Sant Jordi, l'eix transversal i la festa de fi de curs.<\/h4>","link":"https:\/\/agora.xtec.cat\/escolaponent\/categoria\/les-festes\/","name":"Les festes al Ponent","slug":"les-festes","taxonomy":"category","parent":0,"meta":[],"_links":{"self":[{"href":"https:\/\/agora.xtec.cat\/escolaponent\/wp-json\/wp\/v2\/categories\/127","targetHints":{"allow":["GET"]}}],"collection":[{"href":"https:\/\/agora.xtec.cat\/escolaponent\/wp-json\/wp\/v2\/categories"}],"about":[{"href":"https:\/\/agora.xtec.cat\/escolaponent\/wp-json\/wp\/v2\/taxonomies\/category"}],"wp:post_type":[{"href":"https:\/\/agora.xtec.cat\/escolaponent\/wp-json\/wp\/v2\/posts?categories=127"}],"curies":[{"name":"wp","href":"https:\/\/api.w.org\/{rel}","templated":true}]}}