{"id":9013,"date":"2020-09-10T19:12:46","date_gmt":"2020-09-10T17:12:46","guid":{"rendered":"http:\/\/agora.xtec.cat\/escolaponent-tarragona\/?p=9013"},"modified":"2021-09-01T17:10:09","modified_gmt":"2021-09-01T15:10:09","slug":"novetats","status":"publish","type":"post","link":"https:\/\/agora.xtec.cat\/escolaponent-tarragona\/infantil\/novetats\/","title":{"rendered":"Novetats"},"content":{"rendered":"<p>Estimades fam\u00edlies,<\/p>\n<p>us fem arribar la darrera actualitzaci\u00f3 de les mesures sanit\u00e0ries en l&#8217;\u00e0mbit educatiu que ha fet el Procicat:<\/p>\n<p>El primer dia del curs, i almenys durant l<strong>es dues primeres setmanes, tots els infants a partir dels 6 anys hauran de dur mascareta en tots els centres<\/strong>.<\/p>\n<p>\ud83c\udf21\ufe0f <strong>El mal de coll i el refredat nasal<\/strong> es consideraran s\u00edmptomes si hi ha febre o d\u2019altres manifestacions considerades en la taula Covid-19<\/p>\n<p>\ud83d\udcdd En consens amb la comunitat pedi\u00e0trica, Educaci\u00f3 i Salut han actualitzat aix\u00ed la <strong>simptomatologia de Covid19 entre els infants:<\/strong><\/p>\n<p>\ud83d\udd38 Febre o febr\u00edcula (per sobre de 37.5\u00baC)<br \/>\n\ud83d\udd38 Tos<br \/>\n\ud83d\udd38 Dificultat per respirar<br \/>\n\ud83d\udd38 Fatiga, dolors musculars i\/o mal de cap<br \/>\n\ud83d\udd38 Mal de panxa amb v\u00f2mits o diarrea<br \/>\n\ud83d\udd38 P\u00e8rdua d\u2019olfacte o gust (infants grans i adolescents)<br \/>\n\ud83d\udd38 Mal de coll*<br \/>\n\ud83d\udd38 Refredat nasal*<\/p>\n<p>\u2757 At\u00e8s que el mal de coll i el refredat nasal (amb o sense mocs) s\u00f3n molt habituals en els infants, nom\u00e9s s&#8217;haurien de considerar s\u00edmptomes potencials de Covid-19 <strong>quan tamb\u00e9 hi ha febre o altres manifestacions de la llista de s\u00edmptomes.<\/strong><\/p>\n<p>M\u00e9s informaci\u00f3: <a href=\"http:\/\/ensenyament.gencat.cat\/ca\/inici\/nota-premsa\/?id=388289\">Nota de premsa. Departament d&#8217;educaci\u00f3.<\/a><\/p>\n","protected":false},"excerpt":{"rendered":"<p>Estimades fam\u00edlies, us fem arribar la darrera actualitzaci\u00f3 de les mesures sanit\u00e0ries en l&#8217;\u00e0mbit educatiu que ha fet el Procicat: [&hellip;]<\/p>\n","protected":false},"author":1,"featured_media":9014,"comment_status":"open","ping_status":"closed","sticky":false,"template":"","format":"standard","meta":{"_bbp_topic_count":0,"_bbp_reply_count":0,"_bbp_total_topic_count":0,"_bbp_total_reply_count":0,"_bbp_voice_count":0,"_bbp_anonymous_reply_count":0,"_bbp_topic_count_hidden":0,"_bbp_reply_count_hidden":0,"_bbp_forum_subforum_count":0,"site-sidebar-layout":"default","site-content-layout":"","ast-site-content-layout":"","site-content-style":"default","site-sidebar-style":"default","ast-global-header-display":"","ast-banner-title-visibility":"","ast-main-header-display":"","ast-hfb-above-header-display":"","ast-hfb-below-header-display":"","ast-hfb-mobile-header-display":"","site-post-title":"","ast-breadcrumbs-content":"","ast-featured-img":"","footer-sml-layout":"","theme-transparent-header-meta":"","adv-header-id-meta":"","stick-header-meta":"","header-above-stick-meta":"","header-main-stick-meta":"","header-below-stick-meta":"","astra-migrate-meta-layouts":"default","ast-page-background-enabled":"default","ast-page-background-meta":{"desktop":{"background-color":"var(--ast-global-color-4)","background-image":"","background-repeat":"repeat","background-position":"center center","background-size":"auto","background-attachment":"scroll","background-type":"","background-media":"","overlay-type":"","overlay-color":"","overlay-opacity":"","overlay-gradient":""},"tablet":{"background-color":"","background-image":"","background-repeat":"repeat","background-position":"center center","background-size":"auto","background-attachment":"scroll","background-type":"","background-media":"","overlay-type":"","overlay-color":"","overlay-opacity":"","overlay-gradient":""},"mobile":{"background-color":"","background-image":"","background-repeat":"repeat","background-position":"center center","background-size":"auto","background-attachment":"scroll","background-type":"","background-media":"","overlay-type":"","overlay-color":"","overlay-opacity":"","overlay-gradient":""}},"ast-content-background-meta":{"desktop":{"background-color":"var(--ast-global-color-5)","background-image":"","background-repeat":"repeat","background-position":"center center","background-size":"auto","background-attachment":"scroll","background-type":"","background-media":"","overlay-type":"","overlay-color":"","overlay-opacity":"","overlay-gradient":""},"tablet":{"background-color":"var(--ast-global-color-5)","background-image":"","background-repeat":"repeat","background-position":"center center","background-size":"auto","background-attachment":"scroll","background-type":"","background-media":"","overlay-type":"","overlay-color":"","overlay-opacity":"","overlay-gradient":""},"mobile":{"background-color":"var(--ast-global-color-5)","background-image":"","background-repeat":"repeat","background-position":"center center","background-size":"auto","background-attachment":"scroll","background-type":"","background-media":"","overlay-type":"","overlay-color":"","overlay-opacity":"","overlay-gradient":""}},"footnotes":""},"categories":[2,4,5],"tags":[75],"class_list":["post-9013","post","type-post","status-publish","format-standard","has-post-thumbnail","hentry","category-infantil","category-portada","category-primaria","tag-informacio"],"post_mailing_queue_ids":[],"_links":{"self":[{"href":"https:\/\/agora.xtec.cat\/escolaponent-tarragona\/wp-json\/wp\/v2\/posts\/9013","targetHints":{"allow":["GET"]}}],"collection":[{"href":"https:\/\/agora.xtec.cat\/escolaponent-tarragona\/wp-json\/wp\/v2\/posts"}],"about":[{"href":"https:\/\/agora.xtec.cat\/escolaponent-tarragona\/wp-json\/wp\/v2\/types\/post"}],"author":[{"embeddable":true,"href":"https:\/\/agora.xtec.cat\/escolaponent-tarragona\/wp-json\/wp\/v2\/users\/1"}],"replies":[{"embeddable":true,"href":"https:\/\/agora.xtec.cat\/escolaponent-tarragona\/wp-json\/wp\/v2\/comments?post=9013"}],"version-history":[{"count":1,"href":"https:\/\/agora.xtec.cat\/escolaponent-tarragona\/wp-json\/wp\/v2\/posts\/9013\/revisions"}],"predecessor-version":[{"id":9015,"href":"https:\/\/agora.xtec.cat\/escolaponent-tarragona\/wp-json\/wp\/v2\/posts\/9013\/revisions\/9015"}],"wp:featuredmedia":[{"embeddable":true,"href":"https:\/\/agora.xtec.cat\/escolaponent-tarragona\/wp-json\/wp\/v2\/media\/9014"}],"wp:attachment":[{"href":"https:\/\/agora.xtec.cat\/escolaponent-tarragona\/wp-json\/wp\/v2\/media?parent=9013"}],"wp:term":[{"taxonomy":"category","embeddable":true,"href":"https:\/\/agora.xtec.cat\/escolaponent-tarragona\/wp-json\/wp\/v2\/categories?post=9013"},{"taxonomy":"post_tag","embeddable":true,"href":"https:\/\/agora.xtec.cat\/escolaponent-tarragona\/wp-json\/wp\/v2\/tags?post=9013"}],"curies":[{"name":"wp","href":"https:\/\/api.w.org\/{rel}","templated":true}]}}