{"id":8991,"date":"2020-09-02T17:56:35","date_gmt":"2020-09-02T15:56:35","guid":{"rendered":"http:\/\/agora.xtec.cat\/escolaponent-tarragona\/?p=8991"},"modified":"2021-09-01T17:10:09","modified_gmt":"2021-09-01T15:10:09","slug":"novetats-menjador-2","status":"publish","type":"post","link":"https:\/\/agora.xtec.cat\/escolaponent-tarragona\/portada\/novetats-menjador-2\/","title":{"rendered":"NOVETATS MENJADOR"},"content":{"rendered":"<p><a href=\"https:\/\/agora.xtec.cat\/escolaponent-tarragona\/wp-content\/uploads\/usu422\/2020\/09\/Novetats-Menjador.png\"><img loading=\"lazy\" decoding=\"async\" class=\"wp-image-8987 alignleft\" src=\"https:\/\/agora.xtec.cat\/escolaponent-tarragona\/wp-content\/uploads\/usu422\/2020\/09\/Novetats-Menjador.png\" alt=\"\" width=\"145\" height=\"145\" srcset=\"https:\/\/agora.xtec.cat\/escolaponent-tarragona\/wp-content\/uploads\/usu422\/2020\/09\/Novetats-Menjador.png 1400w, https:\/\/agora.xtec.cat\/escolaponent-tarragona\/wp-content\/uploads\/usu422\/2020\/09\/Novetats-Menjador-150x150.png 150w, https:\/\/agora.xtec.cat\/escolaponent-tarragona\/wp-content\/uploads\/usu422\/2020\/09\/Novetats-Menjador-300x300.png 300w, https:\/\/agora.xtec.cat\/escolaponent-tarragona\/wp-content\/uploads\/usu422\/2020\/09\/Novetats-Menjador-768x768.png 768w, https:\/\/agora.xtec.cat\/escolaponent-tarragona\/wp-content\/uploads\/usu422\/2020\/09\/Novetats-Menjador-1024x1024.png 1024w\" sizes=\"auto, (max-width: 145px) 100vw, 145px\" \/><\/a><span style=\"font-family: inherit; font-size: 1em;\">Fam\u00edlies,<\/span><\/p>\n<p>al seg\u00fcent enlla\u00e7 trobareu tota la informaci\u00f3 sobre el funcionament i normativa del Menjador Escolar per aquest curs 2020-2021.<\/p>\n<p>RECORDEU QUE TENIU FINS AL 9 DE SETEMBRE PER DONAR-VOS D&#8217;ALTA EN LA NOVA APLICACI\u00d3.<\/p>\n<p><a href=\"http:\/\/agora.xtec.cat\/escolaponent-tarragona\/lescola\/menjador-escolar\/\">MENJADOR ESCOLAR.<\/a><\/p>\n<p>&nbsp;<\/p>\n","protected":false},"excerpt":{"rendered":"<p>Fam\u00edlies, al seg\u00fcent enlla\u00e7 trobareu tota la informaci\u00f3 sobre el funcionament i normativa del Menjador Escolar per aquest curs 2020-2021. [&hellip;]<\/p>\n","protected":false},"author":1,"featured_media":8987,"comment_status":"open","ping_status":"closed","sticky":false,"template":"","format":"standard","meta":{"_bbp_topic_count":0,"_bbp_reply_count":0,"_bbp_total_topic_count":0,"_bbp_total_reply_count":0,"_bbp_voice_count":0,"_bbp_anonymous_reply_count":0,"_bbp_topic_count_hidden":0,"_bbp_reply_count_hidden":0,"_bbp_forum_subforum_count":0,"site-sidebar-layout":"default","site-content-layout":"","ast-site-content-layout":"","site-content-style":"default","site-sidebar-style":"default","ast-global-header-display":"","ast-banner-title-visibility":"","ast-main-header-display":"","ast-hfb-above-header-display":"","ast-hfb-below-header-display":"","ast-hfb-mobile-header-display":"","site-post-title":"","ast-breadcrumbs-content":"","ast-featured-img":"","footer-sml-layout":"","theme-transparent-header-meta":"","adv-header-id-meta":"","stick-header-meta":"","header-above-stick-meta":"","header-main-stick-meta":"","header-below-stick-meta":"","astra-migrate-meta-layouts":"default","ast-page-background-enabled":"default","ast-page-background-meta":{"desktop":{"background-color":"var(--ast-global-color-4)","background-image":"","background-repeat":"repeat","background-position":"center center","background-size":"auto","background-attachment":"scroll","background-type":"","background-media":"","overlay-type":"","overlay-color":"","overlay-opacity":"","overlay-gradient":""},"tablet":{"background-color":"","background-image":"","background-repeat":"repeat","background-position":"center center","background-size":"auto","background-attachment":"scroll","background-type":"","background-media":"","overlay-type":"","overlay-color":"","overlay-opacity":"","overlay-gradient":""},"mobile":{"background-color":"","background-image":"","background-repeat":"repeat","background-position":"center center","background-size":"auto","background-attachment":"scroll","background-type":"","background-media":"","overlay-type":"","overlay-color":"","overlay-opacity":"","overlay-gradient":""}},"ast-content-background-meta":{"desktop":{"background-color":"var(--ast-global-color-5)","background-image":"","background-repeat":"repeat","background-position":"center center","background-size":"auto","background-attachment":"scroll","background-type":"","background-media":"","overlay-type":"","overlay-color":"","overlay-opacity":"","overlay-gradient":""},"tablet":{"background-color":"var(--ast-global-color-5)","background-image":"","background-repeat":"repeat","background-position":"center center","background-size":"auto","background-attachment":"scroll","background-type":"","background-media":"","overlay-type":"","overlay-color":"","overlay-opacity":"","overlay-gradient":""},"mobile":{"background-color":"var(--ast-global-color-5)","background-image":"","background-repeat":"repeat","background-position":"center center","background-size":"auto","background-attachment":"scroll","background-type":"","background-media":"","overlay-type":"","overlay-color":"","overlay-opacity":"","overlay-gradient":""}},"footnotes":""},"categories":[4],"tags":[223],"class_list":["post-8991","post","type-post","status-publish","format-standard","has-post-thumbnail","hentry","category-portada","tag-menjador"],"post_mailing_queue_ids":[],"_links":{"self":[{"href":"https:\/\/agora.xtec.cat\/escolaponent-tarragona\/wp-json\/wp\/v2\/posts\/8991","targetHints":{"allow":["GET"]}}],"collection":[{"href":"https:\/\/agora.xtec.cat\/escolaponent-tarragona\/wp-json\/wp\/v2\/posts"}],"about":[{"href":"https:\/\/agora.xtec.cat\/escolaponent-tarragona\/wp-json\/wp\/v2\/types\/post"}],"author":[{"embeddable":true,"href":"https:\/\/agora.xtec.cat\/escolaponent-tarragona\/wp-json\/wp\/v2\/users\/1"}],"replies":[{"embeddable":true,"href":"https:\/\/agora.xtec.cat\/escolaponent-tarragona\/wp-json\/wp\/v2\/comments?post=8991"}],"version-history":[{"count":2,"href":"https:\/\/agora.xtec.cat\/escolaponent-tarragona\/wp-json\/wp\/v2\/posts\/8991\/revisions"}],"predecessor-version":[{"id":9004,"href":"https:\/\/agora.xtec.cat\/escolaponent-tarragona\/wp-json\/wp\/v2\/posts\/8991\/revisions\/9004"}],"wp:featuredmedia":[{"embeddable":true,"href":"https:\/\/agora.xtec.cat\/escolaponent-tarragona\/wp-json\/wp\/v2\/media\/8987"}],"wp:attachment":[{"href":"https:\/\/agora.xtec.cat\/escolaponent-tarragona\/wp-json\/wp\/v2\/media?parent=8991"}],"wp:term":[{"taxonomy":"category","embeddable":true,"href":"https:\/\/agora.xtec.cat\/escolaponent-tarragona\/wp-json\/wp\/v2\/categories?post=8991"},{"taxonomy":"post_tag","embeddable":true,"href":"https:\/\/agora.xtec.cat\/escolaponent-tarragona\/wp-json\/wp\/v2\/tags?post=8991"}],"curies":[{"name":"wp","href":"https:\/\/api.w.org\/{rel}","templated":true}]}}