{"id":7566,"date":"2020-04-09T11:54:21","date_gmt":"2020-04-09T09:54:21","guid":{"rendered":"http:\/\/agora.xtec.cat\/escolaponent-tarragona\/?p=7566"},"modified":"2021-09-01T17:11:15","modified_gmt":"2021-09-01T15:11:15","slug":"09-04-20-cartes-i-dibuixos","status":"publish","type":"post","link":"https:\/\/agora.xtec.cat\/escolaponent-tarragona\/infantil\/09-04-20-cartes-i-dibuixos\/","title":{"rendered":"[09\/04\/20]: Cartes i dibuixos"},"content":{"rendered":"<p>&nbsp;<\/p>\n<p style=\"text-align: justify;\">Estimades fam\u00edlies,<\/p>\n<p style=\"text-align: justify;\">com ja sabeu la nostra escola t\u00e9 una relaci\u00f3 molt especial amb la <span style=\"font-size: 20px;\"><strong><span style=\"color: #ff6600;\">Resid\u00e8ncia de Ponent<\/span><\/strong><\/span>. Els nostres nens i nenes, sovint, fan visites per celebrar algunes festes amb les persones grans del nostre barri.<\/p>\n<p style=\"text-align: justify;\">Volem seguir mantenint aquest vincle enviant <span style=\"color: #339966;\"><strong><span style=\"font-size: 20px;\">cartes<\/span> <\/strong><\/span>i <span style=\"color: #339966;\"><strong><span style=\"font-size: 20px;\">dibuixos<\/span><\/strong><\/span> als nostres avis i \u00e0vies. Us animeu?<\/p>\n<p style=\"text-align: justify;\"><span style=\"color: #3366ff;\"><strong><span style=\"font-size: 20px;\">Ens les podeu fer arribar als nostres correus electr\u00f2nics.\u00a0<\/span><\/strong><\/span><\/p>\n<p style=\"text-align: justify;\"><span style=\"color: #3366ff;\"><strong><span style=\"font-size: 20px;\"><a href=\"https:\/\/agora.xtec.cat\/escolaponent-tarragona\/wp-content\/uploads\/usu422\/2020\/04\/primary-colors.png\"><img loading=\"lazy\" decoding=\"async\" class=\"wp-image-7567 aligncenter\" src=\"https:\/\/agora.xtec.cat\/escolaponent-tarragona\/wp-content\/uploads\/usu422\/2020\/04\/primary-colors.png\" alt=\"\" width=\"298\" height=\"421\" srcset=\"https:\/\/agora.xtec.cat\/escolaponent-tarragona\/wp-content\/uploads\/usu422\/2020\/04\/primary-colors.png 1587w, https:\/\/agora.xtec.cat\/escolaponent-tarragona\/wp-content\/uploads\/usu422\/2020\/04\/primary-colors-212x300.png 212w, https:\/\/agora.xtec.cat\/escolaponent-tarragona\/wp-content\/uploads\/usu422\/2020\/04\/primary-colors-768x1086.png 768w, https:\/\/agora.xtec.cat\/escolaponent-tarragona\/wp-content\/uploads\/usu422\/2020\/04\/primary-colors-724x1024.png 724w\" sizes=\"auto, (max-width: 298px) 100vw, 298px\" \/><\/a>\u00a0<\/span><\/strong><\/span><\/p>\n","protected":false},"excerpt":{"rendered":"<p>&nbsp; Estimades fam\u00edlies, com ja sabeu la nostra escola t\u00e9 una relaci\u00f3 molt especial amb la Resid\u00e8ncia de Ponent. Els [&hellip;]<\/p>\n","protected":false},"author":1,"featured_media":7567,"comment_status":"open","ping_status":"closed","sticky":false,"template":"","format":"standard","meta":{"_bbp_topic_count":0,"_bbp_reply_count":0,"_bbp_total_topic_count":0,"_bbp_total_reply_count":0,"_bbp_voice_count":0,"_bbp_anonymous_reply_count":0,"_bbp_topic_count_hidden":0,"_bbp_reply_count_hidden":0,"_bbp_forum_subforum_count":0,"site-sidebar-layout":"default","site-content-layout":"","ast-site-content-layout":"","site-content-style":"default","site-sidebar-style":"default","ast-global-header-display":"","ast-banner-title-visibility":"","ast-main-header-display":"","ast-hfb-above-header-display":"","ast-hfb-below-header-display":"","ast-hfb-mobile-header-display":"","site-post-title":"","ast-breadcrumbs-content":"","ast-featured-img":"","footer-sml-layout":"","theme-transparent-header-meta":"","adv-header-id-meta":"","stick-header-meta":"","header-above-stick-meta":"","header-main-stick-meta":"","header-below-stick-meta":"","astra-migrate-meta-layouts":"default","ast-page-background-enabled":"default","ast-page-background-meta":{"desktop":{"background-color":"var(--ast-global-color-4)","background-image":"","background-repeat":"repeat","background-position":"center center","background-size":"auto","background-attachment":"scroll","background-type":"","background-media":"","overlay-type":"","overlay-color":"","overlay-opacity":"","overlay-gradient":""},"tablet":{"background-color":"","background-image":"","background-repeat":"repeat","background-position":"center center","background-size":"auto","background-attachment":"scroll","background-type":"","background-media":"","overlay-type":"","overlay-color":"","overlay-opacity":"","overlay-gradient":""},"mobile":{"background-color":"","background-image":"","background-repeat":"repeat","background-position":"center center","background-size":"auto","background-attachment":"scroll","background-type":"","background-media":"","overlay-type":"","overlay-color":"","overlay-opacity":"","overlay-gradient":""}},"ast-content-background-meta":{"desktop":{"background-color":"var(--ast-global-color-5)","background-image":"","background-repeat":"repeat","background-position":"center center","background-size":"auto","background-attachment":"scroll","background-type":"","background-media":"","overlay-type":"","overlay-color":"","overlay-opacity":"","overlay-gradient":""},"tablet":{"background-color":"var(--ast-global-color-5)","background-image":"","background-repeat":"repeat","background-position":"center center","background-size":"auto","background-attachment":"scroll","background-type":"","background-media":"","overlay-type":"","overlay-color":"","overlay-opacity":"","overlay-gradient":""},"mobile":{"background-color":"var(--ast-global-color-5)","background-image":"","background-repeat":"repeat","background-position":"center center","background-size":"auto","background-attachment":"scroll","background-type":"","background-media":"","overlay-type":"","overlay-color":"","overlay-opacity":"","overlay-gradient":""}},"footnotes":""},"categories":[7,2,4,5],"tags":[76],"class_list":["post-7566","post","type-post","status-publish","format-standard","has-post-thumbnail","hentry","category-ampa","category-infantil","category-portada","category-primaria","tag-familia"],"post_mailing_queue_ids":[],"_links":{"self":[{"href":"https:\/\/agora.xtec.cat\/escolaponent-tarragona\/wp-json\/wp\/v2\/posts\/7566","targetHints":{"allow":["GET"]}}],"collection":[{"href":"https:\/\/agora.xtec.cat\/escolaponent-tarragona\/wp-json\/wp\/v2\/posts"}],"about":[{"href":"https:\/\/agora.xtec.cat\/escolaponent-tarragona\/wp-json\/wp\/v2\/types\/post"}],"author":[{"embeddable":true,"href":"https:\/\/agora.xtec.cat\/escolaponent-tarragona\/wp-json\/wp\/v2\/users\/1"}],"replies":[{"embeddable":true,"href":"https:\/\/agora.xtec.cat\/escolaponent-tarragona\/wp-json\/wp\/v2\/comments?post=7566"}],"version-history":[{"count":3,"href":"https:\/\/agora.xtec.cat\/escolaponent-tarragona\/wp-json\/wp\/v2\/posts\/7566\/revisions"}],"predecessor-version":[{"id":7574,"href":"https:\/\/agora.xtec.cat\/escolaponent-tarragona\/wp-json\/wp\/v2\/posts\/7566\/revisions\/7574"}],"wp:featuredmedia":[{"embeddable":true,"href":"https:\/\/agora.xtec.cat\/escolaponent-tarragona\/wp-json\/wp\/v2\/media\/7567"}],"wp:attachment":[{"href":"https:\/\/agora.xtec.cat\/escolaponent-tarragona\/wp-json\/wp\/v2\/media?parent=7566"}],"wp:term":[{"taxonomy":"category","embeddable":true,"href":"https:\/\/agora.xtec.cat\/escolaponent-tarragona\/wp-json\/wp\/v2\/categories?post=7566"},{"taxonomy":"post_tag","embeddable":true,"href":"https:\/\/agora.xtec.cat\/escolaponent-tarragona\/wp-json\/wp\/v2\/tags?post=7566"}],"curies":[{"name":"wp","href":"https:\/\/api.w.org\/{rel}","templated":true}]}}