{"id":6890,"date":"2020-03-16T17:13:54","date_gmt":"2020-03-16T16:13:54","guid":{"rendered":"http:\/\/agora.xtec.cat\/escolaponent-tarragona\/?p=6890"},"modified":"2020-03-17T13:41:53","modified_gmt":"2020-03-17T12:41:53","slug":"recomanacions-16-03-20-2","status":"publish","type":"post","link":"https:\/\/agora.xtec.cat\/escolaponent-tarragona\/primaria\/3r\/recomanacions-16-03-20-2\/","title":{"rendered":"Recomanacions [16\/03\/20]"},"content":{"rendered":"<p>Hola nenes i nens,<\/p>\n<p>com esteu? Com que aquests dies teniu temps per tot a<span style=\"font-weight: 400;\">qu\u00ed us deixem una s\u00e8rie d\u2019activitats i recursos per a que pogueu anar treballant desde casa:<\/span><\/p>\n<p><b>\u00a0MATEM\u00c0TIQUES<\/b><\/p>\n<p><span style=\"font-weight: 400;\">Per <em>practicar les taules<\/em>, us deixem un enlla\u00e7 on apareixen diferents trucs que hem vist i practicat a l\u2019aula:<\/span><\/p>\n<p style=\"padding-left: 80px;\"><a href=\"https:\/\/natibergada.cat\/trucs-per-ensenyar-les-taules-de-multiplicar\"><span style=\"font-weight: 400;\">https:\/\/natibergada.cat\/trucs-per-ensenyar-les-taules-de-multiplicar<\/span><\/a><\/p>\n<p><span style=\"font-weight: 400;\">Per posar-vos a prova i <em>memoritzar les taules<\/em> us proposem aquest joc de carreres, vigileu si ho feu b\u00e9, va pujant el nivell!!<\/span><\/p>\n<p><a href=\"https:\/\/toytheater.com\/multiply-race\/\"><img loading=\"lazy\" decoding=\"async\" class=\"size-thumbnail wp-image-6891 alignnone\" src=\"https:\/\/agora.xtec.cat\/escolaponent-tarragona\/wp-content\/uploads\/usu422\/2020\/03\/3r-multi-150x150.png\" alt=\"\" width=\"150\" height=\"150\" \/><\/a><\/p>\n<p><a href=\"https:\/\/toytheater.com\/multiply-race\/\"><span style=\"font-weight: 400;\">https:\/\/toytheater.com\/multiply-race\/<\/span><\/a><\/p>\n<p>&nbsp;<\/p>\n<p><span style=\"font-weight: 400;\">Per \u00faltim una mica de c\u00e0lcul mental, recordeu que una bona estrat\u00e8gia es buscar el n\u00famero rod\u00f3!!!<\/span><\/p>\n<p><a href=\"http:\/\/www.xtec.cat\/~ivilater\/enlinia\/cmental1.htm\"><span style=\"font-weight: 400;\">http:\/\/www.xtec.cat\/~ivilater\/enlinia\/cmental1.htm<\/span><\/a><\/p>\n<p>&nbsp;<\/p>\n<p><span style=\"font-weight: 400;\">Si teniu ganes de m\u00e9s\u2026 consulteu el <a href=\"https:\/\/agora.xtec.cat\/escolaponent-tarragona\/cicle-mitja\/\">symbaloo<\/a> del nostre cicle (el teniu a la part de dalt d\u2019aquesta p\u00e0gina), on podreu trobar d\u2019altres recursos. <\/span><\/p>\n<p><span style=\"font-weight: 400;\">Tamb\u00e9 us deixem aquest v\u00eddeo per donar-vos m\u00e9s idees de coses que podeu anar fent durant aquests dies.<\/span><\/p>\n<p><a href=\"https:\/\/www.ccma.cat\/tv3\/super3\/infok\/\"><span style=\"font-weight: 400;\">https:\/\/www.ccma.cat\/tv3\/super3\/infok\/<\/span><\/a><\/p>\n<p>&nbsp;<\/p>\n<p><b>LLENGUA CATALANA\u00a0<\/b><\/p>\n<p><span style=\"font-weight: 400;\">Llegeix aquesta descripci\u00f3 sobre el Bob Esponja:<\/span><\/p>\n<p><b>El Bob Esponja \u00e9s una tendra i divertida esponja que viu a Fons de Biquini, una peculiar ciutat que es troba al fons del mar. T\u00e9 molts amics i amigues i per aix\u00f2 gaireb\u00e9 mai se\u2019l veu sol en les seves aventures. El dibuixen com una gran esponja quadrada de color groc, amb dos grans ulls rodons i una gran bocassa amb dues \u00faniques dents superiors. El seu cos \u00e9s escanyolit. Va vestit amb una camisa blanca de m\u00e0niga curta i una petita corbata vermella. Porta pantalons curts de color marr\u00f3, mitjons blancs i sabates negres.<\/b><\/p>\n<p><b>\u00a0El Bob Esponja \u00e9s un personatge feli\u00e7, senzill i alegre. Es caracteritza pel seu gran entusiasme, sobretot en la seva feina de cuiner al \u201cCrustaci Cruixent\u201d.\u00a0<\/b><\/p>\n<p><b>Les seves principals aficions s\u00f3n fer bombolles de sab\u00f3 i jugar a ca\u00e7ar meduses amb el seu inseparable amic Patrici Estrella.<\/b><\/p>\n<p>&nbsp;<\/p>\n<p><span style=\"font-weight: 400;\">Copia el text en un full, assenyala totes les parts de la descripci\u00f3, cadascuna d\u2019un color i per \u00faltim encercla\u2019n els adjectius.<\/span><\/p>\n<p>Si vosaltres o les vostres fam\u00edlies voleu, podeu contactar amb nosaltres per correu electr\u00f2nic.<\/p>\n<p>RECORDEU:L&#8217;ALUMNAT AMB RITMES D&#8217;APRENENTATGE DIFERENT AL SEU CURS, CONTACTEU AMB LA TUTORA PER REBRE UNES INSTRUCCIONS DE TREBALL M\u00c9S CONCRETES.<\/p>\n<p><strong>\u00c0nims!!! una abra\u00e7ada les vostres tutores Ana i Oreto<\/strong><\/p>\n","protected":false},"excerpt":{"rendered":"<p>Hola nenes i nens,\u00a0com esteu? Com que aquest dies teniu temps per tot aqu\u00ed us deixem una s\u00e8rie d\u2019activitats i recursos per a que pogueu anar treballant desde casa:<\/p>\n","protected":false},"author":1,"featured_media":6893,"comment_status":"open","ping_status":"closed","sticky":false,"template":"","format":"standard","meta":{"_bbp_topic_count":0,"_bbp_reply_count":0,"_bbp_total_topic_count":0,"_bbp_total_reply_count":0,"_bbp_voice_count":0,"_bbp_anonymous_reply_count":0,"_bbp_topic_count_hidden":0,"_bbp_reply_count_hidden":0,"_bbp_forum_subforum_count":0,"site-sidebar-layout":"default","site-content-layout":"","ast-site-content-layout":"","site-content-style":"default","site-sidebar-style":"default","ast-global-header-display":"","ast-banner-title-visibility":"","ast-main-header-display":"","ast-hfb-above-header-display":"","ast-hfb-below-header-display":"","ast-hfb-mobile-header-display":"","site-post-title":"","ast-breadcrumbs-content":"","ast-featured-img":"","footer-sml-layout":"","theme-transparent-header-meta":"","adv-header-id-meta":"","stick-header-meta":"","header-above-stick-meta":"","header-main-stick-meta":"","header-below-stick-meta":"","astra-migrate-meta-layouts":"default","ast-page-background-enabled":"default","ast-page-background-meta":{"desktop":{"background-color":"var(--ast-global-color-4)","background-image":"","background-repeat":"repeat","background-position":"center center","background-size":"auto","background-attachment":"scroll","background-type":"","background-media":"","overlay-type":"","overlay-color":"","overlay-opacity":"","overlay-gradient":""},"tablet":{"background-color":"","background-image":"","background-repeat":"repeat","background-position":"center center","background-size":"auto","background-attachment":"scroll","background-type":"","background-media":"","overlay-type":"","overlay-color":"","overlay-opacity":"","overlay-gradient":""},"mobile":{"background-color":"","background-image":"","background-repeat":"repeat","background-position":"center center","background-size":"auto","background-attachment":"scroll","background-type":"","background-media":"","overlay-type":"","overlay-color":"","overlay-opacity":"","overlay-gradient":""}},"ast-content-background-meta":{"desktop":{"background-color":"var(--ast-global-color-5)","background-image":"","background-repeat":"repeat","background-position":"center center","background-size":"auto","background-attachment":"scroll","background-type":"","background-media":"","overlay-type":"","overlay-color":"","overlay-opacity":"","overlay-gradient":""},"tablet":{"background-color":"var(--ast-global-color-5)","background-image":"","background-repeat":"repeat","background-position":"center center","background-size":"auto","background-attachment":"scroll","background-type":"","background-media":"","overlay-type":"","overlay-color":"","overlay-opacity":"","overlay-gradient":""},"mobile":{"background-color":"var(--ast-global-color-5)","background-image":"","background-repeat":"repeat","background-position":"center center","background-size":"auto","background-attachment":"scroll","background-type":"","background-media":"","overlay-type":"","overlay-color":"","overlay-opacity":"","overlay-gradient":""}},"footnotes":""},"categories":[12],"tags":[],"class_list":["post-6890","post","type-post","status-publish","format-standard","has-post-thumbnail","hentry","category-3r"],"post_mailing_queue_ids":[],"_links":{"self":[{"href":"https:\/\/agora.xtec.cat\/escolaponent-tarragona\/wp-json\/wp\/v2\/posts\/6890","targetHints":{"allow":["GET"]}}],"collection":[{"href":"https:\/\/agora.xtec.cat\/escolaponent-tarragona\/wp-json\/wp\/v2\/posts"}],"about":[{"href":"https:\/\/agora.xtec.cat\/escolaponent-tarragona\/wp-json\/wp\/v2\/types\/post"}],"author":[{"embeddable":true,"href":"https:\/\/agora.xtec.cat\/escolaponent-tarragona\/wp-json\/wp\/v2\/users\/1"}],"replies":[{"embeddable":true,"href":"https:\/\/agora.xtec.cat\/escolaponent-tarragona\/wp-json\/wp\/v2\/comments?post=6890"}],"version-history":[{"count":3,"href":"https:\/\/agora.xtec.cat\/escolaponent-tarragona\/wp-json\/wp\/v2\/posts\/6890\/revisions"}],"predecessor-version":[{"id":6936,"href":"https:\/\/agora.xtec.cat\/escolaponent-tarragona\/wp-json\/wp\/v2\/posts\/6890\/revisions\/6936"}],"wp:featuredmedia":[{"embeddable":true,"href":"https:\/\/agora.xtec.cat\/escolaponent-tarragona\/wp-json\/wp\/v2\/media\/6893"}],"wp:attachment":[{"href":"https:\/\/agora.xtec.cat\/escolaponent-tarragona\/wp-json\/wp\/v2\/media?parent=6890"}],"wp:term":[{"taxonomy":"category","embeddable":true,"href":"https:\/\/agora.xtec.cat\/escolaponent-tarragona\/wp-json\/wp\/v2\/categories?post=6890"},{"taxonomy":"post_tag","embeddable":true,"href":"https:\/\/agora.xtec.cat\/escolaponent-tarragona\/wp-json\/wp\/v2\/tags?post=6890"}],"curies":[{"name":"wp","href":"https:\/\/api.w.org\/{rel}","templated":true}]}}