{"id":5716,"date":"2019-11-07T13:43:43","date_gmt":"2019-11-07T12:43:43","guid":{"rendered":"http:\/\/agora.xtec.cat\/escolaponent-tarragona\/?p=5716"},"modified":"2019-11-11T13:54:51","modified_gmt":"2019-11-11T12:54:51","slug":"la-piramide-dels-aliments","status":"publish","type":"post","link":"https:\/\/agora.xtec.cat\/escolaponent-tarragona\/general\/la-piramide-dels-aliments\/","title":{"rendered":"La pir\u00e0mide dels aliments"},"content":{"rendered":"<p>Al projecte &#8220;El cos Hum\u00e0&#8221;, els alumnes de 3r A i B hem elaborat una pir\u00e0mide dels aliments mitjan\u00e7ant retalls. Ja ho sabeu, si voleu estar d&#8217;all\u00f2 m\u00e9s saludables, doneu un cop d&#8217;ull a les fotos&#8230;<a href=\"https:\/\/agora.xtec.cat\/escolaponent-tarragona\/wp-content\/uploads\/usu422\/2019\/11\/WhatsApp-Image-2019-11-07-at-17.35.37.jpeg\"><img loading=\"lazy\" decoding=\"async\" class=\"wp-image-5719 aligncenter\" src=\"https:\/\/agora.xtec.cat\/escolaponent-tarragona\/wp-content\/uploads\/usu422\/2019\/11\/WhatsApp-Image-2019-11-07-at-17.35.37-1024x766.jpeg\" alt=\"\" width=\"611\" height=\"457\" srcset=\"https:\/\/agora.xtec.cat\/escolaponent-tarragona\/wp-content\/uploads\/usu422\/2019\/11\/WhatsApp-Image-2019-11-07-at-17.35.37-1024x766.jpeg 1024w, https:\/\/agora.xtec.cat\/escolaponent-tarragona\/wp-content\/uploads\/usu422\/2019\/11\/WhatsApp-Image-2019-11-07-at-17.35.37-300x224.jpeg 300w, https:\/\/agora.xtec.cat\/escolaponent-tarragona\/wp-content\/uploads\/usu422\/2019\/11\/WhatsApp-Image-2019-11-07-at-17.35.37-768x574.jpeg 768w, https:\/\/agora.xtec.cat\/escolaponent-tarragona\/wp-content\/uploads\/usu422\/2019\/11\/WhatsApp-Image-2019-11-07-at-17.35.37-200x150.jpeg 200w, https:\/\/agora.xtec.cat\/escolaponent-tarragona\/wp-content\/uploads\/usu422\/2019\/11\/WhatsApp-Image-2019-11-07-at-17.35.37.jpeg 2016w\" sizes=\"auto, (max-width: 611px) 100vw, 611px\" \/><\/a><\/p>\n<p><a href=\"https:\/\/agora.xtec.cat\/escolaponent-tarragona\/wp-content\/uploads\/usu422\/2019\/11\/WhatsApp-Image-2019-11-07-at-17.35.38.jpeg\"><img loading=\"lazy\" decoding=\"async\" class=\"alignnone  wp-image-5718\" src=\"https:\/\/agora.xtec.cat\/escolaponent-tarragona\/wp-content\/uploads\/usu422\/2019\/11\/WhatsApp-Image-2019-11-07-at-17.35.38-1024x766.jpeg\" alt=\"\" width=\"386\" height=\"289\" srcset=\"https:\/\/agora.xtec.cat\/escolaponent-tarragona\/wp-content\/uploads\/usu422\/2019\/11\/WhatsApp-Image-2019-11-07-at-17.35.38-1024x766.jpeg 1024w, https:\/\/agora.xtec.cat\/escolaponent-tarragona\/wp-content\/uploads\/usu422\/2019\/11\/WhatsApp-Image-2019-11-07-at-17.35.38-300x224.jpeg 300w, https:\/\/agora.xtec.cat\/escolaponent-tarragona\/wp-content\/uploads\/usu422\/2019\/11\/WhatsApp-Image-2019-11-07-at-17.35.38-768x574.jpeg 768w, https:\/\/agora.xtec.cat\/escolaponent-tarragona\/wp-content\/uploads\/usu422\/2019\/11\/WhatsApp-Image-2019-11-07-at-17.35.38-200x150.jpeg 200w, https:\/\/agora.xtec.cat\/escolaponent-tarragona\/wp-content\/uploads\/usu422\/2019\/11\/WhatsApp-Image-2019-11-07-at-17.35.38.jpeg 2016w\" sizes=\"auto, (max-width: 386px) 100vw, 386px\" \/><\/a> <a href=\"https:\/\/agora.xtec.cat\/escolaponent-tarragona\/wp-content\/uploads\/usu422\/2019\/11\/WhatsApp-Image-2019-11-07-at-17.35.381.jpeg\"><img loading=\"lazy\" decoding=\"async\" class=\"alignnone  wp-image-5720\" src=\"https:\/\/agora.xtec.cat\/escolaponent-tarragona\/wp-content\/uploads\/usu422\/2019\/11\/WhatsApp-Image-2019-11-07-at-17.35.381-1024x766.jpeg\" alt=\"\" width=\"385\" height=\"288\" srcset=\"https:\/\/agora.xtec.cat\/escolaponent-tarragona\/wp-content\/uploads\/usu422\/2019\/11\/WhatsApp-Image-2019-11-07-at-17.35.381-1024x766.jpeg 1024w, https:\/\/agora.xtec.cat\/escolaponent-tarragona\/wp-content\/uploads\/usu422\/2019\/11\/WhatsApp-Image-2019-11-07-at-17.35.381-300x224.jpeg 300w, https:\/\/agora.xtec.cat\/escolaponent-tarragona\/wp-content\/uploads\/usu422\/2019\/11\/WhatsApp-Image-2019-11-07-at-17.35.381-768x574.jpeg 768w, https:\/\/agora.xtec.cat\/escolaponent-tarragona\/wp-content\/uploads\/usu422\/2019\/11\/WhatsApp-Image-2019-11-07-at-17.35.381-200x150.jpeg 200w, https:\/\/agora.xtec.cat\/escolaponent-tarragona\/wp-content\/uploads\/usu422\/2019\/11\/WhatsApp-Image-2019-11-07-at-17.35.381.jpeg 2016w\" sizes=\"auto, (max-width: 385px) 100vw, 385px\" \/><\/a><\/p>\n<p>&nbsp;<\/p>\n","protected":false},"excerpt":{"rendered":"<p>Al projecte &#8220;El cos Hum\u00e0&#8221;, els alumnes de 3r A i B hem elaborat una pir\u00e0mide dels aliments mitjan\u00e7ant retalls. [&hellip;]<\/p>\n","protected":false},"author":3,"featured_media":1726,"comment_status":"open","ping_status":"closed","sticky":false,"template":"","format":"standard","meta":{"_bbp_topic_count":0,"_bbp_reply_count":0,"_bbp_total_topic_count":0,"_bbp_total_reply_count":0,"_bbp_voice_count":0,"_bbp_anonymous_reply_count":0,"_bbp_topic_count_hidden":0,"_bbp_reply_count_hidden":0,"_bbp_forum_subforum_count":0,"site-sidebar-layout":"default","site-content-layout":"","ast-site-content-layout":"","site-content-style":"default","site-sidebar-style":"default","ast-global-header-display":"","ast-banner-title-visibility":"","ast-main-header-display":"","ast-hfb-above-header-display":"","ast-hfb-below-header-display":"","ast-hfb-mobile-header-display":"","site-post-title":"","ast-breadcrumbs-content":"","ast-featured-img":"","footer-sml-layout":"","theme-transparent-header-meta":"","adv-header-id-meta":"","stick-header-meta":"","header-above-stick-meta":"","header-main-stick-meta":"","header-below-stick-meta":"","astra-migrate-meta-layouts":"default","ast-page-background-enabled":"default","ast-page-background-meta":{"desktop":{"background-color":"var(--ast-global-color-4)","background-image":"","background-repeat":"repeat","background-position":"center center","background-size":"auto","background-attachment":"scroll","background-type":"","background-media":"","overlay-type":"","overlay-color":"","overlay-opacity":"","overlay-gradient":""},"tablet":{"background-color":"","background-image":"","background-repeat":"repeat","background-position":"center center","background-size":"auto","background-attachment":"scroll","background-type":"","background-media":"","overlay-type":"","overlay-color":"","overlay-opacity":"","overlay-gradient":""},"mobile":{"background-color":"","background-image":"","background-repeat":"repeat","background-position":"center center","background-size":"auto","background-attachment":"scroll","background-type":"","background-media":"","overlay-type":"","overlay-color":"","overlay-opacity":"","overlay-gradient":""}},"ast-content-background-meta":{"desktop":{"background-color":"var(--ast-global-color-5)","background-image":"","background-repeat":"repeat","background-position":"center center","background-size":"auto","background-attachment":"scroll","background-type":"","background-media":"","overlay-type":"","overlay-color":"","overlay-opacity":"","overlay-gradient":""},"tablet":{"background-color":"var(--ast-global-color-5)","background-image":"","background-repeat":"repeat","background-position":"center center","background-size":"auto","background-attachment":"scroll","background-type":"","background-media":"","overlay-type":"","overlay-color":"","overlay-opacity":"","overlay-gradient":""},"mobile":{"background-color":"var(--ast-global-color-5)","background-image":"","background-repeat":"repeat","background-position":"center center","background-size":"auto","background-attachment":"scroll","background-type":"","background-media":"","overlay-type":"","overlay-color":"","overlay-opacity":"","overlay-gradient":""}},"footnotes":""},"categories":[12,1,5],"tags":[199,130,59],"class_list":["post-5716","post","type-post","status-publish","format-standard","has-post-thumbnail","hentry","category-3r","category-general","category-primaria","tag-el-cos-huma","tag-medi","tag-projectes"],"post_mailing_queue_ids":[],"_links":{"self":[{"href":"https:\/\/agora.xtec.cat\/escolaponent-tarragona\/wp-json\/wp\/v2\/posts\/5716","targetHints":{"allow":["GET"]}}],"collection":[{"href":"https:\/\/agora.xtec.cat\/escolaponent-tarragona\/wp-json\/wp\/v2\/posts"}],"about":[{"href":"https:\/\/agora.xtec.cat\/escolaponent-tarragona\/wp-json\/wp\/v2\/types\/post"}],"author":[{"embeddable":true,"href":"https:\/\/agora.xtec.cat\/escolaponent-tarragona\/wp-json\/wp\/v2\/users\/3"}],"replies":[{"embeddable":true,"href":"https:\/\/agora.xtec.cat\/escolaponent-tarragona\/wp-json\/wp\/v2\/comments?post=5716"}],"version-history":[{"count":2,"href":"https:\/\/agora.xtec.cat\/escolaponent-tarragona\/wp-json\/wp\/v2\/posts\/5716\/revisions"}],"predecessor-version":[{"id":5721,"href":"https:\/\/agora.xtec.cat\/escolaponent-tarragona\/wp-json\/wp\/v2\/posts\/5716\/revisions\/5721"}],"wp:featuredmedia":[{"embeddable":true,"href":"https:\/\/agora.xtec.cat\/escolaponent-tarragona\/wp-json\/wp\/v2\/media\/1726"}],"wp:attachment":[{"href":"https:\/\/agora.xtec.cat\/escolaponent-tarragona\/wp-json\/wp\/v2\/media?parent=5716"}],"wp:term":[{"taxonomy":"category","embeddable":true,"href":"https:\/\/agora.xtec.cat\/escolaponent-tarragona\/wp-json\/wp\/v2\/categories?post=5716"},{"taxonomy":"post_tag","embeddable":true,"href":"https:\/\/agora.xtec.cat\/escolaponent-tarragona\/wp-json\/wp\/v2\/tags?post=5716"}],"curies":[{"name":"wp","href":"https:\/\/api.w.org\/{rel}","templated":true}]}}