{"id":5252,"date":"2019-10-20T08:43:16","date_gmt":"2019-10-20T06:43:16","guid":{"rendered":"http:\/\/agora.xtec.cat\/escolaponent-tarragona\/?p=5252"},"modified":"2019-10-20T08:45:51","modified_gmt":"2019-10-20T06:45:51","slug":"comencem-un-nou-projecte-el-cos-huma","status":"publish","type":"post","link":"https:\/\/agora.xtec.cat\/escolaponent-tarragona\/general\/comencem-un-nou-projecte-el-cos-huma\/","title":{"rendered":"Comencem un nou projecte: El cos hum\u00e0"},"content":{"rendered":"<p lang=\"ca-ES\">Els superherois que donen nom a les classes de 4<sup>t<\/sup> A i B tenen moltes coses en com\u00fa. Ens vam adonar que el Thor i el Goku tenen molta for\u00e7a, nom\u00e9s cal veure els seus m\u00fasculs. \u00c9s per aix\u00f2 que ens van comen\u00e7ar a sorgir dubtes relacionats amb l\u2019aparell locomotor. Comencem un nou projecte!<\/p>\n<p lang=\"ca-ES\"><a href=\"https:\/\/agora.xtec.cat\/escolaponent-tarragona\/wp-content\/uploads\/usu422\/2019\/10\/WhatsApp-Image-2019-10-20-at-07.48.361.jpeg\"><img loading=\"lazy\" decoding=\"async\" class=\"alignnone wp-image-5253\" src=\"https:\/\/agora.xtec.cat\/escolaponent-tarragona\/wp-content\/uploads\/usu422\/2019\/10\/WhatsApp-Image-2019-10-20-at-07.48.361-1024x768.jpeg\" alt=\"\" width=\"403\" height=\"302\" srcset=\"https:\/\/agora.xtec.cat\/escolaponent-tarragona\/wp-content\/uploads\/usu422\/2019\/10\/WhatsApp-Image-2019-10-20-at-07.48.361-1024x768.jpeg 1024w, https:\/\/agora.xtec.cat\/escolaponent-tarragona\/wp-content\/uploads\/usu422\/2019\/10\/WhatsApp-Image-2019-10-20-at-07.48.361-300x225.jpeg 300w, https:\/\/agora.xtec.cat\/escolaponent-tarragona\/wp-content\/uploads\/usu422\/2019\/10\/WhatsApp-Image-2019-10-20-at-07.48.361-768x576.jpeg 768w, https:\/\/agora.xtec.cat\/escolaponent-tarragona\/wp-content\/uploads\/usu422\/2019\/10\/WhatsApp-Image-2019-10-20-at-07.48.361-200x150.jpeg 200w, https:\/\/agora.xtec.cat\/escolaponent-tarragona\/wp-content\/uploads\/usu422\/2019\/10\/WhatsApp-Image-2019-10-20-at-07.48.361.jpeg 1600w\" sizes=\"auto, (max-width: 403px) 100vw, 403px\" \/><\/a> <a href=\"https:\/\/agora.xtec.cat\/escolaponent-tarragona\/wp-content\/uploads\/usu422\/2019\/10\/WhatsApp-Image-2019-10-20-at-07.48.37.jpeg\"><img loading=\"lazy\" decoding=\"async\" class=\"alignnone wp-image-5255\" src=\"https:\/\/agora.xtec.cat\/escolaponent-tarragona\/wp-content\/uploads\/usu422\/2019\/10\/WhatsApp-Image-2019-10-20-at-07.48.37-1024x768.jpeg\" alt=\"\" width=\"404\" height=\"303\" srcset=\"https:\/\/agora.xtec.cat\/escolaponent-tarragona\/wp-content\/uploads\/usu422\/2019\/10\/WhatsApp-Image-2019-10-20-at-07.48.37-1024x768.jpeg 1024w, https:\/\/agora.xtec.cat\/escolaponent-tarragona\/wp-content\/uploads\/usu422\/2019\/10\/WhatsApp-Image-2019-10-20-at-07.48.37-300x225.jpeg 300w, https:\/\/agora.xtec.cat\/escolaponent-tarragona\/wp-content\/uploads\/usu422\/2019\/10\/WhatsApp-Image-2019-10-20-at-07.48.37-768x576.jpeg 768w, https:\/\/agora.xtec.cat\/escolaponent-tarragona\/wp-content\/uploads\/usu422\/2019\/10\/WhatsApp-Image-2019-10-20-at-07.48.37-200x150.jpeg 200w, https:\/\/agora.xtec.cat\/escolaponent-tarragona\/wp-content\/uploads\/usu422\/2019\/10\/WhatsApp-Image-2019-10-20-at-07.48.37.jpeg 1600w\" sizes=\"auto, (max-width: 404px) 100vw, 404px\" \/><\/a><\/p>\n<p lang=\"ca-ES\"><a href=\"https:\/\/agora.xtec.cat\/escolaponent-tarragona\/wp-content\/uploads\/usu422\/2019\/10\/WhatsApp-Image-2019-10-20-at-07.48.36.jpeg\"><img loading=\"lazy\" decoding=\"async\" class=\"alignnone size-large wp-image-5254\" src=\"https:\/\/agora.xtec.cat\/escolaponent-tarragona\/wp-content\/uploads\/usu422\/2019\/10\/WhatsApp-Image-2019-10-20-at-07.48.36-1024x768.jpeg\" alt=\"\" width=\"1024\" height=\"768\" srcset=\"https:\/\/agora.xtec.cat\/escolaponent-tarragona\/wp-content\/uploads\/usu422\/2019\/10\/WhatsApp-Image-2019-10-20-at-07.48.36-1024x768.jpeg 1024w, https:\/\/agora.xtec.cat\/escolaponent-tarragona\/wp-content\/uploads\/usu422\/2019\/10\/WhatsApp-Image-2019-10-20-at-07.48.36-300x225.jpeg 300w, https:\/\/agora.xtec.cat\/escolaponent-tarragona\/wp-content\/uploads\/usu422\/2019\/10\/WhatsApp-Image-2019-10-20-at-07.48.36-768x576.jpeg 768w, https:\/\/agora.xtec.cat\/escolaponent-tarragona\/wp-content\/uploads\/usu422\/2019\/10\/WhatsApp-Image-2019-10-20-at-07.48.36-200x150.jpeg 200w, https:\/\/agora.xtec.cat\/escolaponent-tarragona\/wp-content\/uploads\/usu422\/2019\/10\/WhatsApp-Image-2019-10-20-at-07.48.36.jpeg 1600w\" sizes=\"auto, (max-width: 1024px) 100vw, 1024px\" \/><\/a><\/p>\n","protected":false},"excerpt":{"rendered":"<p>Els superherois que donen nom a les classes de 4t A i B tenen moltes coses en com\u00fa. Ens vam [&hellip;]<\/p>\n","protected":false},"author":3,"featured_media":1726,"comment_status":"open","ping_status":"closed","sticky":false,"template":"","format":"standard","meta":{"_bbp_topic_count":0,"_bbp_reply_count":0,"_bbp_total_topic_count":0,"_bbp_total_reply_count":0,"_bbp_voice_count":0,"_bbp_anonymous_reply_count":0,"_bbp_topic_count_hidden":0,"_bbp_reply_count_hidden":0,"_bbp_forum_subforum_count":0,"site-sidebar-layout":"default","site-content-layout":"","ast-site-content-layout":"","site-content-style":"default","site-sidebar-style":"default","ast-global-header-display":"","ast-banner-title-visibility":"","ast-main-header-display":"","ast-hfb-above-header-display":"","ast-hfb-below-header-display":"","ast-hfb-mobile-header-display":"","site-post-title":"","ast-breadcrumbs-content":"","ast-featured-img":"","footer-sml-layout":"","theme-transparent-header-meta":"","adv-header-id-meta":"","stick-header-meta":"","header-above-stick-meta":"","header-main-stick-meta":"","header-below-stick-meta":"","astra-migrate-meta-layouts":"default","ast-page-background-enabled":"default","ast-page-background-meta":{"desktop":{"background-color":"var(--ast-global-color-4)","background-image":"","background-repeat":"repeat","background-position":"center center","background-size":"auto","background-attachment":"scroll","background-type":"","background-media":"","overlay-type":"","overlay-color":"","overlay-opacity":"","overlay-gradient":""},"tablet":{"background-color":"","background-image":"","background-repeat":"repeat","background-position":"center center","background-size":"auto","background-attachment":"scroll","background-type":"","background-media":"","overlay-type":"","overlay-color":"","overlay-opacity":"","overlay-gradient":""},"mobile":{"background-color":"","background-image":"","background-repeat":"repeat","background-position":"center center","background-size":"auto","background-attachment":"scroll","background-type":"","background-media":"","overlay-type":"","overlay-color":"","overlay-opacity":"","overlay-gradient":""}},"ast-content-background-meta":{"desktop":{"background-color":"var(--ast-global-color-5)","background-image":"","background-repeat":"repeat","background-position":"center center","background-size":"auto","background-attachment":"scroll","background-type":"","background-media":"","overlay-type":"","overlay-color":"","overlay-opacity":"","overlay-gradient":""},"tablet":{"background-color":"var(--ast-global-color-5)","background-image":"","background-repeat":"repeat","background-position":"center center","background-size":"auto","background-attachment":"scroll","background-type":"","background-media":"","overlay-type":"","overlay-color":"","overlay-opacity":"","overlay-gradient":""},"mobile":{"background-color":"var(--ast-global-color-5)","background-image":"","background-repeat":"repeat","background-position":"center center","background-size":"auto","background-attachment":"scroll","background-type":"","background-media":"","overlay-type":"","overlay-color":"","overlay-opacity":"","overlay-gradient":""}},"footnotes":""},"categories":[13,1],"tags":[199,80,130,59],"class_list":["post-5252","post","type-post","status-publish","format-standard","has-post-thumbnail","hentry","category-4t","category-general","tag-el-cos-huma","tag-exposicio","tag-medi","tag-projectes"],"post_mailing_queue_ids":[],"_links":{"self":[{"href":"https:\/\/agora.xtec.cat\/escolaponent-tarragona\/wp-json\/wp\/v2\/posts\/5252","targetHints":{"allow":["GET"]}}],"collection":[{"href":"https:\/\/agora.xtec.cat\/escolaponent-tarragona\/wp-json\/wp\/v2\/posts"}],"about":[{"href":"https:\/\/agora.xtec.cat\/escolaponent-tarragona\/wp-json\/wp\/v2\/types\/post"}],"author":[{"embeddable":true,"href":"https:\/\/agora.xtec.cat\/escolaponent-tarragona\/wp-json\/wp\/v2\/users\/3"}],"replies":[{"embeddable":true,"href":"https:\/\/agora.xtec.cat\/escolaponent-tarragona\/wp-json\/wp\/v2\/comments?post=5252"}],"version-history":[{"count":4,"href":"https:\/\/agora.xtec.cat\/escolaponent-tarragona\/wp-json\/wp\/v2\/posts\/5252\/revisions"}],"predecessor-version":[{"id":5259,"href":"https:\/\/agora.xtec.cat\/escolaponent-tarragona\/wp-json\/wp\/v2\/posts\/5252\/revisions\/5259"}],"wp:featuredmedia":[{"embeddable":true,"href":"https:\/\/agora.xtec.cat\/escolaponent-tarragona\/wp-json\/wp\/v2\/media\/1726"}],"wp:attachment":[{"href":"https:\/\/agora.xtec.cat\/escolaponent-tarragona\/wp-json\/wp\/v2\/media?parent=5252"}],"wp:term":[{"taxonomy":"category","embeddable":true,"href":"https:\/\/agora.xtec.cat\/escolaponent-tarragona\/wp-json\/wp\/v2\/categories?post=5252"},{"taxonomy":"post_tag","embeddable":true,"href":"https:\/\/agora.xtec.cat\/escolaponent-tarragona\/wp-json\/wp\/v2\/tags?post=5252"}],"curies":[{"name":"wp","href":"https:\/\/api.w.org\/{rel}","templated":true}]}}