{"id":19689,"date":"2026-02-26T21:29:48","date_gmt":"2026-02-26T20:29:48","guid":{"rendered":"https:\/\/agora.xtec.cat\/escolaponent-tarragona\/?p=19689"},"modified":"2026-02-26T21:29:49","modified_gmt":"2026-02-26T20:29:49","slug":"mitjans-segon-dia-de-colonies","status":"publish","type":"post","link":"https:\/\/agora.xtec.cat\/escolaponent-tarragona\/portada\/mitjans-segon-dia-de-colonies\/","title":{"rendered":"Mitjans: segon dia de col\u00f2nies"},"content":{"rendered":"\n<p>Seguim amb el segon dia de col\u00f2nies. Despr\u00e9s d&#8217;un bon esmorzar hem comen\u00e7at la jornada amb una excursi\u00f3 pels volts de Rasquera per con\u00e8ixer la &#8220;Llegenda de la Benita&#8221;. Aquesta tarda jocs i seguim amb ganes de ballar i xalar a la discoteca. <\/p>\n\n\n\n<p>Ho estem passant d&#8217;all\u00f2 m\u00e9s b\u00e9!!<\/p>\n\n\n\n<div class=\"wp-block-getwid-images-slider has-arrows-inside has-dots-inside has-images-center has-cropped-images\"><div class=\"wp-block-getwid-images-slider__wrapper\" data-effect=\"slide\" data-slides-show=\"1\" data-slides-show-laptop=\"1\" data-slides-show-tablet=\"1\" data-slides-show-mobile=\"1\" data-slides-scroll=\"1\" data-autoplay=\"false\" data-pause-hover=\"false\" data-autoplay-speed=\"6000\" data-infinite=\"true\" data-animation-speed=\"400\" data-center-mode=\"false\" data-variable-width=\"false\" data-arrows=\"inside\" data-dots=\"inside\" data-spacing=\"none\"><div class=\"wp-block-getwid-images-slider__item\"><figure><img loading=\"lazy\" decoding=\"async\" width=\"1536\" height=\"2048\" src=\"https:\/\/agora.xtec.cat\/escolaponent-tarragona\/wp-content\/uploads\/usu422\/2026\/02\/2n-dia-de-colonies-2.jpeg\" data-id=\"19693\" data-link=\"https:\/\/agora.xtec.cat\/escolaponent-tarragona\/?attachment_id=19693\" data-original-link=\"https:\/\/agora.xtec.cat\/escolaponent-tarragona\/wp-content\/uploads\/usu422\/2026\/02\/2n-dia-de-colonies-2.jpeg\" class=\"wp-block-getwid-images-slider__image wp-image-19693\" srcset=\"https:\/\/agora.xtec.cat\/escolaponent-tarragona\/wp-content\/uploads\/usu422\/2026\/02\/2n-dia-de-colonies-2.jpeg 1536w, https:\/\/agora.xtec.cat\/escolaponent-tarragona\/wp-content\/uploads\/usu422\/2026\/02\/2n-dia-de-colonies-2-225x300.jpeg 225w, https:\/\/agora.xtec.cat\/escolaponent-tarragona\/wp-content\/uploads\/usu422\/2026\/02\/2n-dia-de-colonies-2-768x1024.jpeg 768w, https:\/\/agora.xtec.cat\/escolaponent-tarragona\/wp-content\/uploads\/usu422\/2026\/02\/2n-dia-de-colonies-2-1152x1536.jpeg 1152w\" sizes=\"auto, (max-width: 1536px) 100vw, 1536px\" \/><\/figure><\/div><div class=\"wp-block-getwid-images-slider__item\"><figure><img loading=\"lazy\" decoding=\"async\" width=\"1536\" height=\"2048\" src=\"https:\/\/agora.xtec.cat\/escolaponent-tarragona\/wp-content\/uploads\/usu422\/2026\/02\/2n-dia-de-colonies-3.jpeg\" data-id=\"19698\" data-link=\"https:\/\/agora.xtec.cat\/escolaponent-tarragona\/?attachment_id=19698\" data-original-link=\"https:\/\/agora.xtec.cat\/escolaponent-tarragona\/wp-content\/uploads\/usu422\/2026\/02\/2n-dia-de-colonies-3.jpeg\" class=\"wp-block-getwid-images-slider__image wp-image-19698\" srcset=\"https:\/\/agora.xtec.cat\/escolaponent-tarragona\/wp-content\/uploads\/usu422\/2026\/02\/2n-dia-de-colonies-3.jpeg 1536w, https:\/\/agora.xtec.cat\/escolaponent-tarragona\/wp-content\/uploads\/usu422\/2026\/02\/2n-dia-de-colonies-3-225x300.jpeg 225w, https:\/\/agora.xtec.cat\/escolaponent-tarragona\/wp-content\/uploads\/usu422\/2026\/02\/2n-dia-de-colonies-3-768x1024.jpeg 768w, https:\/\/agora.xtec.cat\/escolaponent-tarragona\/wp-content\/uploads\/usu422\/2026\/02\/2n-dia-de-colonies-3-1152x1536.jpeg 1152w\" sizes=\"auto, (max-width: 1536px) 100vw, 1536px\" \/><\/figure><\/div><div class=\"wp-block-getwid-images-slider__item\"><figure><img loading=\"lazy\" decoding=\"async\" width=\"1536\" height=\"2048\" src=\"https:\/\/agora.xtec.cat\/escolaponent-tarragona\/wp-content\/uploads\/usu422\/2026\/02\/2n-dia-de-colonies-4.jpeg\" data-id=\"19696\" data-link=\"https:\/\/agora.xtec.cat\/escolaponent-tarragona\/?attachment_id=19696\" data-original-link=\"https:\/\/agora.xtec.cat\/escolaponent-tarragona\/wp-content\/uploads\/usu422\/2026\/02\/2n-dia-de-colonies-4.jpeg\" class=\"wp-block-getwid-images-slider__image wp-image-19696\" srcset=\"https:\/\/agora.xtec.cat\/escolaponent-tarragona\/wp-content\/uploads\/usu422\/2026\/02\/2n-dia-de-colonies-4.jpeg 1536w, https:\/\/agora.xtec.cat\/escolaponent-tarragona\/wp-content\/uploads\/usu422\/2026\/02\/2n-dia-de-colonies-4-225x300.jpeg 225w, https:\/\/agora.xtec.cat\/escolaponent-tarragona\/wp-content\/uploads\/usu422\/2026\/02\/2n-dia-de-colonies-4-768x1024.jpeg 768w, https:\/\/agora.xtec.cat\/escolaponent-tarragona\/wp-content\/uploads\/usu422\/2026\/02\/2n-dia-de-colonies-4-1152x1536.jpeg 1152w\" sizes=\"auto, (max-width: 1536px) 100vw, 1536px\" \/><\/figure><\/div><div class=\"wp-block-getwid-images-slider__item\"><figure><img loading=\"lazy\" decoding=\"async\" width=\"2048\" height=\"1536\" src=\"https:\/\/agora.xtec.cat\/escolaponent-tarragona\/wp-content\/uploads\/usu422\/2026\/02\/2n-dia-de-colonies-5.jpeg\" data-id=\"19700\" data-link=\"https:\/\/agora.xtec.cat\/escolaponent-tarragona\/?attachment_id=19700\" data-original-link=\"https:\/\/agora.xtec.cat\/escolaponent-tarragona\/wp-content\/uploads\/usu422\/2026\/02\/2n-dia-de-colonies-5.jpeg\" class=\"wp-block-getwid-images-slider__image wp-image-19700\" srcset=\"https:\/\/agora.xtec.cat\/escolaponent-tarragona\/wp-content\/uploads\/usu422\/2026\/02\/2n-dia-de-colonies-5.jpeg 2048w, https:\/\/agora.xtec.cat\/escolaponent-tarragona\/wp-content\/uploads\/usu422\/2026\/02\/2n-dia-de-colonies-5-300x225.jpeg 300w, https:\/\/agora.xtec.cat\/escolaponent-tarragona\/wp-content\/uploads\/usu422\/2026\/02\/2n-dia-de-colonies-5-1024x768.jpeg 1024w, https:\/\/agora.xtec.cat\/escolaponent-tarragona\/wp-content\/uploads\/usu422\/2026\/02\/2n-dia-de-colonies-5-768x576.jpeg 768w, https:\/\/agora.xtec.cat\/escolaponent-tarragona\/wp-content\/uploads\/usu422\/2026\/02\/2n-dia-de-colonies-5-1536x1152.jpeg 1536w\" sizes=\"auto, (max-width: 2048px) 100vw, 2048px\" \/><\/figure><\/div><div class=\"wp-block-getwid-images-slider__item\"><figure><img loading=\"lazy\" decoding=\"async\" width=\"2048\" height=\"1536\" src=\"https:\/\/agora.xtec.cat\/escolaponent-tarragona\/wp-content\/uploads\/usu422\/2026\/02\/2n-dia-de-colonies-1.jpeg\" data-id=\"19694\" data-link=\"https:\/\/agora.xtec.cat\/escolaponent-tarragona\/?attachment_id=19694\" data-original-link=\"https:\/\/agora.xtec.cat\/escolaponent-tarragona\/wp-content\/uploads\/usu422\/2026\/02\/2n-dia-de-colonies-1.jpeg\" class=\"wp-block-getwid-images-slider__image wp-image-19694\" srcset=\"https:\/\/agora.xtec.cat\/escolaponent-tarragona\/wp-content\/uploads\/usu422\/2026\/02\/2n-dia-de-colonies-1.jpeg 2048w, https:\/\/agora.xtec.cat\/escolaponent-tarragona\/wp-content\/uploads\/usu422\/2026\/02\/2n-dia-de-colonies-1-300x225.jpeg 300w, https:\/\/agora.xtec.cat\/escolaponent-tarragona\/wp-content\/uploads\/usu422\/2026\/02\/2n-dia-de-colonies-1-1024x768.jpeg 1024w, https:\/\/agora.xtec.cat\/escolaponent-tarragona\/wp-content\/uploads\/usu422\/2026\/02\/2n-dia-de-colonies-1-768x576.jpeg 768w, https:\/\/agora.xtec.cat\/escolaponent-tarragona\/wp-content\/uploads\/usu422\/2026\/02\/2n-dia-de-colonies-1-1536x1152.jpeg 1536w\" sizes=\"auto, (max-width: 2048px) 100vw, 2048px\" \/><\/figure><\/div><div class=\"wp-block-getwid-images-slider__item\"><figure><img loading=\"lazy\" decoding=\"async\" width=\"1536\" height=\"2048\" src=\"https:\/\/agora.xtec.cat\/escolaponent-tarragona\/wp-content\/uploads\/usu422\/2026\/02\/2n-dia-de-colonies-6.jpeg\" data-id=\"19690\" data-link=\"https:\/\/agora.xtec.cat\/escolaponent-tarragona\/?attachment_id=19690\" data-original-link=\"https:\/\/agora.xtec.cat\/escolaponent-tarragona\/wp-content\/uploads\/usu422\/2026\/02\/2n-dia-de-colonies-6.jpeg\" class=\"wp-block-getwid-images-slider__image wp-image-19690\" srcset=\"https:\/\/agora.xtec.cat\/escolaponent-tarragona\/wp-content\/uploads\/usu422\/2026\/02\/2n-dia-de-colonies-6.jpeg 1536w, https:\/\/agora.xtec.cat\/escolaponent-tarragona\/wp-content\/uploads\/usu422\/2026\/02\/2n-dia-de-colonies-6-225x300.jpeg 225w, https:\/\/agora.xtec.cat\/escolaponent-tarragona\/wp-content\/uploads\/usu422\/2026\/02\/2n-dia-de-colonies-6-768x1024.jpeg 768w, https:\/\/agora.xtec.cat\/escolaponent-tarragona\/wp-content\/uploads\/usu422\/2026\/02\/2n-dia-de-colonies-6-1152x1536.jpeg 1152w\" sizes=\"auto, (max-width: 1536px) 100vw, 1536px\" \/><\/figure><\/div><div class=\"wp-block-getwid-images-slider__item\"><figure><img loading=\"lazy\" decoding=\"async\" width=\"1536\" height=\"2048\" src=\"https:\/\/agora.xtec.cat\/escolaponent-tarragona\/wp-content\/uploads\/usu422\/2026\/02\/2n-dia-de-colonies-7.jpeg\" data-id=\"19692\" data-link=\"https:\/\/agora.xtec.cat\/escolaponent-tarragona\/?attachment_id=19692\" data-original-link=\"https:\/\/agora.xtec.cat\/escolaponent-tarragona\/wp-content\/uploads\/usu422\/2026\/02\/2n-dia-de-colonies-7.jpeg\" class=\"wp-block-getwid-images-slider__image wp-image-19692\" srcset=\"https:\/\/agora.xtec.cat\/escolaponent-tarragona\/wp-content\/uploads\/usu422\/2026\/02\/2n-dia-de-colonies-7.jpeg 1536w, https:\/\/agora.xtec.cat\/escolaponent-tarragona\/wp-content\/uploads\/usu422\/2026\/02\/2n-dia-de-colonies-7-225x300.jpeg 225w, https:\/\/agora.xtec.cat\/escolaponent-tarragona\/wp-content\/uploads\/usu422\/2026\/02\/2n-dia-de-colonies-7-768x1024.jpeg 768w, https:\/\/agora.xtec.cat\/escolaponent-tarragona\/wp-content\/uploads\/usu422\/2026\/02\/2n-dia-de-colonies-7-1152x1536.jpeg 1152w\" sizes=\"auto, (max-width: 1536px) 100vw, 1536px\" \/><\/figure><\/div><div class=\"wp-block-getwid-images-slider__item\"><figure><img loading=\"lazy\" decoding=\"async\" width=\"1536\" height=\"2048\" src=\"https:\/\/agora.xtec.cat\/escolaponent-tarragona\/wp-content\/uploads\/usu422\/2026\/02\/2n-dia-de-colonies-8.jpeg\" data-id=\"19697\" data-link=\"https:\/\/agora.xtec.cat\/escolaponent-tarragona\/?attachment_id=19697\" data-original-link=\"https:\/\/agora.xtec.cat\/escolaponent-tarragona\/wp-content\/uploads\/usu422\/2026\/02\/2n-dia-de-colonies-8.jpeg\" class=\"wp-block-getwid-images-slider__image wp-image-19697\" srcset=\"https:\/\/agora.xtec.cat\/escolaponent-tarragona\/wp-content\/uploads\/usu422\/2026\/02\/2n-dia-de-colonies-8.jpeg 1536w, https:\/\/agora.xtec.cat\/escolaponent-tarragona\/wp-content\/uploads\/usu422\/2026\/02\/2n-dia-de-colonies-8-225x300.jpeg 225w, https:\/\/agora.xtec.cat\/escolaponent-tarragona\/wp-content\/uploads\/usu422\/2026\/02\/2n-dia-de-colonies-8-768x1024.jpeg 768w, https:\/\/agora.xtec.cat\/escolaponent-tarragona\/wp-content\/uploads\/usu422\/2026\/02\/2n-dia-de-colonies-8-1152x1536.jpeg 1152w\" sizes=\"auto, (max-width: 1536px) 100vw, 1536px\" \/><\/figure><\/div><div class=\"wp-block-getwid-images-slider__item\"><figure><img loading=\"lazy\" decoding=\"async\" width=\"1536\" height=\"2048\" src=\"https:\/\/agora.xtec.cat\/escolaponent-tarragona\/wp-content\/uploads\/usu422\/2026\/02\/2n-dia-de-colonies-9.jpeg\" data-id=\"19691\" data-link=\"https:\/\/agora.xtec.cat\/escolaponent-tarragona\/?attachment_id=19691\" data-original-link=\"https:\/\/agora.xtec.cat\/escolaponent-tarragona\/wp-content\/uploads\/usu422\/2026\/02\/2n-dia-de-colonies-9.jpeg\" class=\"wp-block-getwid-images-slider__image wp-image-19691\" srcset=\"https:\/\/agora.xtec.cat\/escolaponent-tarragona\/wp-content\/uploads\/usu422\/2026\/02\/2n-dia-de-colonies-9.jpeg 1536w, https:\/\/agora.xtec.cat\/escolaponent-tarragona\/wp-content\/uploads\/usu422\/2026\/02\/2n-dia-de-colonies-9-225x300.jpeg 225w, https:\/\/agora.xtec.cat\/escolaponent-tarragona\/wp-content\/uploads\/usu422\/2026\/02\/2n-dia-de-colonies-9-768x1024.jpeg 768w, https:\/\/agora.xtec.cat\/escolaponent-tarragona\/wp-content\/uploads\/usu422\/2026\/02\/2n-dia-de-colonies-9-1152x1536.jpeg 1152w\" sizes=\"auto, (max-width: 1536px) 100vw, 1536px\" \/><\/figure><\/div><div class=\"wp-block-getwid-images-slider__item\"><figure><img loading=\"lazy\" decoding=\"async\" width=\"2048\" height=\"1536\" src=\"https:\/\/agora.xtec.cat\/escolaponent-tarragona\/wp-content\/uploads\/usu422\/2026\/02\/2n-dia-de-colonies-10.jpeg\" data-id=\"19695\" data-link=\"https:\/\/agora.xtec.cat\/escolaponent-tarragona\/?attachment_id=19695\" data-original-link=\"https:\/\/agora.xtec.cat\/escolaponent-tarragona\/wp-content\/uploads\/usu422\/2026\/02\/2n-dia-de-colonies-10.jpeg\" class=\"wp-block-getwid-images-slider__image wp-image-19695\" srcset=\"https:\/\/agora.xtec.cat\/escolaponent-tarragona\/wp-content\/uploads\/usu422\/2026\/02\/2n-dia-de-colonies-10.jpeg 2048w, https:\/\/agora.xtec.cat\/escolaponent-tarragona\/wp-content\/uploads\/usu422\/2026\/02\/2n-dia-de-colonies-10-300x225.jpeg 300w, https:\/\/agora.xtec.cat\/escolaponent-tarragona\/wp-content\/uploads\/usu422\/2026\/02\/2n-dia-de-colonies-10-1024x768.jpeg 1024w, https:\/\/agora.xtec.cat\/escolaponent-tarragona\/wp-content\/uploads\/usu422\/2026\/02\/2n-dia-de-colonies-10-768x576.jpeg 768w, https:\/\/agora.xtec.cat\/escolaponent-tarragona\/wp-content\/uploads\/usu422\/2026\/02\/2n-dia-de-colonies-10-1536x1152.jpeg 1536w\" sizes=\"auto, (max-width: 2048px) 100vw, 2048px\" \/><\/figure><\/div><div class=\"wp-block-getwid-images-slider__item\"><figure><img loading=\"lazy\" decoding=\"async\" width=\"2048\" height=\"1536\" src=\"https:\/\/agora.xtec.cat\/escolaponent-tarragona\/wp-content\/uploads\/usu422\/2026\/02\/2n-dia-de-colonies-11.jpeg\" data-id=\"19699\" data-link=\"https:\/\/agora.xtec.cat\/escolaponent-tarragona\/?attachment_id=19699\" data-original-link=\"https:\/\/agora.xtec.cat\/escolaponent-tarragona\/wp-content\/uploads\/usu422\/2026\/02\/2n-dia-de-colonies-11.jpeg\" class=\"wp-block-getwid-images-slider__image wp-image-19699\" srcset=\"https:\/\/agora.xtec.cat\/escolaponent-tarragona\/wp-content\/uploads\/usu422\/2026\/02\/2n-dia-de-colonies-11.jpeg 2048w, https:\/\/agora.xtec.cat\/escolaponent-tarragona\/wp-content\/uploads\/usu422\/2026\/02\/2n-dia-de-colonies-11-300x225.jpeg 300w, https:\/\/agora.xtec.cat\/escolaponent-tarragona\/wp-content\/uploads\/usu422\/2026\/02\/2n-dia-de-colonies-11-1024x768.jpeg 1024w, https:\/\/agora.xtec.cat\/escolaponent-tarragona\/wp-content\/uploads\/usu422\/2026\/02\/2n-dia-de-colonies-11-768x576.jpeg 768w, https:\/\/agora.xtec.cat\/escolaponent-tarragona\/wp-content\/uploads\/usu422\/2026\/02\/2n-dia-de-colonies-11-1536x1152.jpeg 1536w\" sizes=\"auto, (max-width: 2048px) 100vw, 2048px\" \/><\/figure><\/div><\/div><\/div>\n","protected":false},"excerpt":{"rendered":"<p>Seguim amb el segon dia de col\u00f2nies. Despr\u00e9s d&#8217;un bon esmorzar hem comen\u00e7at la jornada amb una excursi\u00f3 pels volts [&hellip;]<\/p>\n","protected":false},"author":1,"featured_media":19701,"comment_status":"open","ping_status":"open","sticky":false,"template":"","format":"standard","meta":{"_bbp_topic_count":0,"_bbp_reply_count":0,"_bbp_total_topic_count":0,"_bbp_total_reply_count":0,"_bbp_voice_count":0,"_bbp_anonymous_reply_count":0,"_bbp_topic_count_hidden":0,"_bbp_reply_count_hidden":0,"_bbp_forum_subforum_count":0,"site-sidebar-layout":"default","site-content-layout":"","ast-site-content-layout":"default","site-content-style":"default","site-sidebar-style":"default","ast-global-header-display":"","ast-banner-title-visibility":"","ast-main-header-display":"","ast-hfb-above-header-display":"","ast-hfb-below-header-display":"","ast-hfb-mobile-header-display":"","site-post-title":"","ast-breadcrumbs-content":"","ast-featured-img":"","footer-sml-layout":"","theme-transparent-header-meta":"","adv-header-id-meta":"","stick-header-meta":"","header-above-stick-meta":"","header-main-stick-meta":"","header-below-stick-meta":"","astra-migrate-meta-layouts":"set","ast-page-background-enabled":"default","ast-page-background-meta":{"desktop":{"background-color":"var(--ast-global-color-4)","background-image":"","background-repeat":"repeat","background-position":"center center","background-size":"auto","background-attachment":"scroll","background-type":"","background-media":"","overlay-type":"","overlay-color":"","overlay-opacity":"","overlay-gradient":""},"tablet":{"background-color":"","background-image":"","background-repeat":"repeat","background-position":"center center","background-size":"auto","background-attachment":"scroll","background-type":"","background-media":"","overlay-type":"","overlay-color":"","overlay-opacity":"","overlay-gradient":""},"mobile":{"background-color":"","background-image":"","background-repeat":"repeat","background-position":"center center","background-size":"auto","background-attachment":"scroll","background-type":"","background-media":"","overlay-type":"","overlay-color":"","overlay-opacity":"","overlay-gradient":""}},"ast-content-background-meta":{"desktop":{"background-color":"var(--ast-global-color-5)","background-image":"","background-repeat":"repeat","background-position":"center center","background-size":"auto","background-attachment":"scroll","background-type":"","background-media":"","overlay-type":"","overlay-color":"","overlay-opacity":"","overlay-gradient":""},"tablet":{"background-color":"var(--ast-global-color-5)","background-image":"","background-repeat":"repeat","background-position":"center center","background-size":"auto","background-attachment":"scroll","background-type":"","background-media":"","overlay-type":"","overlay-color":"","overlay-opacity":"","overlay-gradient":""},"mobile":{"background-color":"var(--ast-global-color-5)","background-image":"","background-repeat":"repeat","background-position":"center center","background-size":"auto","background-attachment":"scroll","background-type":"","background-media":"","overlay-type":"","overlay-color":"","overlay-opacity":"","overlay-gradient":""}},"footnotes":""},"categories":[4],"tags":[142],"class_list":["post-19689","post","type-post","status-publish","format-standard","has-post-thumbnail","hentry","category-portada","tag-colonies"],"post_mailing_queue_ids":[],"_links":{"self":[{"href":"https:\/\/agora.xtec.cat\/escolaponent-tarragona\/wp-json\/wp\/v2\/posts\/19689","targetHints":{"allow":["GET"]}}],"collection":[{"href":"https:\/\/agora.xtec.cat\/escolaponent-tarragona\/wp-json\/wp\/v2\/posts"}],"about":[{"href":"https:\/\/agora.xtec.cat\/escolaponent-tarragona\/wp-json\/wp\/v2\/types\/post"}],"author":[{"embeddable":true,"href":"https:\/\/agora.xtec.cat\/escolaponent-tarragona\/wp-json\/wp\/v2\/users\/1"}],"replies":[{"embeddable":true,"href":"https:\/\/agora.xtec.cat\/escolaponent-tarragona\/wp-json\/wp\/v2\/comments?post=19689"}],"version-history":[{"count":1,"href":"https:\/\/agora.xtec.cat\/escolaponent-tarragona\/wp-json\/wp\/v2\/posts\/19689\/revisions"}],"predecessor-version":[{"id":19702,"href":"https:\/\/agora.xtec.cat\/escolaponent-tarragona\/wp-json\/wp\/v2\/posts\/19689\/revisions\/19702"}],"wp:featuredmedia":[{"embeddable":true,"href":"https:\/\/agora.xtec.cat\/escolaponent-tarragona\/wp-json\/wp\/v2\/media\/19701"}],"wp:attachment":[{"href":"https:\/\/agora.xtec.cat\/escolaponent-tarragona\/wp-json\/wp\/v2\/media?parent=19689"}],"wp:term":[{"taxonomy":"category","embeddable":true,"href":"https:\/\/agora.xtec.cat\/escolaponent-tarragona\/wp-json\/wp\/v2\/categories?post=19689"},{"taxonomy":"post_tag","embeddable":true,"href":"https:\/\/agora.xtec.cat\/escolaponent-tarragona\/wp-json\/wp\/v2\/tags?post=19689"}],"curies":[{"name":"wp","href":"https:\/\/api.w.org\/{rel}","templated":true}]}}