{"id":19672,"date":"2026-02-25T21:07:13","date_gmt":"2026-02-25T20:07:13","guid":{"rendered":"https:\/\/agora.xtec.cat\/escolaponent-tarragona\/?p=19672"},"modified":"2026-02-25T21:07:14","modified_gmt":"2026-02-25T20:07:14","slug":"mitjans-primer-dia-de-colonies","status":"publish","type":"post","link":"https:\/\/agora.xtec.cat\/escolaponent-tarragona\/portada\/mitjans-primer-dia-de-colonies\/","title":{"rendered":"Mitjans: primer dia de col\u00f2nies"},"content":{"rendered":"\n<p>Fam\u00edlies, <\/p>\n\n\n\n<p>aix\u00f2 \u00e9s un no parar i nom\u00e9s portem un dia de col\u00f2nies. Despr\u00e9s d&#8217;un joc de presentaci\u00f3 ens hem instal\u00b7lat a &#8220;Ca Manxol&#8221; i hem anat a dinar a l&#8217;ermita del poble. Aquesta tarda taller de minerals i ara&#8230; a carregar energies amb un bon sopar, que en una estona comencem el joc de nit. \ud83d\ude09\ud83d\ude09<\/p>\n\n\n\n<div class=\"wp-block-getwid-images-slider has-arrows-inside has-dots-inside has-images-center has-cropped-images\"><div class=\"wp-block-getwid-images-slider__wrapper\" data-effect=\"slide\" data-slides-show=\"1\" data-slides-show-laptop=\"1\" data-slides-show-tablet=\"1\" data-slides-show-mobile=\"1\" data-slides-scroll=\"1\" data-autoplay=\"false\" data-pause-hover=\"false\" data-autoplay-speed=\"6000\" data-infinite=\"true\" data-animation-speed=\"400\" data-center-mode=\"false\" data-variable-width=\"false\" data-arrows=\"inside\" data-dots=\"inside\" data-spacing=\"none\"><div class=\"wp-block-getwid-images-slider__item\"><figure><img loading=\"lazy\" decoding=\"async\" width=\"1500\" height=\"2000\" src=\"https:\/\/agora.xtec.cat\/escolaponent-tarragona\/wp-content\/uploads\/usu422\/2026\/02\/1r_2n_3r_1r-dia-de-colonies-2.jpeg\" data-id=\"19680\" data-link=\"https:\/\/agora.xtec.cat\/escolaponent-tarragona\/?attachment_id=19680\" data-original-link=\"https:\/\/agora.xtec.cat\/escolaponent-tarragona\/wp-content\/uploads\/usu422\/2026\/02\/1r_2n_3r_1r-dia-de-colonies-2.jpeg\" class=\"wp-block-getwid-images-slider__image wp-image-19680\" srcset=\"https:\/\/agora.xtec.cat\/escolaponent-tarragona\/wp-content\/uploads\/usu422\/2026\/02\/1r_2n_3r_1r-dia-de-colonies-2.jpeg 1500w, https:\/\/agora.xtec.cat\/escolaponent-tarragona\/wp-content\/uploads\/usu422\/2026\/02\/1r_2n_3r_1r-dia-de-colonies-2-225x300.jpeg 225w, https:\/\/agora.xtec.cat\/escolaponent-tarragona\/wp-content\/uploads\/usu422\/2026\/02\/1r_2n_3r_1r-dia-de-colonies-2-768x1024.jpeg 768w, https:\/\/agora.xtec.cat\/escolaponent-tarragona\/wp-content\/uploads\/usu422\/2026\/02\/1r_2n_3r_1r-dia-de-colonies-2-1152x1536.jpeg 1152w\" sizes=\"auto, (max-width: 1500px) 100vw, 1500px\" \/><\/figure><\/div><div class=\"wp-block-getwid-images-slider__item\"><figure><img loading=\"lazy\" decoding=\"async\" width=\"1500\" height=\"2000\" src=\"https:\/\/agora.xtec.cat\/escolaponent-tarragona\/wp-content\/uploads\/usu422\/2026\/02\/1r_2n_3r_1r-dia-de-colonies-3.jpeg\" data-id=\"19678\" data-link=\"https:\/\/agora.xtec.cat\/escolaponent-tarragona\/?attachment_id=19678\" data-original-link=\"https:\/\/agora.xtec.cat\/escolaponent-tarragona\/wp-content\/uploads\/usu422\/2026\/02\/1r_2n_3r_1r-dia-de-colonies-3.jpeg\" class=\"wp-block-getwid-images-slider__image wp-image-19678\" srcset=\"https:\/\/agora.xtec.cat\/escolaponent-tarragona\/wp-content\/uploads\/usu422\/2026\/02\/1r_2n_3r_1r-dia-de-colonies-3.jpeg 1500w, https:\/\/agora.xtec.cat\/escolaponent-tarragona\/wp-content\/uploads\/usu422\/2026\/02\/1r_2n_3r_1r-dia-de-colonies-3-225x300.jpeg 225w, https:\/\/agora.xtec.cat\/escolaponent-tarragona\/wp-content\/uploads\/usu422\/2026\/02\/1r_2n_3r_1r-dia-de-colonies-3-768x1024.jpeg 768w, https:\/\/agora.xtec.cat\/escolaponent-tarragona\/wp-content\/uploads\/usu422\/2026\/02\/1r_2n_3r_1r-dia-de-colonies-3-1152x1536.jpeg 1152w\" sizes=\"auto, (max-width: 1500px) 100vw, 1500px\" \/><\/figure><\/div><div class=\"wp-block-getwid-images-slider__item\"><figure><img loading=\"lazy\" decoding=\"async\" width=\"1500\" height=\"2000\" src=\"https:\/\/agora.xtec.cat\/escolaponent-tarragona\/wp-content\/uploads\/usu422\/2026\/02\/1r_2n_3r_1r-dia-de-colonies-4.jpeg\" data-id=\"19679\" data-link=\"https:\/\/agora.xtec.cat\/escolaponent-tarragona\/?attachment_id=19679\" data-original-link=\"https:\/\/agora.xtec.cat\/escolaponent-tarragona\/wp-content\/uploads\/usu422\/2026\/02\/1r_2n_3r_1r-dia-de-colonies-4.jpeg\" class=\"wp-block-getwid-images-slider__image wp-image-19679\" srcset=\"https:\/\/agora.xtec.cat\/escolaponent-tarragona\/wp-content\/uploads\/usu422\/2026\/02\/1r_2n_3r_1r-dia-de-colonies-4.jpeg 1500w, https:\/\/agora.xtec.cat\/escolaponent-tarragona\/wp-content\/uploads\/usu422\/2026\/02\/1r_2n_3r_1r-dia-de-colonies-4-225x300.jpeg 225w, https:\/\/agora.xtec.cat\/escolaponent-tarragona\/wp-content\/uploads\/usu422\/2026\/02\/1r_2n_3r_1r-dia-de-colonies-4-768x1024.jpeg 768w, https:\/\/agora.xtec.cat\/escolaponent-tarragona\/wp-content\/uploads\/usu422\/2026\/02\/1r_2n_3r_1r-dia-de-colonies-4-1152x1536.jpeg 1152w\" sizes=\"auto, (max-width: 1500px) 100vw, 1500px\" \/><\/figure><\/div><div class=\"wp-block-getwid-images-slider__item\"><figure><img loading=\"lazy\" decoding=\"async\" width=\"1200\" height=\"1600\" src=\"https:\/\/agora.xtec.cat\/escolaponent-tarragona\/wp-content\/uploads\/usu422\/2026\/02\/1r_2n_3r_1r-dia-de-colonies-5.jpeg\" data-id=\"19675\" data-link=\"https:\/\/agora.xtec.cat\/escolaponent-tarragona\/?attachment_id=19675\" data-original-link=\"https:\/\/agora.xtec.cat\/escolaponent-tarragona\/wp-content\/uploads\/usu422\/2026\/02\/1r_2n_3r_1r-dia-de-colonies-5.jpeg\" class=\"wp-block-getwid-images-slider__image wp-image-19675\" srcset=\"https:\/\/agora.xtec.cat\/escolaponent-tarragona\/wp-content\/uploads\/usu422\/2026\/02\/1r_2n_3r_1r-dia-de-colonies-5.jpeg 1200w, https:\/\/agora.xtec.cat\/escolaponent-tarragona\/wp-content\/uploads\/usu422\/2026\/02\/1r_2n_3r_1r-dia-de-colonies-5-225x300.jpeg 225w, https:\/\/agora.xtec.cat\/escolaponent-tarragona\/wp-content\/uploads\/usu422\/2026\/02\/1r_2n_3r_1r-dia-de-colonies-5-768x1024.jpeg 768w, https:\/\/agora.xtec.cat\/escolaponent-tarragona\/wp-content\/uploads\/usu422\/2026\/02\/1r_2n_3r_1r-dia-de-colonies-5-1152x1536.jpeg 1152w\" sizes=\"auto, (max-width: 1200px) 100vw, 1200px\" \/><\/figure><\/div><div class=\"wp-block-getwid-images-slider__item\"><figure><img loading=\"lazy\" decoding=\"async\" width=\"1200\" height=\"1600\" src=\"https:\/\/agora.xtec.cat\/escolaponent-tarragona\/wp-content\/uploads\/usu422\/2026\/02\/1r_2n_3r_1r-dia-de-colonies-6.jpeg\" data-id=\"19673\" data-link=\"https:\/\/agora.xtec.cat\/escolaponent-tarragona\/?attachment_id=19673\" data-original-link=\"https:\/\/agora.xtec.cat\/escolaponent-tarragona\/wp-content\/uploads\/usu422\/2026\/02\/1r_2n_3r_1r-dia-de-colonies-6.jpeg\" class=\"wp-block-getwid-images-slider__image wp-image-19673\" srcset=\"https:\/\/agora.xtec.cat\/escolaponent-tarragona\/wp-content\/uploads\/usu422\/2026\/02\/1r_2n_3r_1r-dia-de-colonies-6.jpeg 1200w, https:\/\/agora.xtec.cat\/escolaponent-tarragona\/wp-content\/uploads\/usu422\/2026\/02\/1r_2n_3r_1r-dia-de-colonies-6-225x300.jpeg 225w, https:\/\/agora.xtec.cat\/escolaponent-tarragona\/wp-content\/uploads\/usu422\/2026\/02\/1r_2n_3r_1r-dia-de-colonies-6-768x1024.jpeg 768w, https:\/\/agora.xtec.cat\/escolaponent-tarragona\/wp-content\/uploads\/usu422\/2026\/02\/1r_2n_3r_1r-dia-de-colonies-6-1152x1536.jpeg 1152w\" sizes=\"auto, (max-width: 1200px) 100vw, 1200px\" \/><\/figure><\/div><div class=\"wp-block-getwid-images-slider__item\"><figure><img loading=\"lazy\" decoding=\"async\" width=\"1200\" height=\"1600\" src=\"https:\/\/agora.xtec.cat\/escolaponent-tarragona\/wp-content\/uploads\/usu422\/2026\/02\/1r_2n_3r_1r-dia-de-colonies-7.jpeg\" data-id=\"19685\" data-link=\"https:\/\/agora.xtec.cat\/escolaponent-tarragona\/?attachment_id=19685\" data-original-link=\"https:\/\/agora.xtec.cat\/escolaponent-tarragona\/wp-content\/uploads\/usu422\/2026\/02\/1r_2n_3r_1r-dia-de-colonies-7.jpeg\" class=\"wp-block-getwid-images-slider__image wp-image-19685\" srcset=\"https:\/\/agora.xtec.cat\/escolaponent-tarragona\/wp-content\/uploads\/usu422\/2026\/02\/1r_2n_3r_1r-dia-de-colonies-7.jpeg 1200w, https:\/\/agora.xtec.cat\/escolaponent-tarragona\/wp-content\/uploads\/usu422\/2026\/02\/1r_2n_3r_1r-dia-de-colonies-7-225x300.jpeg 225w, https:\/\/agora.xtec.cat\/escolaponent-tarragona\/wp-content\/uploads\/usu422\/2026\/02\/1r_2n_3r_1r-dia-de-colonies-7-768x1024.jpeg 768w, https:\/\/agora.xtec.cat\/escolaponent-tarragona\/wp-content\/uploads\/usu422\/2026\/02\/1r_2n_3r_1r-dia-de-colonies-7-1152x1536.jpeg 1152w\" sizes=\"auto, (max-width: 1200px) 100vw, 1200px\" \/><\/figure><\/div><div class=\"wp-block-getwid-images-slider__item\"><figure><img loading=\"lazy\" decoding=\"async\" width=\"1200\" height=\"1600\" src=\"https:\/\/agora.xtec.cat\/escolaponent-tarragona\/wp-content\/uploads\/usu422\/2026\/02\/1r_2n_3r_1r-dia-de-colonies-8.jpeg\" data-id=\"19683\" data-link=\"https:\/\/agora.xtec.cat\/escolaponent-tarragona\/?attachment_id=19683\" data-original-link=\"https:\/\/agora.xtec.cat\/escolaponent-tarragona\/wp-content\/uploads\/usu422\/2026\/02\/1r_2n_3r_1r-dia-de-colonies-8.jpeg\" class=\"wp-block-getwid-images-slider__image wp-image-19683\" srcset=\"https:\/\/agora.xtec.cat\/escolaponent-tarragona\/wp-content\/uploads\/usu422\/2026\/02\/1r_2n_3r_1r-dia-de-colonies-8.jpeg 1200w, https:\/\/agora.xtec.cat\/escolaponent-tarragona\/wp-content\/uploads\/usu422\/2026\/02\/1r_2n_3r_1r-dia-de-colonies-8-225x300.jpeg 225w, https:\/\/agora.xtec.cat\/escolaponent-tarragona\/wp-content\/uploads\/usu422\/2026\/02\/1r_2n_3r_1r-dia-de-colonies-8-768x1024.jpeg 768w, https:\/\/agora.xtec.cat\/escolaponent-tarragona\/wp-content\/uploads\/usu422\/2026\/02\/1r_2n_3r_1r-dia-de-colonies-8-1152x1536.jpeg 1152w\" sizes=\"auto, (max-width: 1200px) 100vw, 1200px\" \/><\/figure><\/div><div class=\"wp-block-getwid-images-slider__item\"><figure><img loading=\"lazy\" decoding=\"async\" width=\"1200\" height=\"1600\" src=\"https:\/\/agora.xtec.cat\/escolaponent-tarragona\/wp-content\/uploads\/usu422\/2026\/02\/1r_2n_3r_1r-dia-de-colonies-9.jpeg\" data-id=\"19677\" data-link=\"https:\/\/agora.xtec.cat\/escolaponent-tarragona\/?attachment_id=19677\" data-original-link=\"https:\/\/agora.xtec.cat\/escolaponent-tarragona\/wp-content\/uploads\/usu422\/2026\/02\/1r_2n_3r_1r-dia-de-colonies-9.jpeg\" class=\"wp-block-getwid-images-slider__image wp-image-19677\" srcset=\"https:\/\/agora.xtec.cat\/escolaponent-tarragona\/wp-content\/uploads\/usu422\/2026\/02\/1r_2n_3r_1r-dia-de-colonies-9.jpeg 1200w, https:\/\/agora.xtec.cat\/escolaponent-tarragona\/wp-content\/uploads\/usu422\/2026\/02\/1r_2n_3r_1r-dia-de-colonies-9-225x300.jpeg 225w, https:\/\/agora.xtec.cat\/escolaponent-tarragona\/wp-content\/uploads\/usu422\/2026\/02\/1r_2n_3r_1r-dia-de-colonies-9-768x1024.jpeg 768w, https:\/\/agora.xtec.cat\/escolaponent-tarragona\/wp-content\/uploads\/usu422\/2026\/02\/1r_2n_3r_1r-dia-de-colonies-9-1152x1536.jpeg 1152w\" sizes=\"auto, (max-width: 1200px) 100vw, 1200px\" \/><\/figure><\/div><div class=\"wp-block-getwid-images-slider__item\"><figure><img loading=\"lazy\" decoding=\"async\" width=\"1200\" height=\"1600\" src=\"https:\/\/agora.xtec.cat\/escolaponent-tarragona\/wp-content\/uploads\/usu422\/2026\/02\/1r_2n_3r_1r-dia-de-colonies-10.jpeg\" data-id=\"19682\" data-link=\"https:\/\/agora.xtec.cat\/escolaponent-tarragona\/?attachment_id=19682\" data-original-link=\"https:\/\/agora.xtec.cat\/escolaponent-tarragona\/wp-content\/uploads\/usu422\/2026\/02\/1r_2n_3r_1r-dia-de-colonies-10.jpeg\" class=\"wp-block-getwid-images-slider__image wp-image-19682\" srcset=\"https:\/\/agora.xtec.cat\/escolaponent-tarragona\/wp-content\/uploads\/usu422\/2026\/02\/1r_2n_3r_1r-dia-de-colonies-10.jpeg 1200w, https:\/\/agora.xtec.cat\/escolaponent-tarragona\/wp-content\/uploads\/usu422\/2026\/02\/1r_2n_3r_1r-dia-de-colonies-10-225x300.jpeg 225w, https:\/\/agora.xtec.cat\/escolaponent-tarragona\/wp-content\/uploads\/usu422\/2026\/02\/1r_2n_3r_1r-dia-de-colonies-10-768x1024.jpeg 768w, https:\/\/agora.xtec.cat\/escolaponent-tarragona\/wp-content\/uploads\/usu422\/2026\/02\/1r_2n_3r_1r-dia-de-colonies-10-1152x1536.jpeg 1152w\" sizes=\"auto, (max-width: 1200px) 100vw, 1200px\" \/><\/figure><\/div><div class=\"wp-block-getwid-images-slider__item\"><figure><img loading=\"lazy\" decoding=\"async\" width=\"1200\" height=\"1600\" src=\"https:\/\/agora.xtec.cat\/escolaponent-tarragona\/wp-content\/uploads\/usu422\/2026\/02\/1r_2n_3r_1r-dia-de-colonies-11.jpeg\" data-id=\"19676\" data-link=\"https:\/\/agora.xtec.cat\/escolaponent-tarragona\/?attachment_id=19676\" data-original-link=\"https:\/\/agora.xtec.cat\/escolaponent-tarragona\/wp-content\/uploads\/usu422\/2026\/02\/1r_2n_3r_1r-dia-de-colonies-11.jpeg\" class=\"wp-block-getwid-images-slider__image wp-image-19676\" srcset=\"https:\/\/agora.xtec.cat\/escolaponent-tarragona\/wp-content\/uploads\/usu422\/2026\/02\/1r_2n_3r_1r-dia-de-colonies-11.jpeg 1200w, https:\/\/agora.xtec.cat\/escolaponent-tarragona\/wp-content\/uploads\/usu422\/2026\/02\/1r_2n_3r_1r-dia-de-colonies-11-225x300.jpeg 225w, https:\/\/agora.xtec.cat\/escolaponent-tarragona\/wp-content\/uploads\/usu422\/2026\/02\/1r_2n_3r_1r-dia-de-colonies-11-768x1024.jpeg 768w, https:\/\/agora.xtec.cat\/escolaponent-tarragona\/wp-content\/uploads\/usu422\/2026\/02\/1r_2n_3r_1r-dia-de-colonies-11-1152x1536.jpeg 1152w\" sizes=\"auto, (max-width: 1200px) 100vw, 1200px\" \/><\/figure><\/div><div class=\"wp-block-getwid-images-slider__item\"><figure><img loading=\"lazy\" decoding=\"async\" width=\"1600\" height=\"1200\" src=\"https:\/\/agora.xtec.cat\/escolaponent-tarragona\/wp-content\/uploads\/usu422\/2026\/02\/1r_2n_3r_1r-dia-de-colonies-12.jpeg\" data-id=\"19674\" data-link=\"https:\/\/agora.xtec.cat\/escolaponent-tarragona\/?attachment_id=19674\" data-original-link=\"https:\/\/agora.xtec.cat\/escolaponent-tarragona\/wp-content\/uploads\/usu422\/2026\/02\/1r_2n_3r_1r-dia-de-colonies-12.jpeg\" class=\"wp-block-getwid-images-slider__image wp-image-19674\" srcset=\"https:\/\/agora.xtec.cat\/escolaponent-tarragona\/wp-content\/uploads\/usu422\/2026\/02\/1r_2n_3r_1r-dia-de-colonies-12.jpeg 1600w, https:\/\/agora.xtec.cat\/escolaponent-tarragona\/wp-content\/uploads\/usu422\/2026\/02\/1r_2n_3r_1r-dia-de-colonies-12-300x225.jpeg 300w, https:\/\/agora.xtec.cat\/escolaponent-tarragona\/wp-content\/uploads\/usu422\/2026\/02\/1r_2n_3r_1r-dia-de-colonies-12-1024x768.jpeg 1024w, https:\/\/agora.xtec.cat\/escolaponent-tarragona\/wp-content\/uploads\/usu422\/2026\/02\/1r_2n_3r_1r-dia-de-colonies-12-768x576.jpeg 768w, https:\/\/agora.xtec.cat\/escolaponent-tarragona\/wp-content\/uploads\/usu422\/2026\/02\/1r_2n_3r_1r-dia-de-colonies-12-1536x1152.jpeg 1536w\" sizes=\"auto, (max-width: 1600px) 100vw, 1600px\" \/><\/figure><\/div><div class=\"wp-block-getwid-images-slider__item\"><figure><img loading=\"lazy\" decoding=\"async\" width=\"1600\" height=\"1200\" src=\"https:\/\/agora.xtec.cat\/escolaponent-tarragona\/wp-content\/uploads\/usu422\/2026\/02\/1r_2n_3r_1r-dia-de-colonies-13.jpeg\" data-id=\"19684\" data-link=\"https:\/\/agora.xtec.cat\/escolaponent-tarragona\/?attachment_id=19684\" data-original-link=\"https:\/\/agora.xtec.cat\/escolaponent-tarragona\/wp-content\/uploads\/usu422\/2026\/02\/1r_2n_3r_1r-dia-de-colonies-13.jpeg\" class=\"wp-block-getwid-images-slider__image wp-image-19684\" srcset=\"https:\/\/agora.xtec.cat\/escolaponent-tarragona\/wp-content\/uploads\/usu422\/2026\/02\/1r_2n_3r_1r-dia-de-colonies-13.jpeg 1600w, https:\/\/agora.xtec.cat\/escolaponent-tarragona\/wp-content\/uploads\/usu422\/2026\/02\/1r_2n_3r_1r-dia-de-colonies-13-300x225.jpeg 300w, https:\/\/agora.xtec.cat\/escolaponent-tarragona\/wp-content\/uploads\/usu422\/2026\/02\/1r_2n_3r_1r-dia-de-colonies-13-1024x768.jpeg 1024w, https:\/\/agora.xtec.cat\/escolaponent-tarragona\/wp-content\/uploads\/usu422\/2026\/02\/1r_2n_3r_1r-dia-de-colonies-13-768x576.jpeg 768w, https:\/\/agora.xtec.cat\/escolaponent-tarragona\/wp-content\/uploads\/usu422\/2026\/02\/1r_2n_3r_1r-dia-de-colonies-13-1536x1152.jpeg 1536w\" sizes=\"auto, (max-width: 1600px) 100vw, 1600px\" \/><\/figure><\/div><div class=\"wp-block-getwid-images-slider__item\"><figure><img loading=\"lazy\" decoding=\"async\" width=\"1500\" height=\"2000\" src=\"https:\/\/agora.xtec.cat\/escolaponent-tarragona\/wp-content\/uploads\/usu422\/2026\/02\/1r_2n_3r_1r-dia-de-colonies-1.jpeg\" data-id=\"19681\" data-link=\"https:\/\/agora.xtec.cat\/escolaponent-tarragona\/?attachment_id=19681\" data-original-link=\"https:\/\/agora.xtec.cat\/escolaponent-tarragona\/wp-content\/uploads\/usu422\/2026\/02\/1r_2n_3r_1r-dia-de-colonies-1.jpeg\" class=\"wp-block-getwid-images-slider__image wp-image-19681\" srcset=\"https:\/\/agora.xtec.cat\/escolaponent-tarragona\/wp-content\/uploads\/usu422\/2026\/02\/1r_2n_3r_1r-dia-de-colonies-1.jpeg 1500w, https:\/\/agora.xtec.cat\/escolaponent-tarragona\/wp-content\/uploads\/usu422\/2026\/02\/1r_2n_3r_1r-dia-de-colonies-1-225x300.jpeg 225w, https:\/\/agora.xtec.cat\/escolaponent-tarragona\/wp-content\/uploads\/usu422\/2026\/02\/1r_2n_3r_1r-dia-de-colonies-1-768x1024.jpeg 768w, https:\/\/agora.xtec.cat\/escolaponent-tarragona\/wp-content\/uploads\/usu422\/2026\/02\/1r_2n_3r_1r-dia-de-colonies-1-1152x1536.jpeg 1152w\" sizes=\"auto, (max-width: 1500px) 100vw, 1500px\" \/><\/figure><\/div><\/div><\/div>\n","protected":false},"excerpt":{"rendered":"<p>Fam\u00edlies, aix\u00f2 \u00e9s un no parar i nom\u00e9s portem un dia de col\u00f2nies. Despr\u00e9s d&#8217;un joc de presentaci\u00f3 ens hem [&hellip;]<\/p>\n","protected":false},"author":1,"featured_media":19687,"comment_status":"open","ping_status":"open","sticky":false,"template":"","format":"standard","meta":{"_bbp_topic_count":0,"_bbp_reply_count":0,"_bbp_total_topic_count":0,"_bbp_total_reply_count":0,"_bbp_voice_count":0,"_bbp_anonymous_reply_count":0,"_bbp_topic_count_hidden":0,"_bbp_reply_count_hidden":0,"_bbp_forum_subforum_count":0,"site-sidebar-layout":"default","site-content-layout":"","ast-site-content-layout":"default","site-content-style":"default","site-sidebar-style":"default","ast-global-header-display":"","ast-banner-title-visibility":"","ast-main-header-display":"","ast-hfb-above-header-display":"","ast-hfb-below-header-display":"","ast-hfb-mobile-header-display":"","site-post-title":"","ast-breadcrumbs-content":"","ast-featured-img":"","footer-sml-layout":"","theme-transparent-header-meta":"","adv-header-id-meta":"","stick-header-meta":"","header-above-stick-meta":"","header-main-stick-meta":"","header-below-stick-meta":"","astra-migrate-meta-layouts":"set","ast-page-background-enabled":"default","ast-page-background-meta":{"desktop":{"background-color":"var(--ast-global-color-4)","background-image":"","background-repeat":"repeat","background-position":"center center","background-size":"auto","background-attachment":"scroll","background-type":"","background-media":"","overlay-type":"","overlay-color":"","overlay-opacity":"","overlay-gradient":""},"tablet":{"background-color":"","background-image":"","background-repeat":"repeat","background-position":"center center","background-size":"auto","background-attachment":"scroll","background-type":"","background-media":"","overlay-type":"","overlay-color":"","overlay-opacity":"","overlay-gradient":""},"mobile":{"background-color":"","background-image":"","background-repeat":"repeat","background-position":"center center","background-size":"auto","background-attachment":"scroll","background-type":"","background-media":"","overlay-type":"","overlay-color":"","overlay-opacity":"","overlay-gradient":""}},"ast-content-background-meta":{"desktop":{"background-color":"var(--ast-global-color-5)","background-image":"","background-repeat":"repeat","background-position":"center center","background-size":"auto","background-attachment":"scroll","background-type":"","background-media":"","overlay-type":"","overlay-color":"","overlay-opacity":"","overlay-gradient":""},"tablet":{"background-color":"var(--ast-global-color-5)","background-image":"","background-repeat":"repeat","background-position":"center center","background-size":"auto","background-attachment":"scroll","background-type":"","background-media":"","overlay-type":"","overlay-color":"","overlay-opacity":"","overlay-gradient":""},"mobile":{"background-color":"var(--ast-global-color-5)","background-image":"","background-repeat":"repeat","background-position":"center center","background-size":"auto","background-attachment":"scroll","background-type":"","background-media":"","overlay-type":"","overlay-color":"","overlay-opacity":"","overlay-gradient":""}},"footnotes":""},"categories":[4],"tags":[142],"class_list":["post-19672","post","type-post","status-publish","format-standard","has-post-thumbnail","hentry","category-portada","tag-colonies"],"post_mailing_queue_ids":[],"_links":{"self":[{"href":"https:\/\/agora.xtec.cat\/escolaponent-tarragona\/wp-json\/wp\/v2\/posts\/19672","targetHints":{"allow":["GET"]}}],"collection":[{"href":"https:\/\/agora.xtec.cat\/escolaponent-tarragona\/wp-json\/wp\/v2\/posts"}],"about":[{"href":"https:\/\/agora.xtec.cat\/escolaponent-tarragona\/wp-json\/wp\/v2\/types\/post"}],"author":[{"embeddable":true,"href":"https:\/\/agora.xtec.cat\/escolaponent-tarragona\/wp-json\/wp\/v2\/users\/1"}],"replies":[{"embeddable":true,"href":"https:\/\/agora.xtec.cat\/escolaponent-tarragona\/wp-json\/wp\/v2\/comments?post=19672"}],"version-history":[{"count":2,"href":"https:\/\/agora.xtec.cat\/escolaponent-tarragona\/wp-json\/wp\/v2\/posts\/19672\/revisions"}],"predecessor-version":[{"id":19688,"href":"https:\/\/agora.xtec.cat\/escolaponent-tarragona\/wp-json\/wp\/v2\/posts\/19672\/revisions\/19688"}],"wp:featuredmedia":[{"embeddable":true,"href":"https:\/\/agora.xtec.cat\/escolaponent-tarragona\/wp-json\/wp\/v2\/media\/19687"}],"wp:attachment":[{"href":"https:\/\/agora.xtec.cat\/escolaponent-tarragona\/wp-json\/wp\/v2\/media?parent=19672"}],"wp:term":[{"taxonomy":"category","embeddable":true,"href":"https:\/\/agora.xtec.cat\/escolaponent-tarragona\/wp-json\/wp\/v2\/categories?post=19672"},{"taxonomy":"post_tag","embeddable":true,"href":"https:\/\/agora.xtec.cat\/escolaponent-tarragona\/wp-json\/wp\/v2\/tags?post=19672"}],"curies":[{"name":"wp","href":"https:\/\/api.w.org\/{rel}","templated":true}]}}