{"id":19653,"date":"2026-01-15T20:45:40","date_gmt":"2026-01-15T19:45:40","guid":{"rendered":"https:\/\/agora.xtec.cat\/escolaponent-tarragona\/?p=19653"},"modified":"2026-01-17T21:14:18","modified_gmt":"2026-01-17T20:14:18","slug":"resum-festival-de-nadal","status":"publish","type":"post","link":"https:\/\/agora.xtec.cat\/escolaponent-tarragona\/portada\/resum-festival-de-nadal\/","title":{"rendered":"Resum Festival de Nadal"},"content":{"rendered":"\n<p>El passat <strong>18 de desembre<\/strong>, el teatre del Centre C\u00edvic de Torreforta es va omplir de m\u00fasica, color i molta il\u00b7lusi\u00f3 per celebrar el tradicional <strong>Festival de Nadal<\/strong>. Va ser una jornada molt especial on tota la comunitat educativa ens vam retrobar per compartir el fruit de setmanes de feina i assajos.<\/p>\n\n\n\n<p>Aquest any, l\u2019eix central de l\u2019acte ha estat <strong>&#8220;El Nadal al m\u00f3n&#8221;<\/strong>. A trav\u00e9s de les diferents actuacions de l&#8217;alumnat d&#8217;infantil i prim\u00e0ria, vam emprendre un viatge fascinant per descobrir com se celebra aquesta \u00e8poca en diferents racons del planeta. Des de les tradicions m\u00e9s properes fins a ritmes i costums de pa\u00efsos llunyans, els nostres infants ens van ensenyar que l&#8217;esperit de pau i conviv\u00e8ncia no coneix fronteres.<\/p>\n\n\n\n<p>Sabem que molts de vosaltres voleu tornar a gaudir del talent dels nostres petits artistes. Per aix\u00f2, ja teniu disponibles els <strong>v\u00eddeos amb totes les actuacions<\/strong> del festival.<\/p>\n\n\n\n<p>Podeu veure&#8217;ls a continuaci\u00f3:<\/p>\n\n\n\n<div class=\"wp-block-columns is-layout-flex wp-container-core-columns-is-layout-1 wp-block-columns-is-layout-flex\">\n<div class=\"wp-block-column is-layout-flow wp-block-column-is-layout-flow\">\n<figure class=\"wp-block-embed is-type-video is-provider-youtube wp-block-embed-youtube wp-embed-aspect-16-9 wp-has-aspect-ratio\"><div class=\"wp-block-embed__wrapper\">\n<div class=\"ast-oembed-container \" style=\"height: 100%;\"><iframe loading=\"lazy\" title=\"Festival Educaci\u00f3 Infantil\" width=\"500\" height=\"281\" src=\"https:\/\/www.youtube.com\/embed\/HzfykJFbr-8?feature=oembed\" frameborder=\"0\" allow=\"accelerometer; autoplay; clipboard-write; encrypted-media; gyroscope; picture-in-picture; web-share\" referrerpolicy=\"strict-origin-when-cross-origin\" allowfullscreen><\/iframe><\/div>\n<\/div><\/figure>\n\n\n\n<p class=\"has-text-align-center\"><a href=\"https:\/\/youtu.be\/HzfykJFbr-8\">Festival Educaci\u00f3 Infantil<\/a><\/p>\n<\/div>\n\n\n\n<div class=\"wp-block-column is-layout-flow wp-block-column-is-layout-flow\">\n<figure class=\"wp-block-embed is-type-video is-provider-youtube wp-block-embed-youtube wp-embed-aspect-16-9 wp-has-aspect-ratio\"><div class=\"wp-block-embed__wrapper\">\n<div class=\"ast-oembed-container \" style=\"height: 100%;\"><iframe loading=\"lazy\" title=\"Festival Nadal Comunitat Mitjans- 2025\" width=\"500\" height=\"281\" src=\"https:\/\/www.youtube.com\/embed\/JEEikN3zdPs?feature=oembed\" frameborder=\"0\" allow=\"accelerometer; autoplay; clipboard-write; encrypted-media; gyroscope; picture-in-picture; web-share\" referrerpolicy=\"strict-origin-when-cross-origin\" allowfullscreen><\/iframe><\/div>\n<\/div><\/figure>\n\n\n\n<p class=\"has-text-align-center\"><a href=\"https:\/\/youtu.be\/JEEikN3zdPs\">Festival Comunitat Mitjans<\/a><\/p>\n<\/div>\n\n\n\n<div class=\"wp-block-column is-layout-flow wp-block-column-is-layout-flow\">\n<figure class=\"wp-block-embed is-type-video is-provider-youtube wp-block-embed-youtube wp-embed-aspect-16-9 wp-has-aspect-ratio\"><div class=\"wp-block-embed__wrapper\">\n<div class=\"ast-oembed-container \" style=\"height: 100%;\"><iframe loading=\"lazy\" title=\"Festival Comunitat Grans\" width=\"500\" height=\"281\" src=\"https:\/\/www.youtube.com\/embed\/KuMhDwd1T3g?feature=oembed\" frameborder=\"0\" allow=\"accelerometer; autoplay; clipboard-write; encrypted-media; gyroscope; picture-in-picture; web-share\" referrerpolicy=\"strict-origin-when-cross-origin\" allowfullscreen><\/iframe><\/div>\n<\/div><\/figure>\n\n\n\n<p class=\"has-text-align-center\"><a href=\"https:\/\/youtu.be\/KuMhDwd1T3g\">Festival Comunitat Grans<\/a><\/p>\n<\/div>\n<\/div>\n\n\n\n<p>Volem agrair a totes les fam\u00edlies la vostra assist\u00e8ncia i l&#8217;esfor\u00e7 de mestres i alumnat per fer d&#8217;aquest festival una experi\u00e8ncia tan enriquidora.<\/p>\n\n\n\n<p><strong>Gr\u00e0cies per acompanyar-nos en aquest viatge!<\/strong><\/p>\n","protected":false},"excerpt":{"rendered":"<p>El passat 18 de desembre, el teatre del Centre C\u00edvic de Torreforta es va omplir de m\u00fasica, color i molta [&hellip;]<\/p>\n","protected":false},"author":1,"featured_media":19654,"comment_status":"open","ping_status":"open","sticky":false,"template":"","format":"standard","meta":{"_bbp_topic_count":0,"_bbp_reply_count":0,"_bbp_total_topic_count":0,"_bbp_total_reply_count":0,"_bbp_voice_count":0,"_bbp_anonymous_reply_count":0,"_bbp_topic_count_hidden":0,"_bbp_reply_count_hidden":0,"_bbp_forum_subforum_count":0,"site-sidebar-layout":"default","site-content-layout":"","ast-site-content-layout":"default","site-content-style":"default","site-sidebar-style":"default","ast-global-header-display":"","ast-banner-title-visibility":"","ast-main-header-display":"","ast-hfb-above-header-display":"","ast-hfb-below-header-display":"","ast-hfb-mobile-header-display":"","site-post-title":"","ast-breadcrumbs-content":"","ast-featured-img":"","footer-sml-layout":"","theme-transparent-header-meta":"","adv-header-id-meta":"","stick-header-meta":"","header-above-stick-meta":"","header-main-stick-meta":"","header-below-stick-meta":"","astra-migrate-meta-layouts":"set","ast-page-background-enabled":"default","ast-page-background-meta":{"desktop":{"background-color":"var(--ast-global-color-4)","background-image":"","background-repeat":"repeat","background-position":"center center","background-size":"auto","background-attachment":"scroll","background-type":"","background-media":"","overlay-type":"","overlay-color":"","overlay-opacity":"","overlay-gradient":""},"tablet":{"background-color":"","background-image":"","background-repeat":"repeat","background-position":"center center","background-size":"auto","background-attachment":"scroll","background-type":"","background-media":"","overlay-type":"","overlay-color":"","overlay-opacity":"","overlay-gradient":""},"mobile":{"background-color":"","background-image":"","background-repeat":"repeat","background-position":"center center","background-size":"auto","background-attachment":"scroll","background-type":"","background-media":"","overlay-type":"","overlay-color":"","overlay-opacity":"","overlay-gradient":""}},"ast-content-background-meta":{"desktop":{"background-color":"var(--ast-global-color-5)","background-image":"","background-repeat":"repeat","background-position":"center center","background-size":"auto","background-attachment":"scroll","background-type":"","background-media":"","overlay-type":"","overlay-color":"","overlay-opacity":"","overlay-gradient":""},"tablet":{"background-color":"var(--ast-global-color-5)","background-image":"","background-repeat":"repeat","background-position":"center center","background-size":"auto","background-attachment":"scroll","background-type":"","background-media":"","overlay-type":"","overlay-color":"","overlay-opacity":"","overlay-gradient":""},"mobile":{"background-color":"var(--ast-global-color-5)","background-image":"","background-repeat":"repeat","background-position":"center center","background-size":"auto","background-attachment":"scroll","background-type":"","background-media":"","overlay-type":"","overlay-color":"","overlay-opacity":"","overlay-gradient":""}},"footnotes":""},"categories":[46,4],"tags":[76,73,157,210],"class_list":["post-19653","post","type-post","status-publish","format-standard","has-post-thumbnail","hentry","category-festes","category-portada","tag-familia","tag-festes","tag-musica","tag-tradicions"],"post_mailing_queue_ids":[],"_links":{"self":[{"href":"https:\/\/agora.xtec.cat\/escolaponent-tarragona\/wp-json\/wp\/v2\/posts\/19653","targetHints":{"allow":["GET"]}}],"collection":[{"href":"https:\/\/agora.xtec.cat\/escolaponent-tarragona\/wp-json\/wp\/v2\/posts"}],"about":[{"href":"https:\/\/agora.xtec.cat\/escolaponent-tarragona\/wp-json\/wp\/v2\/types\/post"}],"author":[{"embeddable":true,"href":"https:\/\/agora.xtec.cat\/escolaponent-tarragona\/wp-json\/wp\/v2\/users\/1"}],"replies":[{"embeddable":true,"href":"https:\/\/agora.xtec.cat\/escolaponent-tarragona\/wp-json\/wp\/v2\/comments?post=19653"}],"version-history":[{"count":2,"href":"https:\/\/agora.xtec.cat\/escolaponent-tarragona\/wp-json\/wp\/v2\/posts\/19653\/revisions"}],"predecessor-version":[{"id":19656,"href":"https:\/\/agora.xtec.cat\/escolaponent-tarragona\/wp-json\/wp\/v2\/posts\/19653\/revisions\/19656"}],"wp:featuredmedia":[{"embeddable":true,"href":"https:\/\/agora.xtec.cat\/escolaponent-tarragona\/wp-json\/wp\/v2\/media\/19654"}],"wp:attachment":[{"href":"https:\/\/agora.xtec.cat\/escolaponent-tarragona\/wp-json\/wp\/v2\/media?parent=19653"}],"wp:term":[{"taxonomy":"category","embeddable":true,"href":"https:\/\/agora.xtec.cat\/escolaponent-tarragona\/wp-json\/wp\/v2\/categories?post=19653"},{"taxonomy":"post_tag","embeddable":true,"href":"https:\/\/agora.xtec.cat\/escolaponent-tarragona\/wp-json\/wp\/v2\/tags?post=19653"}],"curies":[{"name":"wp","href":"https:\/\/api.w.org\/{rel}","templated":true}]}}