{"id":19629,"date":"2025-09-19T11:09:07","date_gmt":"2025-09-19T09:09:07","guid":{"rendered":"https:\/\/agora.xtec.cat\/escolaponent-tarragona\/?p=19629"},"modified":"2025-09-19T11:09:07","modified_gmt":"2025-09-19T09:09:07","slug":"tallers-de-basquet-de-3r-a-6e","status":"publish","type":"post","link":"https:\/\/agora.xtec.cat\/escolaponent-tarragona\/portada\/tallers-de-basquet-de-3r-a-6e\/","title":{"rendered":"Tallers de b\u00e0squet de 3r a 6\u00e8"},"content":{"rendered":"\n<div class=\"wp-block-media-text is-stacked-on-mobile\" style=\"border-style:none;border-width:0px;border-radius:87px;grid-template-columns:38% auto\"><figure class=\"wp-block-media-text__media\"><img loading=\"lazy\" decoding=\"async\" width=\"819\" height=\"1024\" src=\"https:\/\/agora.xtec.cat\/escolaponent-tarragona\/wp-content\/uploads\/usu422\/2025\/09\/Basquet-819x1024.jpg\" alt=\"\" class=\"wp-image-19630 size-full\" srcset=\"https:\/\/agora.xtec.cat\/escolaponent-tarragona\/wp-content\/uploads\/usu422\/2025\/09\/Basquet-819x1024.jpg 819w, https:\/\/agora.xtec.cat\/escolaponent-tarragona\/wp-content\/uploads\/usu422\/2025\/09\/Basquet-240x300.jpg 240w, https:\/\/agora.xtec.cat\/escolaponent-tarragona\/wp-content\/uploads\/usu422\/2025\/09\/Basquet-768x960.jpg 768w, https:\/\/agora.xtec.cat\/escolaponent-tarragona\/wp-content\/uploads\/usu422\/2025\/09\/Basquet.jpg 1080w\" sizes=\"auto, (max-width: 819px) 100vw, 819px\" \/><\/figure><div class=\"wp-block-media-text__content\">\n<p>Des de l&#8217;Escola i en col\u00b7laboraci\u00f3 amb el club esportiu AD Torreforta, posem en marxa uns tallers de b\u00e0squet gratu\u00efts adre\u00e7ats a l&#8217;alumnat de 3r fins a 6\u00e8.<\/p>\n\n\n\n<p>Si voleu fer un petit tastet, dijous 25 i divendres 26 de setembre podeu venir a les Portes Obertes que farem de 16:30h a 17:30h al pati de l&#8217;escola. <\/p>\n\n\n\n<p>Per fer la inscripci\u00f3 dels vostres fills i filles ompliu el formulari que heu rebut al vostre correu electr\u00f2nic abans del 24 de setembre. <\/p>\n<\/div><\/div>\n","protected":false},"excerpt":{"rendered":"<p>Des de l&#8217;Escola i en col\u00b7laboraci\u00f3 amb el club esportiu AD Torreforta, posem en marxa uns tallers de b\u00e0squet gratu\u00efts [&hellip;]<\/p>\n","protected":false},"author":1,"featured_media":19630,"comment_status":"open","ping_status":"open","sticky":false,"template":"","format":"standard","meta":{"_bbp_topic_count":0,"_bbp_reply_count":0,"_bbp_total_topic_count":0,"_bbp_total_reply_count":0,"_bbp_voice_count":0,"_bbp_anonymous_reply_count":0,"_bbp_topic_count_hidden":0,"_bbp_reply_count_hidden":0,"_bbp_forum_subforum_count":0,"site-sidebar-layout":"default","site-content-layout":"","ast-site-content-layout":"default","site-content-style":"default","site-sidebar-style":"default","ast-global-header-display":"","ast-banner-title-visibility":"","ast-main-header-display":"","ast-hfb-above-header-display":"","ast-hfb-below-header-display":"","ast-hfb-mobile-header-display":"","site-post-title":"","ast-breadcrumbs-content":"","ast-featured-img":"","footer-sml-layout":"","theme-transparent-header-meta":"","adv-header-id-meta":"","stick-header-meta":"","header-above-stick-meta":"","header-main-stick-meta":"","header-below-stick-meta":"","astra-migrate-meta-layouts":"set","ast-page-background-enabled":"default","ast-page-background-meta":{"desktop":{"background-color":"var(--ast-global-color-4)","background-image":"","background-repeat":"repeat","background-position":"center center","background-size":"auto","background-attachment":"scroll","background-type":"","background-media":"","overlay-type":"","overlay-color":"","overlay-opacity":"","overlay-gradient":""},"tablet":{"background-color":"","background-image":"","background-repeat":"repeat","background-position":"center center","background-size":"auto","background-attachment":"scroll","background-type":"","background-media":"","overlay-type":"","overlay-color":"","overlay-opacity":"","overlay-gradient":""},"mobile":{"background-color":"","background-image":"","background-repeat":"repeat","background-position":"center center","background-size":"auto","background-attachment":"scroll","background-type":"","background-media":"","overlay-type":"","overlay-color":"","overlay-opacity":"","overlay-gradient":""}},"ast-content-background-meta":{"desktop":{"background-color":"var(--ast-global-color-5)","background-image":"","background-repeat":"repeat","background-position":"center center","background-size":"auto","background-attachment":"scroll","background-type":"","background-media":"","overlay-type":"","overlay-color":"","overlay-opacity":"","overlay-gradient":""},"tablet":{"background-color":"var(--ast-global-color-5)","background-image":"","background-repeat":"repeat","background-position":"center center","background-size":"auto","background-attachment":"scroll","background-type":"","background-media":"","overlay-type":"","overlay-color":"","overlay-opacity":"","overlay-gradient":""},"mobile":{"background-color":"var(--ast-global-color-5)","background-image":"","background-repeat":"repeat","background-position":"center center","background-size":"auto","background-attachment":"scroll","background-type":"","background-media":"","overlay-type":"","overlay-color":"","overlay-opacity":"","overlay-gradient":""}},"footnotes":""},"categories":[4],"tags":[527,110],"class_list":["post-19629","post","type-post","status-publish","format-standard","has-post-thumbnail","hentry","category-portada","tag-basquet","tag-esport"],"post_mailing_queue_ids":[],"_links":{"self":[{"href":"https:\/\/agora.xtec.cat\/escolaponent-tarragona\/wp-json\/wp\/v2\/posts\/19629","targetHints":{"allow":["GET"]}}],"collection":[{"href":"https:\/\/agora.xtec.cat\/escolaponent-tarragona\/wp-json\/wp\/v2\/posts"}],"about":[{"href":"https:\/\/agora.xtec.cat\/escolaponent-tarragona\/wp-json\/wp\/v2\/types\/post"}],"author":[{"embeddable":true,"href":"https:\/\/agora.xtec.cat\/escolaponent-tarragona\/wp-json\/wp\/v2\/users\/1"}],"replies":[{"embeddable":true,"href":"https:\/\/agora.xtec.cat\/escolaponent-tarragona\/wp-json\/wp\/v2\/comments?post=19629"}],"version-history":[{"count":3,"href":"https:\/\/agora.xtec.cat\/escolaponent-tarragona\/wp-json\/wp\/v2\/posts\/19629\/revisions"}],"predecessor-version":[{"id":19633,"href":"https:\/\/agora.xtec.cat\/escolaponent-tarragona\/wp-json\/wp\/v2\/posts\/19629\/revisions\/19633"}],"wp:featuredmedia":[{"embeddable":true,"href":"https:\/\/agora.xtec.cat\/escolaponent-tarragona\/wp-json\/wp\/v2\/media\/19630"}],"wp:attachment":[{"href":"https:\/\/agora.xtec.cat\/escolaponent-tarragona\/wp-json\/wp\/v2\/media?parent=19629"}],"wp:term":[{"taxonomy":"category","embeddable":true,"href":"https:\/\/agora.xtec.cat\/escolaponent-tarragona\/wp-json\/wp\/v2\/categories?post=19629"},{"taxonomy":"post_tag","embeddable":true,"href":"https:\/\/agora.xtec.cat\/escolaponent-tarragona\/wp-json\/wp\/v2\/tags?post=19629"}],"curies":[{"name":"wp","href":"https:\/\/api.w.org\/{rel}","templated":true}]}}