{"id":13374,"date":"2021-11-23T15:35:33","date_gmt":"2021-11-23T14:35:33","guid":{"rendered":"https:\/\/agora.xtec.cat\/escolaponent-tarragona\/?p=13374"},"modified":"2021-11-23T15:38:32","modified_gmt":"2021-11-23T14:38:32","slug":"cantata-la-veu-de-la-terra","status":"publish","type":"post","link":"https:\/\/agora.xtec.cat\/escolaponent-tarragona\/portada\/cantata-la-veu-de-la-terra\/","title":{"rendered":"Cantata: La veu de la Terra"},"content":{"rendered":"<p><span style=\"font-family: helvetica, arial, sans-serif;\">Aquest curs, dins l&#8217;\u00e0rea de m\u00fasica,\u00a0l&#8217;escola participa\u00a0en una cantata\u00a0que s&#8217;est\u00e0 fent arreu de Catalunya. Una cantata \u00e9s un espectacle que mescla text i can\u00e7ons per als m\u00e9s petits.<\/span><\/p>\n<p><span style=\"font-family: helvetica, arial, sans-serif;\">La cantata rep el nom de\u00a0La Veu de la Terra\u00a0i tracta d&#8217;un tema d&#8217;all\u00f2 m\u00e9s important:\u00a0la contaminaci\u00f3\u00a0de la Terra i l&#8217;escalfament global. Creiem que \u00e9s un projecte molt enriquidor i motivador per la comunitat educativa i pels nens i nenes i que tindr\u00e0 a final de curs una actuaci\u00f3 de les 9 can\u00e7ons i els textos que haurem anat treballant durant aquest curs amb els nens i nenes de 5\u00e8 de prim\u00e0ria.<\/span><\/p>\n<p><span style=\"font-family: helvetica, arial, sans-serif;\">Per si teniu curiositat, aquesta \u00e9s la p\u00e0gina web on es poden escoltar les can\u00e7ons i veure amb m\u00e9s deteniment el projecte:\u00a0<a href=\"http:\/\/laveudelaterra.cat\/\" target=\"_blank\" rel=\"noopener\" data-saferedirecturl=\"https:\/\/www.google.com\/url?q=http:\/\/laveudelaterra.cat\/&amp;source=gmail&amp;ust=1637764134096000&amp;usg=AOvVaw2Dzz2vQFhbv34XBe32Mrqx\">http:\/\/<wbr \/>laveudelaterra.cat\/<\/a><\/span><\/p>\n<div><a href=\"http:\/\/laveudelaterra.cat\/\"><img loading=\"lazy\" decoding=\"async\" class=\"aligncenter wp-image-13375\" src=\"https:\/\/agora.xtec.cat\/escolaponent-tarragona\/wp-content\/uploads\/usu422\/2021\/11\/La-veu-de-la-Terra.png\" alt=\"\" width=\"503\" height=\"501\" srcset=\"https:\/\/agora.xtec.cat\/escolaponent-tarragona\/wp-content\/uploads\/usu422\/2021\/11\/La-veu-de-la-Terra.png 702w, https:\/\/agora.xtec.cat\/escolaponent-tarragona\/wp-content\/uploads\/usu422\/2021\/11\/La-veu-de-la-Terra-300x300.png 300w, https:\/\/agora.xtec.cat\/escolaponent-tarragona\/wp-content\/uploads\/usu422\/2021\/11\/La-veu-de-la-Terra-150x150.png 150w\" sizes=\"auto, (max-width: 503px) 100vw, 503px\" \/><\/a><\/div>\n","protected":false},"excerpt":{"rendered":"<p>Aquest curs, dins l&#8217;\u00e0rea de m\u00fasica,\u00a0l&#8217;escola participa\u00a0en una cantata\u00a0que s&#8217;est\u00e0 fent arreu de Catalunya. Una cantata \u00e9s un espectacle que [&hellip;]<\/p>\n","protected":false},"author":1,"featured_media":13375,"comment_status":"open","ping_status":"closed","sticky":false,"template":"","format":"standard","meta":{"_bbp_topic_count":0,"_bbp_reply_count":0,"_bbp_total_topic_count":0,"_bbp_total_reply_count":0,"_bbp_voice_count":0,"_bbp_anonymous_reply_count":0,"_bbp_topic_count_hidden":0,"_bbp_reply_count_hidden":0,"_bbp_forum_subforum_count":0,"site-sidebar-layout":"default","site-content-layout":"","ast-site-content-layout":"","site-content-style":"default","site-sidebar-style":"default","ast-global-header-display":"","ast-banner-title-visibility":"","ast-main-header-display":"","ast-hfb-above-header-display":"","ast-hfb-below-header-display":"","ast-hfb-mobile-header-display":"","site-post-title":"","ast-breadcrumbs-content":"","ast-featured-img":"","footer-sml-layout":"","theme-transparent-header-meta":"","adv-header-id-meta":"","stick-header-meta":"","header-above-stick-meta":"","header-main-stick-meta":"","header-below-stick-meta":"","astra-migrate-meta-layouts":"default","ast-page-background-enabled":"default","ast-page-background-meta":{"desktop":{"background-color":"var(--ast-global-color-4)","background-image":"","background-repeat":"repeat","background-position":"center center","background-size":"auto","background-attachment":"scroll","background-type":"","background-media":"","overlay-type":"","overlay-color":"","overlay-opacity":"","overlay-gradient":""},"tablet":{"background-color":"","background-image":"","background-repeat":"repeat","background-position":"center center","background-size":"auto","background-attachment":"scroll","background-type":"","background-media":"","overlay-type":"","overlay-color":"","overlay-opacity":"","overlay-gradient":""},"mobile":{"background-color":"","background-image":"","background-repeat":"repeat","background-position":"center center","background-size":"auto","background-attachment":"scroll","background-type":"","background-media":"","overlay-type":"","overlay-color":"","overlay-opacity":"","overlay-gradient":""}},"ast-content-background-meta":{"desktop":{"background-color":"var(--ast-global-color-5)","background-image":"","background-repeat":"repeat","background-position":"center center","background-size":"auto","background-attachment":"scroll","background-type":"","background-media":"","overlay-type":"","overlay-color":"","overlay-opacity":"","overlay-gradient":""},"tablet":{"background-color":"var(--ast-global-color-5)","background-image":"","background-repeat":"repeat","background-position":"center center","background-size":"auto","background-attachment":"scroll","background-type":"","background-media":"","overlay-type":"","overlay-color":"","overlay-opacity":"","overlay-gradient":""},"mobile":{"background-color":"var(--ast-global-color-5)","background-image":"","background-repeat":"repeat","background-position":"center center","background-size":"auto","background-attachment":"scroll","background-type":"","background-media":"","overlay-type":"","overlay-color":"","overlay-opacity":"","overlay-gradient":""}},"footnotes":""},"categories":[14,4],"tags":[400,157],"class_list":["post-13374","post","type-post","status-publish","format-standard","has-post-thumbnail","hentry","category-5e","category-portada","tag-cantata","tag-musica"],"post_mailing_queue_ids":[],"_links":{"self":[{"href":"https:\/\/agora.xtec.cat\/escolaponent-tarragona\/wp-json\/wp\/v2\/posts\/13374","targetHints":{"allow":["GET"]}}],"collection":[{"href":"https:\/\/agora.xtec.cat\/escolaponent-tarragona\/wp-json\/wp\/v2\/posts"}],"about":[{"href":"https:\/\/agora.xtec.cat\/escolaponent-tarragona\/wp-json\/wp\/v2\/types\/post"}],"author":[{"embeddable":true,"href":"https:\/\/agora.xtec.cat\/escolaponent-tarragona\/wp-json\/wp\/v2\/users\/1"}],"replies":[{"embeddable":true,"href":"https:\/\/agora.xtec.cat\/escolaponent-tarragona\/wp-json\/wp\/v2\/comments?post=13374"}],"version-history":[{"count":3,"href":"https:\/\/agora.xtec.cat\/escolaponent-tarragona\/wp-json\/wp\/v2\/posts\/13374\/revisions"}],"predecessor-version":[{"id":13379,"href":"https:\/\/agora.xtec.cat\/escolaponent-tarragona\/wp-json\/wp\/v2\/posts\/13374\/revisions\/13379"}],"wp:featuredmedia":[{"embeddable":true,"href":"https:\/\/agora.xtec.cat\/escolaponent-tarragona\/wp-json\/wp\/v2\/media\/13375"}],"wp:attachment":[{"href":"https:\/\/agora.xtec.cat\/escolaponent-tarragona\/wp-json\/wp\/v2\/media?parent=13374"}],"wp:term":[{"taxonomy":"category","embeddable":true,"href":"https:\/\/agora.xtec.cat\/escolaponent-tarragona\/wp-json\/wp\/v2\/categories?post=13374"},{"taxonomy":"post_tag","embeddable":true,"href":"https:\/\/agora.xtec.cat\/escolaponent-tarragona\/wp-json\/wp\/v2\/tags?post=13374"}],"curies":[{"name":"wp","href":"https:\/\/api.w.org\/{rel}","templated":true}]}}