{"id":12111,"date":"2021-05-28T13:24:07","date_gmt":"2021-05-28T11:24:07","guid":{"rendered":"http:\/\/agora.xtec.cat\/escolaponent-tarragona\/?p=12111"},"modified":"2021-05-27T11:29:47","modified_gmt":"2021-05-27T09:29:47","slug":"un-arbre-diferent","status":"publish","type":"post","link":"https:\/\/agora.xtec.cat\/escolaponent-tarragona\/infantil\/i4\/un-arbre-diferent\/","title":{"rendered":"Un arbre diferent &#8230;"},"content":{"rendered":"<p>Durant aquests dies les classes d\u2019Infantil A, B I C ens hem endinsat en la lectura d\u2019un conte, un conte que ens ha fet sentir i reflexionar sobre el respecte cap a un mateix i cap als altres. Una hist\u00f2ria sobre l\u2019autoestima, el respecte i l\u2019estimar. Som iguals per\u00f2 a la vegada diferents, cadascun\/a amb la seva ess\u00e8ncia, la seva m\u00e0gia i peculiaritat.<\/p>\n<p>Enmig d\u2019 un bosc, la vida d\u2019 un arbre no ser\u00e0 gens f\u00e0cil, rodejat de pins que no l\u2019accepten i junt amb el pas de les estacions, anir\u00e0 descobrint les seves difer\u00e8ncies que acabaran convertint-se en les seves potencialitats i fortaleses. Sentint-se millor amb si mateix, acceptant-se, descobrint noves amistats i aprenent a estimar-se tal i com \u00e9s.<\/p>\n<p>Quina hist\u00f2ria m\u00e9s especial! Despr\u00e9s d&#8217;una petita conversa sobre el conte vam decidir que podr\u00edem cadascun\/a de nosaltres decorar un arbre, fent-lo \u00fanic, on a cada fulla hi havia escrit \u201cjo s\u00f3c&#8230;\u201d i nosaltres pod\u00edem afegir qualsevol adjectiu: jo s\u00f3c responsable, amable, fort, bonic&#8230;Poc a poc, vam anar aportant la nostra petjada, aquella fulla que ens fa sentir nosaltres mateixos, formant totes les classes unides \u201cl&#8217;arbre diferent\u201d, on cada fulla \u00e9s \u00fanica, especial i brilla per si mateixa.<\/p>\n<p><a href=\"https:\/\/agora.xtec.cat\/escolaponent-tarragona\/wp-content\/uploads\/usu422\/2021\/05\/INF_A.jpg\"><img loading=\"lazy\" decoding=\"async\" class=\"alignnone size-large wp-image-12112\" src=\"https:\/\/agora.xtec.cat\/escolaponent-tarragona\/wp-content\/uploads\/usu422\/2021\/05\/INF_A-768x1024.jpg\" alt=\"\" width=\"768\" height=\"1024\" srcset=\"https:\/\/agora.xtec.cat\/escolaponent-tarragona\/wp-content\/uploads\/usu422\/2021\/05\/INF_A-768x1024.jpg 768w, https:\/\/agora.xtec.cat\/escolaponent-tarragona\/wp-content\/uploads\/usu422\/2021\/05\/INF_A-225x300.jpg 225w, https:\/\/agora.xtec.cat\/escolaponent-tarragona\/wp-content\/uploads\/usu422\/2021\/05\/INF_A.jpg 1200w\" sizes=\"auto, (max-width: 768px) 100vw, 768px\" \/><\/a> <a href=\"https:\/\/agora.xtec.cat\/escolaponent-tarragona\/wp-content\/uploads\/usu422\/2021\/05\/INF_B.jpg\"><img loading=\"lazy\" decoding=\"async\" class=\"alignnone size-large wp-image-12113\" src=\"https:\/\/agora.xtec.cat\/escolaponent-tarragona\/wp-content\/uploads\/usu422\/2021\/05\/INF_B-1024x768.jpg\" alt=\"\" width=\"1024\" height=\"768\" srcset=\"https:\/\/agora.xtec.cat\/escolaponent-tarragona\/wp-content\/uploads\/usu422\/2021\/05\/INF_B-1024x768.jpg 1024w, https:\/\/agora.xtec.cat\/escolaponent-tarragona\/wp-content\/uploads\/usu422\/2021\/05\/INF_B-300x225.jpg 300w, https:\/\/agora.xtec.cat\/escolaponent-tarragona\/wp-content\/uploads\/usu422\/2021\/05\/INF_B-768x576.jpg 768w, https:\/\/agora.xtec.cat\/escolaponent-tarragona\/wp-content\/uploads\/usu422\/2021\/05\/INF_B-200x150.jpg 200w, https:\/\/agora.xtec.cat\/escolaponent-tarragona\/wp-content\/uploads\/usu422\/2021\/05\/INF_B.jpg 2048w\" sizes=\"auto, (max-width: 1024px) 100vw, 1024px\" \/><\/a> <a href=\"https:\/\/agora.xtec.cat\/escolaponent-tarragona\/wp-content\/uploads\/usu422\/2021\/05\/INF_C.jpg\"><img loading=\"lazy\" decoding=\"async\" class=\"alignnone size-large wp-image-12114\" src=\"https:\/\/agora.xtec.cat\/escolaponent-tarragona\/wp-content\/uploads\/usu422\/2021\/05\/INF_C-1024x768.jpg\" alt=\"\" width=\"1024\" height=\"768\" srcset=\"https:\/\/agora.xtec.cat\/escolaponent-tarragona\/wp-content\/uploads\/usu422\/2021\/05\/INF_C-1024x768.jpg 1024w, https:\/\/agora.xtec.cat\/escolaponent-tarragona\/wp-content\/uploads\/usu422\/2021\/05\/INF_C-300x225.jpg 300w, https:\/\/agora.xtec.cat\/escolaponent-tarragona\/wp-content\/uploads\/usu422\/2021\/05\/INF_C-768x576.jpg 768w, https:\/\/agora.xtec.cat\/escolaponent-tarragona\/wp-content\/uploads\/usu422\/2021\/05\/INF_C-200x150.jpg 200w, https:\/\/agora.xtec.cat\/escolaponent-tarragona\/wp-content\/uploads\/usu422\/2021\/05\/INF_C.jpg 1600w\" sizes=\"auto, (max-width: 1024px) 100vw, 1024px\" \/><\/a><\/p>\n","protected":false},"excerpt":{"rendered":"<p>Durant aquests dies les classes d\u2019Infantil A, B I C ens hem endinsat en la lectura d\u2019un conte, un conte [&hellip;]<\/p>\n","protected":false},"author":20,"featured_media":0,"comment_status":"open","ping_status":"closed","sticky":false,"template":"","format":"standard","meta":{"_bbp_topic_count":0,"_bbp_reply_count":0,"_bbp_total_topic_count":0,"_bbp_total_reply_count":0,"_bbp_voice_count":0,"_bbp_anonymous_reply_count":0,"_bbp_topic_count_hidden":0,"_bbp_reply_count_hidden":0,"_bbp_forum_subforum_count":0,"site-sidebar-layout":"default","site-content-layout":"","ast-site-content-layout":"","site-content-style":"default","site-sidebar-style":"default","ast-global-header-display":"","ast-banner-title-visibility":"","ast-main-header-display":"","ast-hfb-above-header-display":"","ast-hfb-below-header-display":"","ast-hfb-mobile-header-display":"","site-post-title":"","ast-breadcrumbs-content":"","ast-featured-img":"","footer-sml-layout":"","theme-transparent-header-meta":"","adv-header-id-meta":"","stick-header-meta":"","header-above-stick-meta":"","header-main-stick-meta":"","header-below-stick-meta":"","astra-migrate-meta-layouts":"default","ast-page-background-enabled":"default","ast-page-background-meta":{"desktop":{"background-color":"var(--ast-global-color-4)","background-image":"","background-repeat":"repeat","background-position":"center center","background-size":"auto","background-attachment":"scroll","background-type":"","background-media":"","overlay-type":"","overlay-color":"","overlay-opacity":"","overlay-gradient":""},"tablet":{"background-color":"","background-image":"","background-repeat":"repeat","background-position":"center center","background-size":"auto","background-attachment":"scroll","background-type":"","background-media":"","overlay-type":"","overlay-color":"","overlay-opacity":"","overlay-gradient":""},"mobile":{"background-color":"","background-image":"","background-repeat":"repeat","background-position":"center center","background-size":"auto","background-attachment":"scroll","background-type":"","background-media":"","overlay-type":"","overlay-color":"","overlay-opacity":"","overlay-gradient":""}},"ast-content-background-meta":{"desktop":{"background-color":"var(--ast-global-color-5)","background-image":"","background-repeat":"repeat","background-position":"center center","background-size":"auto","background-attachment":"scroll","background-type":"","background-media":"","overlay-type":"","overlay-color":"","overlay-opacity":"","overlay-gradient":""},"tablet":{"background-color":"var(--ast-global-color-5)","background-image":"","background-repeat":"repeat","background-position":"center center","background-size":"auto","background-attachment":"scroll","background-type":"","background-media":"","overlay-type":"","overlay-color":"","overlay-opacity":"","overlay-gradient":""},"mobile":{"background-color":"var(--ast-global-color-5)","background-image":"","background-repeat":"repeat","background-position":"center center","background-size":"auto","background-attachment":"scroll","background-type":"","background-media":"","overlay-type":"","overlay-color":"","overlay-opacity":"","overlay-gradient":""}},"footnotes":""},"categories":[23,8,9,282,296,297],"tags":[85,105],"class_list":["post-12111","post","type-post","status-publish","format-standard","hentry","category-biblioteca","category-i4","category-i5","category-infa","category-infb","category-infc","tag-gust-per-la-lectura","tag-valors"],"post_mailing_queue_ids":[],"_links":{"self":[{"href":"https:\/\/agora.xtec.cat\/escolaponent-tarragona\/wp-json\/wp\/v2\/posts\/12111","targetHints":{"allow":["GET"]}}],"collection":[{"href":"https:\/\/agora.xtec.cat\/escolaponent-tarragona\/wp-json\/wp\/v2\/posts"}],"about":[{"href":"https:\/\/agora.xtec.cat\/escolaponent-tarragona\/wp-json\/wp\/v2\/types\/post"}],"author":[{"embeddable":true,"href":"https:\/\/agora.xtec.cat\/escolaponent-tarragona\/wp-json\/wp\/v2\/users\/20"}],"replies":[{"embeddable":true,"href":"https:\/\/agora.xtec.cat\/escolaponent-tarragona\/wp-json\/wp\/v2\/comments?post=12111"}],"version-history":[{"count":1,"href":"https:\/\/agora.xtec.cat\/escolaponent-tarragona\/wp-json\/wp\/v2\/posts\/12111\/revisions"}],"predecessor-version":[{"id":12115,"href":"https:\/\/agora.xtec.cat\/escolaponent-tarragona\/wp-json\/wp\/v2\/posts\/12111\/revisions\/12115"}],"wp:attachment":[{"href":"https:\/\/agora.xtec.cat\/escolaponent-tarragona\/wp-json\/wp\/v2\/media?parent=12111"}],"wp:term":[{"taxonomy":"category","embeddable":true,"href":"https:\/\/agora.xtec.cat\/escolaponent-tarragona\/wp-json\/wp\/v2\/categories?post=12111"},{"taxonomy":"post_tag","embeddable":true,"href":"https:\/\/agora.xtec.cat\/escolaponent-tarragona\/wp-json\/wp\/v2\/tags?post=12111"}],"curies":[{"name":"wp","href":"https:\/\/api.w.org\/{rel}","templated":true}]}}