{"id":54,"count":11,"description":"<p style=\"text-align: justify;\"><a href=\"https:\/\/agora.xtec.cat\/escolaponent-tarragona\/wp-content\/uploads\/usu422\/2025\/02\/7.jpg\"><img class=\"aligncenter  wp-image-19097\" src=\"https:\/\/agora.xtec.cat\/escolaponent-tarragona\/wp-content\/uploads\/usu422\/2025\/02\/7-1024x336.jpg\" alt=\"\" width=\"379\" height=\"125\" \/><\/a>A l'hort de la nostra escola creixen les hortalisses m\u00e9s bones del barri. Cada setmana un grup d'ambients d'infantil i l'alumnat de prim\u00e0ria es fa c\u00e0rrec dels treballs de manteniment, plantaci\u00f3 i recol\u00b7lecci\u00f3 d'aquest espai.<\/p>\r\n<p style=\"text-align: justify;\">Ens encanta cuidar d'aquest raconet.<\/p>","link":"https:\/\/agora.xtec.cat\/escolaponent-tarragona\/categoria\/projectes\/hort\/","name":"Hort de Ponent","slug":"hort","taxonomy":"category","parent":21,"meta":[],"_links":{"self":[{"href":"https:\/\/agora.xtec.cat\/escolaponent-tarragona\/wp-json\/wp\/v2\/categories\/54","targetHints":{"allow":["GET"]}}],"collection":[{"href":"https:\/\/agora.xtec.cat\/escolaponent-tarragona\/wp-json\/wp\/v2\/categories"}],"about":[{"href":"https:\/\/agora.xtec.cat\/escolaponent-tarragona\/wp-json\/wp\/v2\/taxonomies\/category"}],"up":[{"embeddable":true,"href":"https:\/\/agora.xtec.cat\/escolaponent-tarragona\/wp-json\/wp\/v2\/categories\/21"}],"wp:post_type":[{"href":"https:\/\/agora.xtec.cat\/escolaponent-tarragona\/wp-json\/wp\/v2\/posts?categories=54"}],"curies":[{"name":"wp","href":"https:\/\/api.w.org\/{rel}","templated":true}]}}