{"id":11611,"date":"2024-02-14T18:30:45","date_gmt":"2024-02-14T17:30:45","guid":{"rendered":"https:\/\/agora.xtec.cat\/escolapoblenou\/?p=11611"},"modified":"2024-02-14T18:30:45","modified_gmt":"2024-02-14T17:30:45","slug":"sortida-a-la-universitat-pompeu-fabra","status":"publish","type":"post","link":"https:\/\/agora.xtec.cat\/escolapoblenou\/primaria\/3r\/sortida-a-la-universitat-pompeu-fabra\/","title":{"rendered":"Sortida a la Universitat Pompeu Fabra"},"content":{"rendered":"<p><span style=\"font-weight: 400;\">Tal i com us vam informar, els alumnes de Cicle Mitj\u00e0 hem realitzat la sortida a la Universitat Pompeu Fabra per\u00a0 participar en un estudi sobre un videojoc que t\u00e9 com a objectiu potenciar conductes d\u2019ajuda i col.laboraci\u00f3 en nens i nenes amb i sense trastorn de l\u2019espectre autista.<\/span><\/p>\n<p><span style=\"font-weight: 400;\">L\u2019entorn virtual estava projectat al terra i els protagonistes eren un drac, una capitana i un cient\u00edfic. En grups de quatre, havien de realitzar les tasques que els hi encomanaven tals com: trencar el gel, construir un pont amb fustes i pedres\u2026 Els podeu veure en les imatges que us deixem m\u00e9s avall.<\/span><\/p>\n<p><span style=\"font-weight: 400;\">Ha estat una experi\u00e8ncia divertida e interessant i sobretot \u00fatil, perqu\u00e8 amb la nostra participaci\u00f3, entre tots i totes hem ajudat a la Comunitat Cient\u00edfica a l\u2019hora de fer ci\u00e8ncia.<\/span><\/p>\n<p><a href=\"https:\/\/drive.google.com\/drive\/folders\/1uUo7MECibjP-ZWRNk-eMyRXHbWM6uiPI?usp=drive_link\">Fotos de 3r<\/a><\/p>\n<p><a href=\"https:\/\/drive.google.com\/drive\/folders\/1-gvvswQ5jjdRBN5G9FF-y3KftzBPjfwC?usp=drive_link\">Fotos de 4t<\/a><\/p>\n<p>&nbsp;<\/p>\n","protected":false},"excerpt":{"rendered":"<p>Tal i com us vam informar, els alumnes de Cicle Mitj\u00e0 hem realitzat la sortida a la Universitat Pompeu Fabra per\u00a0 participar en un estudi sobre un videojoc que t\u00e9 com a objectiu potenciar conductes d\u2019ajuda i col.laboraci\u00f3 en nens i nenes amb i sense trastorn de l\u2019espectre autista. L\u2019entorn virtual estava projectat al terra [&hellip;]<\/p>\n","protected":false},"author":44,"featured_media":11613,"comment_status":"closed","ping_status":"closed","sticky":false,"template":"","format":"standard","meta":{"_bbp_topic_count":0,"_bbp_reply_count":0,"_bbp_total_topic_count":0,"_bbp_total_reply_count":0,"_bbp_voice_count":0,"_bbp_anonymous_reply_count":0,"_bbp_topic_count_hidden":0,"_bbp_reply_count_hidden":0,"_bbp_forum_subforum_count":0,"site-sidebar-layout":"default","site-content-layout":"","ast-site-content-layout":"","site-content-style":"default","site-sidebar-style":"default","ast-global-header-display":"","ast-banner-title-visibility":"","ast-main-header-display":"","ast-hfb-above-header-display":"","ast-hfb-below-header-display":"","ast-hfb-mobile-header-display":"","site-post-title":"","ast-breadcrumbs-content":"","ast-featured-img":"","footer-sml-layout":"","theme-transparent-header-meta":"","adv-header-id-meta":"","stick-header-meta":"","header-above-stick-meta":"","header-main-stick-meta":"","header-below-stick-meta":"","astra-migrate-meta-layouts":"default","ast-page-background-enabled":"default","ast-page-background-meta":{"desktop":{"background-color":"var(--ast-global-color-4)","background-image":"","background-repeat":"repeat","background-position":"center center","background-size":"auto","background-attachment":"scroll","background-type":"","background-media":"","overlay-type":"","overlay-color":"","overlay-opacity":"","overlay-gradient":""},"tablet":{"background-color":"","background-image":"","background-repeat":"repeat","background-position":"center center","background-size":"auto","background-attachment":"scroll","background-type":"","background-media":"","overlay-type":"","overlay-color":"","overlay-opacity":"","overlay-gradient":""},"mobile":{"background-color":"","background-image":"","background-repeat":"repeat","background-position":"center center","background-size":"auto","background-attachment":"scroll","background-type":"","background-media":"","overlay-type":"","overlay-color":"","overlay-opacity":"","overlay-gradient":""}},"ast-content-background-meta":{"desktop":{"background-color":"var(--ast-global-color-5)","background-image":"","background-repeat":"repeat","background-position":"center center","background-size":"auto","background-attachment":"scroll","background-type":"","background-media":"","overlay-type":"","overlay-color":"","overlay-opacity":"","overlay-gradient":""},"tablet":{"background-color":"var(--ast-global-color-5)","background-image":"","background-repeat":"repeat","background-position":"center center","background-size":"auto","background-attachment":"scroll","background-type":"","background-media":"","overlay-type":"","overlay-color":"","overlay-opacity":"","overlay-gradient":""},"mobile":{"background-color":"var(--ast-global-color-5)","background-image":"","background-repeat":"repeat","background-position":"center center","background-size":"auto","background-attachment":"scroll","background-type":"","background-media":"","overlay-type":"","overlay-color":"","overlay-opacity":"","overlay-gradient":""}},"footnotes":""},"categories":[12,13,96],"tags":[],"class_list":["post-11611","post","type-post","status-publish","format-standard","has-post-thumbnail","hentry","category-3r","category-4t","category-sortides"],"post_mailing_queue_ids":[],"_links":{"self":[{"href":"https:\/\/agora.xtec.cat\/escolapoblenou\/wp-json\/wp\/v2\/posts\/11611","targetHints":{"allow":["GET"]}}],"collection":[{"href":"https:\/\/agora.xtec.cat\/escolapoblenou\/wp-json\/wp\/v2\/posts"}],"about":[{"href":"https:\/\/agora.xtec.cat\/escolapoblenou\/wp-json\/wp\/v2\/types\/post"}],"author":[{"embeddable":true,"href":"https:\/\/agora.xtec.cat\/escolapoblenou\/wp-json\/wp\/v2\/users\/44"}],"replies":[{"embeddable":true,"href":"https:\/\/agora.xtec.cat\/escolapoblenou\/wp-json\/wp\/v2\/comments?post=11611"}],"version-history":[{"count":1,"href":"https:\/\/agora.xtec.cat\/escolapoblenou\/wp-json\/wp\/v2\/posts\/11611\/revisions"}],"predecessor-version":[{"id":11614,"href":"https:\/\/agora.xtec.cat\/escolapoblenou\/wp-json\/wp\/v2\/posts\/11611\/revisions\/11614"}],"wp:featuredmedia":[{"embeddable":true,"href":"https:\/\/agora.xtec.cat\/escolapoblenou\/wp-json\/wp\/v2\/media\/11613"}],"wp:attachment":[{"href":"https:\/\/agora.xtec.cat\/escolapoblenou\/wp-json\/wp\/v2\/media?parent=11611"}],"wp:term":[{"taxonomy":"category","embeddable":true,"href":"https:\/\/agora.xtec.cat\/escolapoblenou\/wp-json\/wp\/v2\/categories?post=11611"},{"taxonomy":"post_tag","embeddable":true,"href":"https:\/\/agora.xtec.cat\/escolapoblenou\/wp-json\/wp\/v2\/tags?post=11611"}],"curies":[{"name":"wp","href":"https:\/\/api.w.org\/{rel}","templated":true}]}}