{"id":11572,"date":"2024-02-07T10:44:08","date_gmt":"2024-02-07T09:44:08","guid":{"rendered":"https:\/\/agora.xtec.cat\/escolapoblenou\/?p=11572"},"modified":"2024-02-07T10:44:08","modified_gmt":"2024-02-07T09:44:08","slug":"2n-la-motxilla-dels-tresors","status":"publish","type":"post","link":"https:\/\/agora.xtec.cat\/escolapoblenou\/primaria\/2n\/2n-la-motxilla-dels-tresors\/","title":{"rendered":"2n La motxilla dels tresors"},"content":{"rendered":"<p>Els nens i nenes de 2n hem realitzat l&#8217;activitat \u201c <strong>La motxilla dels tresors<\/strong>\u201d per compartir en fam\u00edlia.<\/p>\n<p>Cada cap de setmana quatre nens o nenes s&#8217;han emportat una motxilla on han hagut d\u2019amagar un tresor (objecte important per a ells o elles) i l&#8217;han portat a l&#8217;escola el dia acordat amb el\/la tutora. Cada infant ha explicat als seus companys\/es d&#8217;aula com \u00e9s el seu tresor i perqu\u00e8 l&#8217;ha triat.<\/p>\n<p>Aquesta tasca t\u00e9 diverses finalitats, donar un espai per a l\u2019expressi\u00f3 verbal i emocional, propiciar el coneixement mutu,\u00a0 promoure l\u2019estima i l\u2019autoestima com a elements de cura m\u00fatua, fomentar la cohesi\u00f3 de grup, la integraci\u00f3 i la no viol\u00e8ncia a l\u2019aula.<\/p>\n<p>Un cop m\u00e9s agra\u00efm a les nostres fam\u00edlies la seva col\u00b7laboraci\u00f3 i implicaci\u00f3.<\/p>\n<p>Si feu<strong> clic<\/strong> podreu veure fotografies.<\/p>\n<p><strong>\u00a0 \u00a0 \u00a0 \u00a0 \u00a0 \u00a0 \u00a0 <img loading=\"lazy\" decoding=\"async\" class=\"alignleft size-medium wp-image-8965\" src=\"https:\/\/agora.xtec.cat\/escolapoblenou\/wp-content\/uploads\/usu1516\/2021\/05\/motxilles-300x284.png\" alt=\"\" width=\"300\" height=\"284\" srcset=\"https:\/\/agora.xtec.cat\/escolapoblenou\/wp-content\/uploads\/usu1516\/2021\/05\/motxilles-300x284.png 300w, https:\/\/agora.xtec.cat\/escolapoblenou\/wp-content\/uploads\/usu1516\/2021\/05\/motxilles.png 417w\" sizes=\"auto, (max-width: 300px) 100vw, 300px\" \/>\u00a0 \u00a0 \u00a0 \u00a0 <\/strong><\/p>\n<p><a href=\"https:\/\/drive.google.com\/drive\/folders\/1LavsZpXE3kAs2ivkTxFgMMied9Vhv10P\" target=\"_blank\" rel=\"noopener\"><strong>Classe de 2n A &#8211; Les \u00e0ligues<\/strong><\/a><\/p>\n<p><a href=\"https:\/\/drive.google.com\/drive\/folders\/1Tpd7AQHswUH_AD_n-UB6T2a7_K04WEg-\" target=\"_blank\" rel=\"noopener\"><strong>\u00a0Class<\/strong><strong>e de 2n B &#8211; Els camaleons<\/strong><\/a><\/p>\n<p>&nbsp;<\/p>\n<p>&nbsp;<\/p>\n<p>&nbsp;<\/p>\n","protected":false},"excerpt":{"rendered":"<p>Els nens i nenes de 2n hem realitzat l&#8217;activitat \u201c La motxilla dels tresors\u201d per compartir en fam\u00edlia. Cada cap de setmana quatre nens o nenes s&#8217;han emportat una motxilla on han hagut d\u2019amagar un tresor (objecte important per a ells o elles) i l&#8217;han portat a l&#8217;escola el dia acordat amb el\/la tutora. Cada [&hellip;]<\/p>\n","protected":false},"author":10,"featured_media":8965,"comment_status":"open","ping_status":"closed","sticky":false,"template":"","format":"standard","meta":{"_bbp_topic_count":0,"_bbp_reply_count":0,"_bbp_total_topic_count":0,"_bbp_total_reply_count":0,"_bbp_voice_count":0,"_bbp_anonymous_reply_count":0,"_bbp_topic_count_hidden":0,"_bbp_reply_count_hidden":0,"_bbp_forum_subforum_count":0,"site-sidebar-layout":"default","site-content-layout":"","ast-site-content-layout":"","site-content-style":"default","site-sidebar-style":"default","ast-global-header-display":"","ast-banner-title-visibility":"","ast-main-header-display":"","ast-hfb-above-header-display":"","ast-hfb-below-header-display":"","ast-hfb-mobile-header-display":"","site-post-title":"","ast-breadcrumbs-content":"","ast-featured-img":"","footer-sml-layout":"","theme-transparent-header-meta":"","adv-header-id-meta":"","stick-header-meta":"","header-above-stick-meta":"","header-main-stick-meta":"","header-below-stick-meta":"","astra-migrate-meta-layouts":"default","ast-page-background-enabled":"default","ast-page-background-meta":{"desktop":{"background-color":"var(--ast-global-color-4)","background-image":"","background-repeat":"repeat","background-position":"center center","background-size":"auto","background-attachment":"scroll","background-type":"","background-media":"","overlay-type":"","overlay-color":"","overlay-opacity":"","overlay-gradient":""},"tablet":{"background-color":"","background-image":"","background-repeat":"repeat","background-position":"center center","background-size":"auto","background-attachment":"scroll","background-type":"","background-media":"","overlay-type":"","overlay-color":"","overlay-opacity":"","overlay-gradient":""},"mobile":{"background-color":"","background-image":"","background-repeat":"repeat","background-position":"center center","background-size":"auto","background-attachment":"scroll","background-type":"","background-media":"","overlay-type":"","overlay-color":"","overlay-opacity":"","overlay-gradient":""}},"ast-content-background-meta":{"desktop":{"background-color":"var(--ast-global-color-5)","background-image":"","background-repeat":"repeat","background-position":"center center","background-size":"auto","background-attachment":"scroll","background-type":"","background-media":"","overlay-type":"","overlay-color":"","overlay-opacity":"","overlay-gradient":""},"tablet":{"background-color":"var(--ast-global-color-5)","background-image":"","background-repeat":"repeat","background-position":"center center","background-size":"auto","background-attachment":"scroll","background-type":"","background-media":"","overlay-type":"","overlay-color":"","overlay-opacity":"","overlay-gradient":""},"mobile":{"background-color":"var(--ast-global-color-5)","background-image":"","background-repeat":"repeat","background-position":"center center","background-size":"auto","background-attachment":"scroll","background-type":"","background-media":"","overlay-type":"","overlay-color":"","overlay-opacity":"","overlay-gradient":""}},"footnotes":""},"categories":[11,116],"tags":[],"class_list":["post-11572","post","type-post","status-publish","format-standard","has-post-thumbnail","hentry","category-2n","category-emocions"],"post_mailing_queue_ids":[],"_links":{"self":[{"href":"https:\/\/agora.xtec.cat\/escolapoblenou\/wp-json\/wp\/v2\/posts\/11572","targetHints":{"allow":["GET"]}}],"collection":[{"href":"https:\/\/agora.xtec.cat\/escolapoblenou\/wp-json\/wp\/v2\/posts"}],"about":[{"href":"https:\/\/agora.xtec.cat\/escolapoblenou\/wp-json\/wp\/v2\/types\/post"}],"author":[{"embeddable":true,"href":"https:\/\/agora.xtec.cat\/escolapoblenou\/wp-json\/wp\/v2\/users\/10"}],"replies":[{"embeddable":true,"href":"https:\/\/agora.xtec.cat\/escolapoblenou\/wp-json\/wp\/v2\/comments?post=11572"}],"version-history":[{"count":5,"href":"https:\/\/agora.xtec.cat\/escolapoblenou\/wp-json\/wp\/v2\/posts\/11572\/revisions"}],"predecessor-version":[{"id":11592,"href":"https:\/\/agora.xtec.cat\/escolapoblenou\/wp-json\/wp\/v2\/posts\/11572\/revisions\/11592"}],"wp:featuredmedia":[{"embeddable":true,"href":"https:\/\/agora.xtec.cat\/escolapoblenou\/wp-json\/wp\/v2\/media\/8965"}],"wp:attachment":[{"href":"https:\/\/agora.xtec.cat\/escolapoblenou\/wp-json\/wp\/v2\/media?parent=11572"}],"wp:term":[{"taxonomy":"category","embeddable":true,"href":"https:\/\/agora.xtec.cat\/escolapoblenou\/wp-json\/wp\/v2\/categories?post=11572"},{"taxonomy":"post_tag","embeddable":true,"href":"https:\/\/agora.xtec.cat\/escolapoblenou\/wp-json\/wp\/v2\/tags?post=11572"}],"curies":[{"name":"wp","href":"https:\/\/api.w.org\/{rel}","templated":true}]}}