{"id":11295,"date":"2023-11-13T08:13:38","date_gmt":"2023-11-13T07:13:38","guid":{"rendered":"https:\/\/agora.xtec.cat\/escolapoblenou\/?p=11295"},"modified":"2023-11-13T08:13:38","modified_gmt":"2023-11-13T07:13:38","slug":"2n-visita-el-mercat-de-sant-marti-de-provencals","status":"publish","type":"post","link":"https:\/\/agora.xtec.cat\/escolapoblenou\/general\/2n-visita-el-mercat-de-sant-marti-de-provencals\/","title":{"rendered":"2n Visita el Mercat de Sant Mart\u00ed de Proven\u00e7als"},"content":{"rendered":"<p>L&#8217;alumnat de segon aquest primer trimestre est\u00e0 treballant\u00a0 &#8220;L&#8217;alimentaci\u00f3 i l&#8217;aparell digestiu&#8221;.\u00a0\u00a0Per aix\u00f2,\u00a0 per saber-ne m\u00e9s, el\u00a0\u00a0passat 26 d&#8217;octubre &#8220;Les \u00e0ligues i els camaleons&#8221; van anar a fer una visita al <strong>Mercat de Sant Mart\u00ed de proven\u00e7als<\/strong> per con\u00e8ixer les diferents paredes on es venen els aliments que necessitem per elaborar els nostres men\u00fas saludables i equilibrats.<\/p>\n<p>Va ser un mat\u00ed d&#8217;all\u00f2 m\u00e9s divertit!!.<\/p>\n<p>Si feu clic a la imatge podreu veure unes quantes fotografies.<\/p>\n<p><a href=\"https:\/\/drive.google.com\/drive\/u\/0\/folders\/1Qnl0hq1tquCJEd8Sw4M8q-r6dCmnje3E\" target=\"_blank\" rel=\"noopener\"><img loading=\"lazy\" decoding=\"async\" class=\"alignleft size-medium wp-image-11297\" src=\"https:\/\/agora.xtec.cat\/escolapoblenou\/wp-content\/uploads\/usu1516\/2023\/11\/Mercat-de-Sant-Marti-de-Provencals-300x169.jpeg\" alt=\"\" width=\"300\" height=\"169\" srcset=\"https:\/\/agora.xtec.cat\/escolapoblenou\/wp-content\/uploads\/usu1516\/2023\/11\/Mercat-de-Sant-Marti-de-Provencals-300x169.jpeg 300w, https:\/\/agora.xtec.cat\/escolapoblenou\/wp-content\/uploads\/usu1516\/2023\/11\/Mercat-de-Sant-Marti-de-Provencals-768x432.jpeg 768w, https:\/\/agora.xtec.cat\/escolapoblenou\/wp-content\/uploads\/usu1516\/2023\/11\/Mercat-de-Sant-Marti-de-Provencals.jpeg 960w\" sizes=\"auto, (max-width: 300px) 100vw, 300px\" \/><\/a><\/p>\n","protected":false},"excerpt":{"rendered":"<p>L&#8217;alumnat de segon aquest primer trimestre est\u00e0 treballant\u00a0 &#8220;L&#8217;alimentaci\u00f3 i l&#8217;aparell digestiu&#8221;.\u00a0\u00a0Per aix\u00f2,\u00a0 per saber-ne m\u00e9s, el\u00a0\u00a0passat 26 d&#8217;octubre &#8220;Les \u00e0ligues i els camaleons&#8221; van anar a fer una visita al Mercat de Sant Mart\u00ed de proven\u00e7als per con\u00e8ixer les diferents paredes on es venen els aliments que necessitem per elaborar els nostres men\u00fas saludables [&hellip;]<\/p>\n","protected":false},"author":10,"featured_media":11297,"comment_status":"open","ping_status":"closed","sticky":false,"template":"","format":"standard","meta":{"_bbp_topic_count":0,"_bbp_reply_count":0,"_bbp_total_topic_count":0,"_bbp_total_reply_count":0,"_bbp_voice_count":0,"_bbp_anonymous_reply_count":0,"_bbp_topic_count_hidden":0,"_bbp_reply_count_hidden":0,"_bbp_forum_subforum_count":0,"site-sidebar-layout":"default","site-content-layout":"","ast-site-content-layout":"","site-content-style":"default","site-sidebar-style":"default","ast-global-header-display":"","ast-banner-title-visibility":"","ast-main-header-display":"","ast-hfb-above-header-display":"","ast-hfb-below-header-display":"","ast-hfb-mobile-header-display":"","site-post-title":"","ast-breadcrumbs-content":"","ast-featured-img":"","footer-sml-layout":"","theme-transparent-header-meta":"","adv-header-id-meta":"","stick-header-meta":"","header-above-stick-meta":"","header-main-stick-meta":"","header-below-stick-meta":"","astra-migrate-meta-layouts":"default","ast-page-background-enabled":"default","ast-page-background-meta":{"desktop":{"background-color":"var(--ast-global-color-4)","background-image":"","background-repeat":"repeat","background-position":"center center","background-size":"auto","background-attachment":"scroll","background-type":"","background-media":"","overlay-type":"","overlay-color":"","overlay-opacity":"","overlay-gradient":""},"tablet":{"background-color":"","background-image":"","background-repeat":"repeat","background-position":"center center","background-size":"auto","background-attachment":"scroll","background-type":"","background-media":"","overlay-type":"","overlay-color":"","overlay-opacity":"","overlay-gradient":""},"mobile":{"background-color":"","background-image":"","background-repeat":"repeat","background-position":"center center","background-size":"auto","background-attachment":"scroll","background-type":"","background-media":"","overlay-type":"","overlay-color":"","overlay-opacity":"","overlay-gradient":""}},"ast-content-background-meta":{"desktop":{"background-color":"var(--ast-global-color-5)","background-image":"","background-repeat":"repeat","background-position":"center center","background-size":"auto","background-attachment":"scroll","background-type":"","background-media":"","overlay-type":"","overlay-color":"","overlay-opacity":"","overlay-gradient":""},"tablet":{"background-color":"var(--ast-global-color-5)","background-image":"","background-repeat":"repeat","background-position":"center center","background-size":"auto","background-attachment":"scroll","background-type":"","background-media":"","overlay-type":"","overlay-color":"","overlay-opacity":"","overlay-gradient":""},"mobile":{"background-color":"var(--ast-global-color-5)","background-image":"","background-repeat":"repeat","background-position":"center center","background-size":"auto","background-attachment":"scroll","background-type":"","background-media":"","overlay-type":"","overlay-color":"","overlay-opacity":"","overlay-gradient":""}},"footnotes":""},"categories":[11,1,96],"tags":[],"class_list":["post-11295","post","type-post","status-publish","format-standard","has-post-thumbnail","hentry","category-2n","category-general","category-sortides"],"post_mailing_queue_ids":[],"_links":{"self":[{"href":"https:\/\/agora.xtec.cat\/escolapoblenou\/wp-json\/wp\/v2\/posts\/11295","targetHints":{"allow":["GET"]}}],"collection":[{"href":"https:\/\/agora.xtec.cat\/escolapoblenou\/wp-json\/wp\/v2\/posts"}],"about":[{"href":"https:\/\/agora.xtec.cat\/escolapoblenou\/wp-json\/wp\/v2\/types\/post"}],"author":[{"embeddable":true,"href":"https:\/\/agora.xtec.cat\/escolapoblenou\/wp-json\/wp\/v2\/users\/10"}],"replies":[{"embeddable":true,"href":"https:\/\/agora.xtec.cat\/escolapoblenou\/wp-json\/wp\/v2\/comments?post=11295"}],"version-history":[{"count":3,"href":"https:\/\/agora.xtec.cat\/escolapoblenou\/wp-json\/wp\/v2\/posts\/11295\/revisions"}],"predecessor-version":[{"id":11299,"href":"https:\/\/agora.xtec.cat\/escolapoblenou\/wp-json\/wp\/v2\/posts\/11295\/revisions\/11299"}],"wp:featuredmedia":[{"embeddable":true,"href":"https:\/\/agora.xtec.cat\/escolapoblenou\/wp-json\/wp\/v2\/media\/11297"}],"wp:attachment":[{"href":"https:\/\/agora.xtec.cat\/escolapoblenou\/wp-json\/wp\/v2\/media?parent=11295"}],"wp:term":[{"taxonomy":"category","embeddable":true,"href":"https:\/\/agora.xtec.cat\/escolapoblenou\/wp-json\/wp\/v2\/categories?post=11295"},{"taxonomy":"post_tag","embeddable":true,"href":"https:\/\/agora.xtec.cat\/escolapoblenou\/wp-json\/wp\/v2\/tags?post=11295"}],"curies":[{"name":"wp","href":"https:\/\/api.w.org\/{rel}","templated":true}]}}