{"id":11105,"date":"2025-09-01T09:00:56","date_gmt":"2025-09-01T07:00:56","guid":{"rendered":"https:\/\/agora.xtec.cat\/escolapoblenou\/?p=11105"},"modified":"2026-07-20T10:05:34","modified_gmt":"2026-07-20T08:05:34","slug":"informacio-del-servei-de-menjador-escolar-curs-2023-2024","status":"publish","type":"post","link":"https:\/\/agora.xtec.cat\/escolapoblenou\/general\/informacio-del-servei-de-menjador-escolar-curs-2023-2024\/","title":{"rendered":"Informaci\u00f3 de l&#8217;espai migdia (Curs 2026-27)"},"content":{"rendered":"<p><strong>INFORMACI\u00d3 DEL SERVEI DE MENJADOR ESCOLAR. CURS 2026-2027<\/strong><\/p>\n<hr \/>\n<p>Els\/les alumnes tenen dues modalitats per poder quedar-se a dinar a l\u2019escola:<\/p>\n<table style=\"height: 958px; width: 100%; border-color: #050505; border-style: solid;\" border=\"1\">\n<tbody>\n<tr style=\"border-style: solid; border-color: #000000;\">\n<td style=\"border-style: solid; border-color: #000000; height: 761px;\"><strong><u>Com a fix<\/u><\/strong>:\u00a0 <strong>Preu\/dia 7,40\u20ac.<\/strong><\/p>\n<ul>\n<li>Per apuntar-se al servei de menjador fix:\n<ul style=\"list-style-type: circle;\">\n<li>S\u2019ha d\u2019omplir un full d\u2019inscripci\u00f3 amb totes les dades de l\u2019alumne\/a\u00a0 Aquest full s\u2019ha de sol\u00b7licitar i lliurar a l\u2019administrador\/a del menjador\u00a0 de manera presencial durant la setmana abans d\u2019utilitzar aquest servei.<\/li>\n<li>Es pot fer el pagament mitjan\u00e7ant transfer\u00e8ncia banc\u00e0ria o domiciliat.<\/li>\n<\/ul>\n<\/li>\n<li><strong>Els alumnes que el curs 2025-26 ja eren usuaris de menjador, no cal\u00a0 que notifiquin res. Es far\u00e0 el cobrament igual que aquests curs. <\/strong>En\u00a0 cas de voler fer algun canvi cal escriure al e-mail de menjador (<strong>menjador@escolapoblenou.net<\/strong>)<\/li>\n<li>Els nens i nenes de I3 nom\u00e9s podran fer \u00fas del servei al finalitzar el seu\u00a0 per\u00edode d\u2019adaptaci\u00f3.<\/li>\n<li>L\u2019ingr\u00e9s s\u2019haur\u00e0 de fer durant els 10 dies seg\u00fcents de rebre el rebut. Quan hagi\u00a0 un rebut impagat s\u2019avisar\u00e0 la fam\u00edlia per tal que pugui solucionar-ho. Les\u00a0 fam\u00edlies que no estiguin al corrent de les mensualitats, seran donades de baixa\u00a0 del servei pel seg\u00fcent mes.<\/li>\n<li><strong>Totes les transfer\u00e8ncies banc\u00e0ries s\u2019han de comunicar exclusivament a\u00a0 trav\u00e9s del correu electr\u00f2nic del menjador, indicant a l\u2019assumpte nom, cognoms i curs dels alumnes.<\/strong><\/li>\n<li>En cas d\u2019abs\u00e8ncies <strong>iguals o superior a tres dies consecutius <\/strong>us seran retornats\u00a0 de manera autom\u00e0tica 4 euros des del primer dia <strong>(no cal fer cap comunicaci\u00f3).<\/strong><\/li>\n<li>Els alumnes que no hagin de fer \u00fas del servei de menjador durant la jornada\u00a0 intensiva del mes de juny hauran d\u2019avisar amb 15 dies d\u2019antelaci\u00f3. Si no avisen\u00a0 en aquest termini no tindran dret a cap devoluci\u00f3.<\/li>\n<li><strong>P\u00edcnics:<\/strong> Les fam\u00edlies que no vulguin fer \u00fas del servei de p\u00edcnic del menjador per les excursions, podran sol\u00b7licitar la devoluci\u00f3 de 4 euros sempre i quan avisin, com a m\u00ednim, una setmana abans\u00a0 al e-mail de la tutora i al de menjador.<\/li>\n<\/ul>\n<p><a href=\"https:\/\/agora.xtec.cat\/escolapoblenou\/wp-content\/uploads\/usu1516\/2025\/09\/Captura-de-pantalla-2026-07-14-100520.png\"><img loading=\"lazy\" decoding=\"async\" class=\"aligncenter wp-image-13708\" src=\"https:\/\/agora.xtec.cat\/escolapoblenou\/wp-content\/uploads\/usu1516\/2025\/09\/Captura-de-pantalla-2026-07-14-100520.png\" alt=\"\" width=\"924\" height=\"177\" srcset=\"https:\/\/agora.xtec.cat\/escolapoblenou\/wp-content\/uploads\/usu1516\/2025\/09\/Captura-de-pantalla-2026-07-14-100520.png 820w, https:\/\/agora.xtec.cat\/escolapoblenou\/wp-content\/uploads\/usu1516\/2025\/09\/Captura-de-pantalla-2026-07-14-100520-300x57.png 300w, https:\/\/agora.xtec.cat\/escolapoblenou\/wp-content\/uploads\/usu1516\/2025\/09\/Captura-de-pantalla-2026-07-14-100520-768x147.png 768w\" sizes=\"auto, (max-width: 924px) 100vw, 924px\" \/><\/a><\/td>\n<\/tr>\n<tr style=\"border-style: solid; border-color: #000000;\">\n<td style=\"height: 197px; border-style: solid; width: 566px; border-color: #000000; vertical-align: middle;\" width=\"566\"><strong><u>Com a espor\u00e0dic<\/u><\/strong><strong>: \u00a0Preu\/dia 8,10 \u20ac.<em>\u00a0<\/em><\/strong><\/p>\n<ul>\n<li>Per comprar el tiquets diaris cal fer una transfer\u00e8ncia al n\u00famero de compte\u00a0 ES21 0081-1842-40-0001004906 i fer arribar el comprovant de pagament a\u00a0 l\u2019administrador\/a del menjador <strong>exclusivament a trav\u00e9s del correu electr\u00f2nic <u>menjador@escolapoblenou.net<\/u><\/strong><\/li>\n<\/ul>\n<\/td>\n<\/tr>\n<\/tbody>\n<\/table>\n<p>&nbsp;<\/p>\n<p>Qualsevol gesti\u00f3 referent al menjador escolar es tractar\u00e0 directament amb la coordinaci\u00f3 del menjador els <strong>dilluns, dimecres i divendres de 9 a 12 hores<\/strong> de manera presencial, o tots els dies a trav\u00e9s del correu del menjador (<strong>menjador@escolapoblenou.net<\/strong>)<\/p>\n<p>Si un infant ha de seguir una dieta especial durant tot el curs per motius de salut, o\u00a0 presenta una al\u00b7l\u00e8rgia a un aliment o grup d\u2019aliments, s\u2019ha de documentar aportant un <strong>certificat\u00a0 m\u00e8dic a direcci\u00f3 <\/strong>(si encara no s\u2019ha fet) i fer-ho constar en el full d\u2019inscripci\u00f3.<\/p>\n<p>En cas de dietes espor\u00e0diques cal comunicar-les abans de les 10 del mat\u00ed mitjan\u00e7ant el\u00a0 correu electr\u00f2nic del menjador. En cas de que l\u2019infant mostri mal de panxa, diarrea o\u00a0 v\u00f2mits es recomana no deixar-lo a dinar a l\u2019escola.<\/p>\n<p><strong>Els alumnes que tinguin rebuts pendents del curs passat no podran gaudir del\u00a0 servei de menjador<\/strong><\/p>\n<p>Cada dia hi haur\u00e0 activitats programades que s\u2019adequaran a\u00a0 les caracter\u00edstiques del grup, aix\u00ed com al projecte pedag\u00f2gic del centre i es duran a\u00a0 terme als diferents espais de l\u2019escola en funci\u00f3 de les caracter\u00edstiques. Es poden consultar les activitat programades per cicles a la p\u00e0gina web de l\u2019escola.<\/p>\n<p>Considerem que al menjador escolar els alumnes han d\u2019aprendre a menjar de tot, per\u00a0 aix\u00f2 no es canviar\u00e0 el men\u00fa a cap infant si no \u00e9s per prescripci\u00f3 m\u00e8dica.<\/p>\n<p>Tradicionalment l\u2019escola ofereix un \u201cMen\u00fa Mediterrani o basal\u201d tenint en compte les al\u00b7l\u00e8rgies\u00a0 alimentaries certificades per un professional de la medicina, tamb\u00e9 ofereix altres men\u00fas (ovolactovegetari\u00e0\/sense carn) que cal sol\u00b7licitar <strong>mitjan\u00e7ant correu electr\u00f2nic <\/strong>a\u00a0 la coordinaci\u00f3. En cas de no rebre la petici\u00f3 entendrem que les fam\u00edlies opten pel\u00a0 men\u00fa mediterrani (basal). Els usuaris espor\u00e0dics caldr\u00e0 que ho facin constar al correu\u00a0 electr\u00f2nic.<\/p>\n<p>Les normes generals que s\u2019aplicaran durant l\u2019horari de menjador seran les mateixes que\u00a0 es contemplen a les <a href=\"https:\/\/agora.xtec.cat\/escolapoblenou\/docs\/nofc\/\">Normes d\u2019Organitzaci\u00f3 i Funcionament de Centre<\/a> (NOFC), i les espec\u00edfiques d\u2019aquests\u00a0 servei que s\u00f3n les seg\u00fcents:<\/p>\n<ul>\n<li>Cap alumne\/a sortir\u00e0 del recinte escolar, durant l\u2019horari de menjador sense\u00a0 autoritzaci\u00f3.<\/li>\n<li>Es compliran totes les mesures higi\u00e8niques personals, adequades al Servei d\u2019acord\u00a0 amb els monitors.<\/li>\n<li>\u00c9s molt important observar h\u00e0bits correctes a taula, com utilitzar b\u00e9 els coberts, tovall\u00f3&#8230;<\/li>\n<li>Els alumnes de I3 caldr\u00e0 que portin el primer dia de la setmana una bosseta amb un llen\u00e7ol per fer la migdiada i 5 pitets. Cada dia el pitet utilitzat retornar\u00e0 a casa al\u00a0 final de la jornada lectiva , el llen\u00e7ol us ser\u00e0 retornat a final de setmana.<\/li>\n<li>Seguint la l\u00ednia de l\u2019escola, treballant la sostenibilitat, per tal\u00a0 d\u2019evitar l\u2019\u00fas innecessari de paper a l\u2019escola us informem que els men\u00fas mensuals es\u00a0 penjaran a la p\u00e0gina web del centre.<\/li>\n<li>Les fam\u00edlies rebreu \u00a0dos informes al llarg del curs. \u00a0Els alumnes de I3 tindran un informe diari.<\/li>\n<li>L\u2019incompliment de les esmentades normes aix\u00ed com incidir de manera continuada en\u00a0 faltes greus, podr\u00e0 suposar l\u2019expulsi\u00f3 temporal o, fins i tot, definitiva del menjador.<\/li>\n<li>L\u2019acceptaci\u00f3 d\u2019aquesta normativa es fa indispensable per poder fer \u00fas del servei de\u00a0 menjador.<\/li>\n<\/ul>\n<p><em>*<a href=\"https:\/\/agora.xtec.cat\/escolapoblenou\/docs\/projecte-de-menjador-escola-poblenou-2\/\">M\u00e9s informaci\u00f3 al Projecte de Menjador de l\u2019Escola Poblenou penjat a la p\u00e0gina web.<\/a><\/em><\/p>\n<p>&nbsp;<\/p>\n","protected":false},"excerpt":{"rendered":"<p>INFORMACI\u00d3 DEL SERVEI DE MENJADOR ESCOLAR. CURS 2026-2027 Els\/les alumnes tenen dues modalitats per poder quedar-se a dinar a l\u2019escola: Com a fix:\u00a0 Preu\/dia 7,40\u20ac. Per apuntar-se al servei de menjador fix: S\u2019ha d\u2019omplir un full d\u2019inscripci\u00f3 amb totes les dades de l\u2019alumne\/a\u00a0 Aquest full s\u2019ha de sol\u00b7licitar i lliurar a l\u2019administrador\/a del menjador\u00a0 de [&hellip;]<\/p>\n","protected":false},"author":42,"featured_media":0,"comment_status":"closed","ping_status":"closed","sticky":true,"template":"","format":"standard","meta":{"_bbp_topic_count":0,"_bbp_reply_count":0,"_bbp_total_topic_count":0,"_bbp_total_reply_count":0,"_bbp_voice_count":0,"_bbp_anonymous_reply_count":0,"_bbp_topic_count_hidden":0,"_bbp_reply_count_hidden":0,"_bbp_forum_subforum_count":0,"site-sidebar-layout":"default","site-content-layout":"","ast-site-content-layout":"default","site-content-style":"default","site-sidebar-style":"default","ast-global-header-display":"","ast-banner-title-visibility":"","ast-main-header-display":"","ast-hfb-above-header-display":"","ast-hfb-below-header-display":"","ast-hfb-mobile-header-display":"","site-post-title":"","ast-breadcrumbs-content":"","ast-featured-img":"","footer-sml-layout":"","theme-transparent-header-meta":"default","adv-header-id-meta":"","stick-header-meta":"","header-above-stick-meta":"","header-main-stick-meta":"","header-below-stick-meta":"","astra-migrate-meta-layouts":"set","ast-page-background-enabled":"default","ast-page-background-meta":{"desktop":{"background-color":"var(--ast-global-color-4)","background-image":"","background-repeat":"repeat","background-position":"center center","background-size":"auto","background-attachment":"scroll","background-type":"","background-media":"","overlay-type":"","overlay-color":"","overlay-opacity":"","overlay-gradient":""},"tablet":{"background-color":"","background-image":"","background-repeat":"repeat","background-position":"center center","background-size":"auto","background-attachment":"scroll","background-type":"","background-media":"","overlay-type":"","overlay-color":"","overlay-opacity":"","overlay-gradient":""},"mobile":{"background-color":"","background-image":"","background-repeat":"repeat","background-position":"center center","background-size":"auto","background-attachment":"scroll","background-type":"","background-media":"","overlay-type":"","overlay-color":"","overlay-opacity":"","overlay-gradient":""}},"ast-content-background-meta":{"desktop":{"background-color":"var(--ast-global-color-5)","background-image":"","background-repeat":"repeat","background-position":"center center","background-size":"auto","background-attachment":"scroll","background-type":"","background-media":"","overlay-type":"","overlay-color":"","overlay-opacity":"","overlay-gradient":""},"tablet":{"background-color":"var(--ast-global-color-5)","background-image":"","background-repeat":"repeat","background-position":"center center","background-size":"auto","background-attachment":"scroll","background-type":"","background-media":"","overlay-type":"","overlay-color":"","overlay-opacity":"","overlay-gradient":""},"mobile":{"background-color":"var(--ast-global-color-5)","background-image":"","background-repeat":"repeat","background-position":"center center","background-size":"auto","background-attachment":"scroll","background-type":"","background-media":"","overlay-type":"","overlay-color":"","overlay-opacity":"","overlay-gradient":""}},"footnotes":""},"categories":[1,94],"tags":[],"class_list":["post-11105","post","type-post","status-publish","format-standard","hentry","category-general","category-menjador"],"post_mailing_queue_ids":[],"_links":{"self":[{"href":"https:\/\/agora.xtec.cat\/escolapoblenou\/wp-json\/wp\/v2\/posts\/11105","targetHints":{"allow":["GET"]}}],"collection":[{"href":"https:\/\/agora.xtec.cat\/escolapoblenou\/wp-json\/wp\/v2\/posts"}],"about":[{"href":"https:\/\/agora.xtec.cat\/escolapoblenou\/wp-json\/wp\/v2\/types\/post"}],"author":[{"embeddable":true,"href":"https:\/\/agora.xtec.cat\/escolapoblenou\/wp-json\/wp\/v2\/users\/42"}],"replies":[{"embeddable":true,"href":"https:\/\/agora.xtec.cat\/escolapoblenou\/wp-json\/wp\/v2\/comments?post=11105"}],"version-history":[{"count":7,"href":"https:\/\/agora.xtec.cat\/escolapoblenou\/wp-json\/wp\/v2\/posts\/11105\/revisions"}],"predecessor-version":[{"id":13714,"href":"https:\/\/agora.xtec.cat\/escolapoblenou\/wp-json\/wp\/v2\/posts\/11105\/revisions\/13714"}],"wp:attachment":[{"href":"https:\/\/agora.xtec.cat\/escolapoblenou\/wp-json\/wp\/v2\/media?parent=11105"}],"wp:term":[{"taxonomy":"category","embeddable":true,"href":"https:\/\/agora.xtec.cat\/escolapoblenou\/wp-json\/wp\/v2\/categories?post=11105"},{"taxonomy":"post_tag","embeddable":true,"href":"https:\/\/agora.xtec.cat\/escolapoblenou\/wp-json\/wp\/v2\/tags?post=11105"}],"curies":[{"name":"wp","href":"https:\/\/api.w.org\/{rel}","templated":true}]}}