{"id":10997,"date":"2023-05-25T13:41:17","date_gmt":"2023-05-25T11:41:17","guid":{"rendered":"https:\/\/agora.xtec.cat\/escolapoblenou\/?p=10997"},"modified":"2023-05-26T16:09:58","modified_gmt":"2023-05-26T14:09:58","slug":"els-llimoners-anem-a-montjuic-amb-tmb","status":"publish","type":"post","link":"https:\/\/agora.xtec.cat\/escolapoblenou\/general\/els-llimoners-anem-a-montjuic-amb-tmb\/","title":{"rendered":"Els Llimoners anem a Montju\u00efc amb TMB"},"content":{"rendered":"<p>Els nens i nenes de 2n aquest dimecres 24 de maig vam anar amb transport p\u00fablic fins a la muntanya de Montju\u00efc!<\/p>\n<p>Primer, vam anar amb la L2 del metro des de Bac de Roda fins a Paral\u00b7lel, observant els recorregut pel t\u00fanel i els s\u00edmbols de les diferents estacions. Despr\u00e9s, vam pujar al funicular des de Paral\u00b7lel fins a la muntanya de Montju\u00efc. Un cop a dalt, vam entrar a la sala de m\u00e0quines per veure el funcionament d&#8217;aquest transport. Ens van explicar que el funicular i el telef\u00e8ric funcionen d&#8217;una manera molt similar, molt m\u00e9s que el metro.<\/p>\n<p>Despr\u00e9s d&#8217;esmorzar, per grups vam pujar al telef\u00e8ric veient de la vista panor\u00e0mica de Barcelona, va ser una experi\u00e8ncia genial! Al principi est\u00e0vem molt nerviosos\/es per\u00f2 de seguida vam veure que estava tot controlat i vam poder gaudir del trajecte.<\/p>\n<p>Just abans de dinar vam baixar per uns tobogans gegants i despr\u00e9s vam anar a fer el p\u00edcnic als jardins de Moss\u00e8n Cinto i Verdaguer on vam poder escoltar ocells, veure flors i nen\u00fafars a les basses i fer la croqueta a la gespa.<\/p>\n<p>Fent clic <a href=\"https:\/\/drive.google.com\/drive\/folders\/1-TNnM6GrGLLpJR_d2HU8KJUC0bnaDyTi?usp=sharing\">aqu\u00ed<\/a> podreu veure diverses fotos d&#8217;aquest dia tant divertit!<\/p>\n<p>&nbsp;<\/p>\n","protected":false},"excerpt":{"rendered":"<p>Els nens i nenes de 2n aquest dimecres 24 de maig vam anar amb transport p\u00fablic fins a la muntanya de Montju\u00efc! Primer, vam anar amb la L2 del metro des de Bac de Roda fins a Paral\u00b7lel, observant els recorregut pel t\u00fanel i els s\u00edmbols de les diferents estacions. Despr\u00e9s, vam pujar al funicular [&hellip;]<\/p>\n","protected":false},"author":1,"featured_media":11001,"comment_status":"open","ping_status":"closed","sticky":false,"template":"","format":"standard","meta":{"_bbp_topic_count":0,"_bbp_reply_count":0,"_bbp_total_topic_count":0,"_bbp_total_reply_count":0,"_bbp_voice_count":0,"_bbp_anonymous_reply_count":0,"_bbp_topic_count_hidden":0,"_bbp_reply_count_hidden":0,"_bbp_forum_subforum_count":0,"site-sidebar-layout":"default","site-content-layout":"","ast-site-content-layout":"","site-content-style":"default","site-sidebar-style":"default","ast-global-header-display":"","ast-banner-title-visibility":"","ast-main-header-display":"","ast-hfb-above-header-display":"","ast-hfb-below-header-display":"","ast-hfb-mobile-header-display":"","site-post-title":"","ast-breadcrumbs-content":"","ast-featured-img":"","footer-sml-layout":"","theme-transparent-header-meta":"","adv-header-id-meta":"","stick-header-meta":"","header-above-stick-meta":"","header-main-stick-meta":"","header-below-stick-meta":"","astra-migrate-meta-layouts":"default","ast-page-background-enabled":"default","ast-page-background-meta":{"desktop":{"background-color":"var(--ast-global-color-4)","background-image":"","background-repeat":"repeat","background-position":"center center","background-size":"auto","background-attachment":"scroll","background-type":"","background-media":"","overlay-type":"","overlay-color":"","overlay-opacity":"","overlay-gradient":""},"tablet":{"background-color":"","background-image":"","background-repeat":"repeat","background-position":"center center","background-size":"auto","background-attachment":"scroll","background-type":"","background-media":"","overlay-type":"","overlay-color":"","overlay-opacity":"","overlay-gradient":""},"mobile":{"background-color":"","background-image":"","background-repeat":"repeat","background-position":"center center","background-size":"auto","background-attachment":"scroll","background-type":"","background-media":"","overlay-type":"","overlay-color":"","overlay-opacity":"","overlay-gradient":""}},"ast-content-background-meta":{"desktop":{"background-color":"var(--ast-global-color-5)","background-image":"","background-repeat":"repeat","background-position":"center center","background-size":"auto","background-attachment":"scroll","background-type":"","background-media":"","overlay-type":"","overlay-color":"","overlay-opacity":"","overlay-gradient":""},"tablet":{"background-color":"var(--ast-global-color-5)","background-image":"","background-repeat":"repeat","background-position":"center center","background-size":"auto","background-attachment":"scroll","background-type":"","background-media":"","overlay-type":"","overlay-color":"","overlay-opacity":"","overlay-gradient":""},"mobile":{"background-color":"var(--ast-global-color-5)","background-image":"","background-repeat":"repeat","background-position":"center center","background-size":"auto","background-attachment":"scroll","background-type":"","background-media":"","overlay-type":"","overlay-color":"","overlay-opacity":"","overlay-gradient":""}},"footnotes":""},"categories":[11,1,96],"tags":[],"class_list":["post-10997","post","type-post","status-publish","format-standard","has-post-thumbnail","hentry","category-2n","category-general","category-sortides"],"post_mailing_queue_ids":[],"_links":{"self":[{"href":"https:\/\/agora.xtec.cat\/escolapoblenou\/wp-json\/wp\/v2\/posts\/10997","targetHints":{"allow":["GET"]}}],"collection":[{"href":"https:\/\/agora.xtec.cat\/escolapoblenou\/wp-json\/wp\/v2\/posts"}],"about":[{"href":"https:\/\/agora.xtec.cat\/escolapoblenou\/wp-json\/wp\/v2\/types\/post"}],"author":[{"embeddable":true,"href":"https:\/\/agora.xtec.cat\/escolapoblenou\/wp-json\/wp\/v2\/users\/1"}],"replies":[{"embeddable":true,"href":"https:\/\/agora.xtec.cat\/escolapoblenou\/wp-json\/wp\/v2\/comments?post=10997"}],"version-history":[{"count":3,"href":"https:\/\/agora.xtec.cat\/escolapoblenou\/wp-json\/wp\/v2\/posts\/10997\/revisions"}],"predecessor-version":[{"id":11024,"href":"https:\/\/agora.xtec.cat\/escolapoblenou\/wp-json\/wp\/v2\/posts\/10997\/revisions\/11024"}],"wp:featuredmedia":[{"embeddable":true,"href":"https:\/\/agora.xtec.cat\/escolapoblenou\/wp-json\/wp\/v2\/media\/11001"}],"wp:attachment":[{"href":"https:\/\/agora.xtec.cat\/escolapoblenou\/wp-json\/wp\/v2\/media?parent=10997"}],"wp:term":[{"taxonomy":"category","embeddable":true,"href":"https:\/\/agora.xtec.cat\/escolapoblenou\/wp-json\/wp\/v2\/categories?post=10997"},{"taxonomy":"post_tag","embeddable":true,"href":"https:\/\/agora.xtec.cat\/escolapoblenou\/wp-json\/wp\/v2\/tags?post=10997"}],"curies":[{"name":"wp","href":"https:\/\/api.w.org\/{rel}","templated":true}]}}