{"id":10023,"date":"2022-05-18T13:32:05","date_gmt":"2022-05-18T11:32:05","guid":{"rendered":"https:\/\/agora.xtec.cat\/escolapoblenou\/?p=10023"},"modified":"2022-05-18T13:34:17","modified_gmt":"2022-05-18T11:34:17","slug":"cicle-inicial-anem-a-montjuic-amb-tmb","status":"publish","type":"post","link":"https:\/\/agora.xtec.cat\/escolapoblenou\/general\/cicle-inicial-anem-a-montjuic-amb-tmb\/","title":{"rendered":"Cicle Inicial anem a Montju\u00efc amb TMB"},"content":{"rendered":"<p>Els nens i les nenes de 2n el passat dilluns 9 i dimecres 11 de maig vam viatjar en diferents mitjans de transport.<br \/>\nPrimer, vam anar amb la L2 del metro des de Bac de Roda fins a Paral\u00b7lel, observant els recorregut pel t\u00fanel i els s\u00edmbols de les diferents estacions. Despr\u00e9s, vam pujar al funicular des de Paral\u00b7lel fins a la muntanya de Montju\u00efc. Un cop a dalt, vam entrar a la sala de m\u00e0quines per veure el funcionament d&#8217;aquest transport.<br \/>\nDespr\u00e9s d&#8217;esmorzar, per grups vam pujar al telef\u00e8ric gaudint de la vista panor\u00e0mica de Barcelona, va ser una experi\u00e8ncia genial!<br \/>\nQuan va arribar l&#8217;hora de dinar vam seure als jardins de Moss\u00e8n Cinto i Verdaguer on vam poder observar insectes i nen\u00fafars a les diverses basses que hi ha al parc.<br \/>\nEntre tots i totes vam con\u00e8ixer les difer\u00e8ncies i semblances entre el metro, el funicular i el telef\u00e8ric.<\/p>\n<p>En el seg\u00fcent enlla\u00e7 podreu veure diverses fotos d&#8217;aquest dia tant divertit:<\/p>\n<p><a href=\"https:\/\/drive.google.com\/drive\/folders\/1a9tNbjdwcOmG-bMrazfv8icxA0a2N5HM?usp=sharing\">2n A &#8211; Trompetistes\ud83c\udfba<\/a><\/p>\n<p><a href=\"https:\/\/drive.google.com\/drive\/folders\/1gei1KQJUf4-HHJUcyXhOu58ye6WVsteO?usp=sharing\">2nB &#8211; Saxofonistes\ud83c\udfb7<\/a><\/p>\n","protected":false},"excerpt":{"rendered":"<p>Els nens i les nenes de 2n el passat dilluns 9 i dimecres 11 de maig vam viatjar en diferents mitjans de transport. Primer, vam anar amb la L2 del metro des de Bac de Roda fins a Paral\u00b7lel, observant els recorregut pel t\u00fanel i els s\u00edmbols de les diferents estacions. Despr\u00e9s, vam pujar al [&hellip;]<\/p>\n","protected":false},"author":1,"featured_media":10025,"comment_status":"open","ping_status":"closed","sticky":false,"template":"","format":"standard","meta":{"_bbp_topic_count":0,"_bbp_reply_count":0,"_bbp_total_topic_count":0,"_bbp_total_reply_count":0,"_bbp_voice_count":0,"_bbp_anonymous_reply_count":0,"_bbp_topic_count_hidden":0,"_bbp_reply_count_hidden":0,"_bbp_forum_subforum_count":0,"site-sidebar-layout":"default","site-content-layout":"","ast-site-content-layout":"","site-content-style":"default","site-sidebar-style":"default","ast-global-header-display":"","ast-banner-title-visibility":"","ast-main-header-display":"","ast-hfb-above-header-display":"","ast-hfb-below-header-display":"","ast-hfb-mobile-header-display":"","site-post-title":"","ast-breadcrumbs-content":"","ast-featured-img":"","footer-sml-layout":"","theme-transparent-header-meta":"","adv-header-id-meta":"","stick-header-meta":"","header-above-stick-meta":"","header-main-stick-meta":"","header-below-stick-meta":"","astra-migrate-meta-layouts":"default","ast-page-background-enabled":"default","ast-page-background-meta":{"desktop":{"background-color":"var(--ast-global-color-4)","background-image":"","background-repeat":"repeat","background-position":"center center","background-size":"auto","background-attachment":"scroll","background-type":"","background-media":"","overlay-type":"","overlay-color":"","overlay-opacity":"","overlay-gradient":""},"tablet":{"background-color":"","background-image":"","background-repeat":"repeat","background-position":"center center","background-size":"auto","background-attachment":"scroll","background-type":"","background-media":"","overlay-type":"","overlay-color":"","overlay-opacity":"","overlay-gradient":""},"mobile":{"background-color":"","background-image":"","background-repeat":"repeat","background-position":"center center","background-size":"auto","background-attachment":"scroll","background-type":"","background-media":"","overlay-type":"","overlay-color":"","overlay-opacity":"","overlay-gradient":""}},"ast-content-background-meta":{"desktop":{"background-color":"var(--ast-global-color-5)","background-image":"","background-repeat":"repeat","background-position":"center center","background-size":"auto","background-attachment":"scroll","background-type":"","background-media":"","overlay-type":"","overlay-color":"","overlay-opacity":"","overlay-gradient":""},"tablet":{"background-color":"var(--ast-global-color-5)","background-image":"","background-repeat":"repeat","background-position":"center center","background-size":"auto","background-attachment":"scroll","background-type":"","background-media":"","overlay-type":"","overlay-color":"","overlay-opacity":"","overlay-gradient":""},"mobile":{"background-color":"var(--ast-global-color-5)","background-image":"","background-repeat":"repeat","background-position":"center center","background-size":"auto","background-attachment":"scroll","background-type":"","background-media":"","overlay-type":"","overlay-color":"","overlay-opacity":"","overlay-gradient":""}},"footnotes":""},"categories":[11,5,1,96],"tags":[],"class_list":["post-10023","post","type-post","status-publish","format-standard","has-post-thumbnail","hentry","category-2n","category-primaria","category-general","category-sortides"],"post_mailing_queue_ids":[],"_links":{"self":[{"href":"https:\/\/agora.xtec.cat\/escolapoblenou\/wp-json\/wp\/v2\/posts\/10023","targetHints":{"allow":["GET"]}}],"collection":[{"href":"https:\/\/agora.xtec.cat\/escolapoblenou\/wp-json\/wp\/v2\/posts"}],"about":[{"href":"https:\/\/agora.xtec.cat\/escolapoblenou\/wp-json\/wp\/v2\/types\/post"}],"author":[{"embeddable":true,"href":"https:\/\/agora.xtec.cat\/escolapoblenou\/wp-json\/wp\/v2\/users\/1"}],"replies":[{"embeddable":true,"href":"https:\/\/agora.xtec.cat\/escolapoblenou\/wp-json\/wp\/v2\/comments?post=10023"}],"version-history":[{"count":2,"href":"https:\/\/agora.xtec.cat\/escolapoblenou\/wp-json\/wp\/v2\/posts\/10023\/revisions"}],"predecessor-version":[{"id":10026,"href":"https:\/\/agora.xtec.cat\/escolapoblenou\/wp-json\/wp\/v2\/posts\/10023\/revisions\/10026"}],"wp:featuredmedia":[{"embeddable":true,"href":"https:\/\/agora.xtec.cat\/escolapoblenou\/wp-json\/wp\/v2\/media\/10025"}],"wp:attachment":[{"href":"https:\/\/agora.xtec.cat\/escolapoblenou\/wp-json\/wp\/v2\/media?parent=10023"}],"wp:term":[{"taxonomy":"category","embeddable":true,"href":"https:\/\/agora.xtec.cat\/escolapoblenou\/wp-json\/wp\/v2\/categories?post=10023"},{"taxonomy":"post_tag","embeddable":true,"href":"https:\/\/agora.xtec.cat\/escolapoblenou\/wp-json\/wp\/v2\/tags?post=10023"}],"curies":[{"name":"wp","href":"https:\/\/api.w.org\/{rel}","templated":true}]}}