{"id":1449,"date":"2018-04-24T18:40:11","date_gmt":"2018-04-24T16:40:11","guid":{"rendered":"http:\/\/agora.xtec.cat\/escolapladelpuig\/?p=1449"},"modified":"2018-04-29T18:41:30","modified_gmt":"2018-04-29T16:41:30","slug":"recital-de-poemes-i-cancons-educacio-infantil","status":"publish","type":"post","link":"https:\/\/agora.xtec.cat\/escolapladelpuig\/infantil\/recital-de-poemes-i-cancons-educacio-infantil\/","title":{"rendered":"Recital de poemes i can\u00e7ons. Educaci\u00f3 Infantil."},"content":{"rendered":"<p><a href=\"https:\/\/photos.app.goo.gl\/XAfcSaOebMIC9LzQ2\"><img loading=\"lazy\" decoding=\"async\" class=\"alignnone size-full wp-image-1450\" src=\"http:\/\/agora.xtec.cat\/escolapladelpuig\/wp-content\/uploads\/usu1272\/2018\/04\/nexei.jpg\" alt=\"\" width=\"800\" height=\"600\" srcset=\"https:\/\/agora.xtec.cat\/escolapladelpuig\/wp-content\/uploads\/usu1272\/2018\/04\/nexei.jpg 800w, https:\/\/agora.xtec.cat\/escolapladelpuig\/wp-content\/uploads\/usu1272\/2018\/04\/nexei-300x225.jpg 300w, https:\/\/agora.xtec.cat\/escolapladelpuig\/wp-content\/uploads\/usu1272\/2018\/04\/nexei-768x576.jpg 768w, https:\/\/agora.xtec.cat\/escolapladelpuig\/wp-content\/uploads\/usu1272\/2018\/04\/nexei-200x150.jpg 200w\" sizes=\"auto, (max-width: 800px) 100vw, 800px\" \/>Aquest dimarts 24 d&#8217;abril els nens i nenes d&#8217;educaci\u00f3 infantil han recitat poemes i cantat can\u00e7ons de Sant Jordi i la primavera al Nexe. Tamb\u00e9 hem vist el &#8220;lipdub&#8221; del des\u00e8 aniversari de l&#8217;escola. <\/a><\/p>\n<p><a href=\"https:\/\/photos.app.goo.gl\/XAfcSaOebMIC9LzQ2\">Ha estat tot fant\u00e0stic! <\/a><\/p>\n","protected":false},"excerpt":{"rendered":"<p>Aquest dimarts 24 d&#8217;abril els nens i nenes d&#8217;educaci\u00f3 infantil han recitat poemes i cantat can\u00e7ons de Sant Jordi i la primavera al Nexe. Tamb\u00e9 hem vist el &#8220;lipdub&#8221; del des\u00e8 aniversari de l&#8217;escola. Ha estat tot fant\u00e0stic!<\/p>\n","protected":false},"author":1,"featured_media":1450,"comment_status":"open","ping_status":"closed","sticky":false,"template":"","format":"standard","meta":{"_bbp_topic_count":0,"_bbp_reply_count":0,"_bbp_total_topic_count":0,"_bbp_total_reply_count":0,"_bbp_voice_count":0,"_bbp_anonymous_reply_count":0,"_bbp_topic_count_hidden":0,"_bbp_reply_count_hidden":0,"_bbp_forum_subforum_count":0,"site-sidebar-layout":"default","site-content-layout":"","ast-site-content-layout":"","site-content-style":"default","site-sidebar-style":"default","ast-global-header-display":"","ast-banner-title-visibility":"","ast-main-header-display":"","ast-hfb-above-header-display":"","ast-hfb-below-header-display":"","ast-hfb-mobile-header-display":"","site-post-title":"","ast-breadcrumbs-content":"","ast-featured-img":"","footer-sml-layout":"","theme-transparent-header-meta":"","adv-header-id-meta":"","stick-header-meta":"","header-above-stick-meta":"","header-main-stick-meta":"","header-below-stick-meta":"","astra-migrate-meta-layouts":"default","ast-page-background-enabled":"default","ast-page-background-meta":{"desktop":{"background-color":"var(--ast-global-color-4)","background-image":"","background-repeat":"repeat","background-position":"center center","background-size":"auto","background-attachment":"scroll","background-type":"","background-media":"","overlay-type":"","overlay-color":"","overlay-opacity":"","overlay-gradient":""},"tablet":{"background-color":"","background-image":"","background-repeat":"repeat","background-position":"center center","background-size":"auto","background-attachment":"scroll","background-type":"","background-media":"","overlay-type":"","overlay-color":"","overlay-opacity":"","overlay-gradient":""},"mobile":{"background-color":"","background-image":"","background-repeat":"repeat","background-position":"center center","background-size":"auto","background-attachment":"scroll","background-type":"","background-media":"","overlay-type":"","overlay-color":"","overlay-opacity":"","overlay-gradient":""}},"ast-content-background-meta":{"desktop":{"background-color":"var(--ast-global-color-5)","background-image":"","background-repeat":"repeat","background-position":"center center","background-size":"auto","background-attachment":"scroll","background-type":"","background-media":"","overlay-type":"","overlay-color":"","overlay-opacity":"","overlay-gradient":""},"tablet":{"background-color":"var(--ast-global-color-5)","background-image":"","background-repeat":"repeat","background-position":"center center","background-size":"auto","background-attachment":"scroll","background-type":"","background-media":"","overlay-type":"","overlay-color":"","overlay-opacity":"","overlay-gradient":""},"mobile":{"background-color":"var(--ast-global-color-5)","background-image":"","background-repeat":"repeat","background-position":"center center","background-size":"auto","background-attachment":"scroll","background-type":"","background-media":"","overlay-type":"","overlay-color":"","overlay-opacity":"","overlay-gradient":""}},"footnotes":""},"categories":[3,2,9,8],"tags":[153,59,70,66,68,152,149],"class_list":["post-1449","post","type-post","status-publish","format-standard","has-post-thumbnail","hentry","category-promocio17-18","category-infantil","category-promocio14-15","category-promocio16-17","tag-cancons","tag-infantil","tag-p3","tag-p4","tag-p5","tag-poemes","tag-sant-jordi"],"post_mailing_queue_ids":[],"_links":{"self":[{"href":"https:\/\/agora.xtec.cat\/escolapladelpuig\/wp-json\/wp\/v2\/posts\/1449","targetHints":{"allow":["GET"]}}],"collection":[{"href":"https:\/\/agora.xtec.cat\/escolapladelpuig\/wp-json\/wp\/v2\/posts"}],"about":[{"href":"https:\/\/agora.xtec.cat\/escolapladelpuig\/wp-json\/wp\/v2\/types\/post"}],"author":[{"embeddable":true,"href":"https:\/\/agora.xtec.cat\/escolapladelpuig\/wp-json\/wp\/v2\/users\/1"}],"replies":[{"embeddable":true,"href":"https:\/\/agora.xtec.cat\/escolapladelpuig\/wp-json\/wp\/v2\/comments?post=1449"}],"version-history":[{"count":3,"href":"https:\/\/agora.xtec.cat\/escolapladelpuig\/wp-json\/wp\/v2\/posts\/1449\/revisions"}],"predecessor-version":[{"id":1454,"href":"https:\/\/agora.xtec.cat\/escolapladelpuig\/wp-json\/wp\/v2\/posts\/1449\/revisions\/1454"}],"wp:featuredmedia":[{"embeddable":true,"href":"https:\/\/agora.xtec.cat\/escolapladelpuig\/wp-json\/wp\/v2\/media\/1450"}],"wp:attachment":[{"href":"https:\/\/agora.xtec.cat\/escolapladelpuig\/wp-json\/wp\/v2\/media?parent=1449"}],"wp:term":[{"taxonomy":"category","embeddable":true,"href":"https:\/\/agora.xtec.cat\/escolapladelpuig\/wp-json\/wp\/v2\/categories?post=1449"},{"taxonomy":"post_tag","embeddable":true,"href":"https:\/\/agora.xtec.cat\/escolapladelpuig\/wp-json\/wp\/v2\/tags?post=1449"}],"curies":[{"name":"wp","href":"https:\/\/api.w.org\/{rel}","templated":true}]}}