{"id":3727,"date":"2019-06-08T22:34:35","date_gmt":"2019-06-08T20:34:35","guid":{"rendered":"http:\/\/agora.xtec.cat\/escolapladelametller\/?p=3727"},"modified":"2019-06-17T12:35:46","modified_gmt":"2019-06-17T10:35:46","slug":"iv-festival-fi-de-curs-el-circ","status":"publish","type":"post","link":"https:\/\/agora.xtec.cat\/escolapladelametller\/general\/iv-festival-fi-de-curs-el-circ\/","title":{"rendered":"IV FESTIVAL FI DE CURS: EL CIRC!"},"content":{"rendered":"<p>Benvolgudes fam\u00edlies,<br \/>\nEns fa molta il\u00b7lusi\u00f3 convidar-vos al IV Festival de Fi de curs d&#8217;Educaci\u00f3 F\u00edsica i Psicomotricitat. Ser\u00e0 el proper <strong>divendres 14 de juny a les 18h de la tarda<\/strong>. Hem treballat i suat de valent.<br \/>\n<strong>NO US HO PODEU PERDRE!!!!!<\/strong><br \/>\nUs esperem a tots i totes, grans i petits de la fam\u00edlia.<br \/>\n<a href=\"https:\/\/agora.xtec.cat\/escolapladelametller\/wp-content\/uploads\/usu1463\/2019\/06\/IV-FESTIVAL-FI-DE-CURS-EL-CIRC.jpg\"><img loading=\"lazy\" decoding=\"async\" src=\"https:\/\/agora.xtec.cat\/escolapladelametller\/wp-content\/uploads\/usu1463\/2019\/06\/IV-FESTIVAL-FI-DE-CURS-EL-CIRC.jpg\" alt=\"\" width=\"533\" height=\"754\" class=\"alignnone size-full wp-image-3730\" srcset=\"https:\/\/agora.xtec.cat\/escolapladelametller\/wp-content\/uploads\/usu1463\/2019\/06\/IV-FESTIVAL-FI-DE-CURS-EL-CIRC.jpg 533w, https:\/\/agora.xtec.cat\/escolapladelametller\/wp-content\/uploads\/usu1463\/2019\/06\/IV-FESTIVAL-FI-DE-CURS-EL-CIRC-212x300.jpg 212w\" sizes=\"auto, (max-width: 533px) 100vw, 533px\" \/><\/a><\/p>\n","protected":false},"excerpt":{"rendered":"<p>Benvolgudes fam\u00edlies, Ens fa molta il\u00b7lusi\u00f3 convidar-vos al IV Festival de Fi de curs d&#8217;Educaci\u00f3 F\u00edsica i Psicomotricitat. Ser\u00e0 el proper divendres 14 de juny a les 18h de la tarda. Hem treballat i suat de valent. NO US HO PODEU PERDRE!!!!! Us esperem a tots i totes, grans i petits de la fam\u00edlia.<\/p>\n","protected":false},"author":1,"featured_media":3736,"comment_status":"open","ping_status":"closed","sticky":false,"template":"","format":"standard","meta":{"_bbp_topic_count":0,"_bbp_reply_count":0,"_bbp_total_topic_count":0,"_bbp_total_reply_count":0,"_bbp_voice_count":0,"_bbp_anonymous_reply_count":0,"_bbp_topic_count_hidden":0,"_bbp_reply_count_hidden":0,"_bbp_forum_subforum_count":0,"site-sidebar-layout":"default","site-content-layout":"","ast-site-content-layout":"","site-content-style":"default","site-sidebar-style":"default","ast-global-header-display":"","ast-banner-title-visibility":"","ast-main-header-display":"","ast-hfb-above-header-display":"","ast-hfb-below-header-display":"","ast-hfb-mobile-header-display":"","site-post-title":"","ast-breadcrumbs-content":"","ast-featured-img":"","footer-sml-layout":"","theme-transparent-header-meta":"","adv-header-id-meta":"","stick-header-meta":"","header-above-stick-meta":"","header-main-stick-meta":"","header-below-stick-meta":"","astra-migrate-meta-layouts":"default","ast-page-background-enabled":"default","ast-page-background-meta":{"desktop":{"background-color":"var(--ast-global-color-4)","background-image":"","background-repeat":"repeat","background-position":"center center","background-size":"auto","background-attachment":"scroll","background-type":"","background-media":"","overlay-type":"","overlay-color":"","overlay-opacity":"","overlay-gradient":""},"tablet":{"background-color":"","background-image":"","background-repeat":"repeat","background-position":"center center","background-size":"auto","background-attachment":"scroll","background-type":"","background-media":"","overlay-type":"","overlay-color":"","overlay-opacity":"","overlay-gradient":""},"mobile":{"background-color":"","background-image":"","background-repeat":"repeat","background-position":"center center","background-size":"auto","background-attachment":"scroll","background-type":"","background-media":"","overlay-type":"","overlay-color":"","overlay-opacity":"","overlay-gradient":""}},"ast-content-background-meta":{"desktop":{"background-color":"var(--ast-global-color-5)","background-image":"","background-repeat":"repeat","background-position":"center center","background-size":"auto","background-attachment":"scroll","background-type":"","background-media":"","overlay-type":"","overlay-color":"","overlay-opacity":"","overlay-gradient":""},"tablet":{"background-color":"var(--ast-global-color-5)","background-image":"","background-repeat":"repeat","background-position":"center center","background-size":"auto","background-attachment":"scroll","background-type":"","background-media":"","overlay-type":"","overlay-color":"","overlay-opacity":"","overlay-gradient":""},"mobile":{"background-color":"var(--ast-global-color-5)","background-image":"","background-repeat":"repeat","background-position":"center center","background-size":"auto","background-attachment":"scroll","background-type":"","background-media":"","overlay-type":"","overlay-color":"","overlay-opacity":"","overlay-gradient":""}},"footnotes":""},"categories":[55,178,1,2,4,5],"tags":[315,436],"class_list":["post-3727","post","type-post","status-publish","format-standard","has-post-thumbnail","hentry","category-educacio-fisica","category-festes-de-lescola","category-general","category-infantil","category-portada","category-primaria","tag-festival-fi-de-curs","tag-iv-festival"],"post_mailing_queue_ids":[],"_links":{"self":[{"href":"https:\/\/agora.xtec.cat\/escolapladelametller\/wp-json\/wp\/v2\/posts\/3727","targetHints":{"allow":["GET"]}}],"collection":[{"href":"https:\/\/agora.xtec.cat\/escolapladelametller\/wp-json\/wp\/v2\/posts"}],"about":[{"href":"https:\/\/agora.xtec.cat\/escolapladelametller\/wp-json\/wp\/v2\/types\/post"}],"author":[{"embeddable":true,"href":"https:\/\/agora.xtec.cat\/escolapladelametller\/wp-json\/wp\/v2\/users\/1"}],"replies":[{"embeddable":true,"href":"https:\/\/agora.xtec.cat\/escolapladelametller\/wp-json\/wp\/v2\/comments?post=3727"}],"version-history":[{"count":3,"href":"https:\/\/agora.xtec.cat\/escolapladelametller\/wp-json\/wp\/v2\/posts\/3727\/revisions"}],"predecessor-version":[{"id":3735,"href":"https:\/\/agora.xtec.cat\/escolapladelametller\/wp-json\/wp\/v2\/posts\/3727\/revisions\/3735"}],"wp:featuredmedia":[{"embeddable":true,"href":"https:\/\/agora.xtec.cat\/escolapladelametller\/wp-json\/wp\/v2\/media\/3736"}],"wp:attachment":[{"href":"https:\/\/agora.xtec.cat\/escolapladelametller\/wp-json\/wp\/v2\/media?parent=3727"}],"wp:term":[{"taxonomy":"category","embeddable":true,"href":"https:\/\/agora.xtec.cat\/escolapladelametller\/wp-json\/wp\/v2\/categories?post=3727"},{"taxonomy":"post_tag","embeddable":true,"href":"https:\/\/agora.xtec.cat\/escolapladelametller\/wp-json\/wp\/v2\/tags?post=3727"}],"curies":[{"name":"wp","href":"https:\/\/api.w.org\/{rel}","templated":true}]}}