{"id":10816,"date":"2026-09-01T20:00:19","date_gmt":"2026-09-01T18:00:19","guid":{"rendered":"https:\/\/agora.xtec.cat\/escolapf\/?p=10816"},"modified":"2026-09-01T20:03:46","modified_gmt":"2026-09-01T18:03:46","slug":"primer-dia-de-curs-per-a-lequip-docent","status":"publish","type":"post","link":"https:\/\/agora.xtec.cat\/escolapf\/portada\/primer-dia-de-curs-per-a-lequip-docent\/","title":{"rendered":"Primer dia de curs per a l&#8217;equip docent"},"content":{"rendered":"\n<p>EXPEDICI\u00d3 2627: comen\u00e7a l&#8217;aventura pel territori!!!<\/p>\n\n\n\n<p><br>Aquest curs 2026-2027 hem donat la benvinguda al nou any amb una activitat molt especial: \u201cExpedici\u00f3 num.2627\u201d. L&#8217;Equip Directiu va rebre als docents convertits en exploradors\/es per conduir la primera din\u00e0mica de curs.<br>L\u2019equip de l\u2019escola es va transformar en una comunitat de guardians i guardianes del territori i va iniciar una expedici\u00f3 per reconnectar amb quatre elements essencials de la nostra tasca educativa: observar, escoltar, cuidar i caminar junts. <br><br>A trav\u00e9s de diferents reptes, els grups docents van descobrir espais del nostre entorn a trav\u00e9s d&#8217;imatges i targetes de noms amagats amb llum blava, van identificar sons de diferents indrets del nostre entorn, van crear hist\u00f2ries socials d&#8217;accions que fan malb\u00e9 la natura i van buscar rutes per compartir amb els infants a trav\u00e9s de la plataforma Wikiloc. Cada prova els va permetre aconseguir una pe\u00e7a per completar el seu recorregut i el repte final conjunt: els punts cardinals de la br\u00faixola que guiar\u00e0 el nostre cam\u00ed, el tros de mapa del nostre territori, la llavor que caldr\u00e0 cuidar per fer cr\u00e9ixer i la pedra perduda de la mandala dels moments de calma i reflexi\u00f3. <\/p>\n\n\n\n<p>Perqu\u00e8&#8230;<\/p>\n\n\n\n<p>OBSERVANT: Nom\u00e9s cuida qui apr\u00e8n a mirar. Sota la reflexi\u00f3 de qu\u00e8 volem ajudar a descobrir als infants per fer-los cr\u00e9ixer?<\/p>\n\n\n\n<p>ESCOLTANT: Els territoris tamb\u00e9 tenen veu. Sota la reflexi\u00f3 de qu\u00e8 ens hauria d&#8217;escoltar dir el nostre alumnat per motivar-lo?<\/p>\n\n\n\n<p>CUIDANT: Tot all\u00f2 que cuidem, creix. Sota la reflexi\u00f3 de quins petits gestos poden transformar la mirada d&#8217;un infant?<\/p>\n\n\n\n<p>CAMINANT JUNTS: Cap expedici\u00f3 es recorda pel cam\u00ed fet en solitari. Sot la reflexi\u00f3 de quina petjada volem deixar en el cam\u00ed d&#8217;aprenentatge del nostre alumnat?<br><br>Una manera diferent i engrescadora de comen\u00e7ar el curs, fent equip, compartint reflexions i preparant-nos per al cam\u00ed que tenim al davant.<\/p>\n\n\n\n<p><br>\ud83e\udded Benvinguts i benvingudes a l\u2019expedici\u00f3 2026-2027!<\/p>\n\n\n\n<div class=\"wp-block-getwid-images-slider has-arrows-inside has-dots-inside has-images-center has-fitted-images\"><div class=\"wp-block-getwid-images-slider__wrapper\" data-effect=\"slide\" data-slides-show=\"1\" data-slides-show-laptop=\"1\" data-slides-show-tablet=\"1\" data-slides-show-mobile=\"1\" data-slides-scroll=\"1\" data-autoplay=\"false\" data-pause-hover=\"false\" data-autoplay-speed=\"6000\" data-infinite=\"true\" data-animation-speed=\"800\" data-center-mode=\"false\" data-variable-width=\"false\" data-arrows=\"inside\" data-dots=\"inside\" data-spacing=\"none\"><div class=\"wp-block-getwid-images-slider__item\"><figure><img loading=\"lazy\" decoding=\"async\" width=\"1148\" height=\"2040\" src=\"https:\/\/agora.xtec.cat\/escolapf\/wp-content\/uploads\/usu820\/2026\/09\/WhatsApp-Image-2026-09-01-at-18.27.57-1.jpeg\" alt=\"\" data-id=\"10824\" data-link=\"https:\/\/agora.xtec.cat\/escolapf\/portada\/primer-dia-de-curs-per-a-lequip-docent\/attachment\/whatsapp-image-2026-09-01-at-18-27-57-1\/\" data-original-link=\"https:\/\/agora.xtec.cat\/escolapf\/wp-content\/uploads\/usu820\/2026\/09\/WhatsApp-Image-2026-09-01-at-18.27.57-1.jpeg\" class=\"wp-block-getwid-images-slider__image wp-image-10824\" srcset=\"https:\/\/agora.xtec.cat\/escolapf\/wp-content\/uploads\/usu820\/2026\/09\/WhatsApp-Image-2026-09-01-at-18.27.57-1.jpeg 1148w, https:\/\/agora.xtec.cat\/escolapf\/wp-content\/uploads\/usu820\/2026\/09\/WhatsApp-Image-2026-09-01-at-18.27.57-1-169x300.jpeg 169w, https:\/\/agora.xtec.cat\/escolapf\/wp-content\/uploads\/usu820\/2026\/09\/WhatsApp-Image-2026-09-01-at-18.27.57-1-576x1024.jpeg 576w, https:\/\/agora.xtec.cat\/escolapf\/wp-content\/uploads\/usu820\/2026\/09\/WhatsApp-Image-2026-09-01-at-18.27.57-1-768x1365.jpeg 768w, https:\/\/agora.xtec.cat\/escolapf\/wp-content\/uploads\/usu820\/2026\/09\/WhatsApp-Image-2026-09-01-at-18.27.57-1-864x1536.jpeg 864w\" sizes=\"auto, (max-width: 1148px) 100vw, 1148px\" \/><\/figure><\/div><div class=\"wp-block-getwid-images-slider__item\"><figure><img loading=\"lazy\" decoding=\"async\" width=\"2040\" height=\"1148\" src=\"https:\/\/agora.xtec.cat\/escolapf\/wp-content\/uploads\/usu820\/2026\/09\/WhatsApp-Image-2026-09-01-at-18.27.56-4.jpeg\" alt=\"\" data-id=\"10825\" data-link=\"https:\/\/agora.xtec.cat\/escolapf\/portada\/primer-dia-de-curs-per-a-lequip-docent\/attachment\/whatsapp-image-2026-09-01-at-18-27-56-4\/\" data-original-link=\"https:\/\/agora.xtec.cat\/escolapf\/wp-content\/uploads\/usu820\/2026\/09\/WhatsApp-Image-2026-09-01-at-18.27.56-4.jpeg\" class=\"wp-block-getwid-images-slider__image wp-image-10825\" srcset=\"https:\/\/agora.xtec.cat\/escolapf\/wp-content\/uploads\/usu820\/2026\/09\/WhatsApp-Image-2026-09-01-at-18.27.56-4.jpeg 2040w, https:\/\/agora.xtec.cat\/escolapf\/wp-content\/uploads\/usu820\/2026\/09\/WhatsApp-Image-2026-09-01-at-18.27.56-4-300x169.jpeg 300w, https:\/\/agora.xtec.cat\/escolapf\/wp-content\/uploads\/usu820\/2026\/09\/WhatsApp-Image-2026-09-01-at-18.27.56-4-1024x576.jpeg 1024w, https:\/\/agora.xtec.cat\/escolapf\/wp-content\/uploads\/usu820\/2026\/09\/WhatsApp-Image-2026-09-01-at-18.27.56-4-768x432.jpeg 768w, https:\/\/agora.xtec.cat\/escolapf\/wp-content\/uploads\/usu820\/2026\/09\/WhatsApp-Image-2026-09-01-at-18.27.56-4-1536x864.jpeg 1536w\" sizes=\"auto, (max-width: 2040px) 100vw, 2040px\" \/><\/figure><\/div><div class=\"wp-block-getwid-images-slider__item\"><figure><img loading=\"lazy\" decoding=\"async\" width=\"2048\" height=\"1447\" src=\"https:\/\/agora.xtec.cat\/escolapf\/wp-content\/uploads\/usu820\/2026\/09\/WhatsApp-Image-2026-09-01-at-18.27.56-1.jpeg\" alt=\"\" data-id=\"10826\" data-link=\"https:\/\/agora.xtec.cat\/escolapf\/portada\/primer-dia-de-curs-per-a-lequip-docent\/attachment\/whatsapp-image-2026-09-01-at-18-27-56-1\/\" data-original-link=\"https:\/\/agora.xtec.cat\/escolapf\/wp-content\/uploads\/usu820\/2026\/09\/WhatsApp-Image-2026-09-01-at-18.27.56-1.jpeg\" class=\"wp-block-getwid-images-slider__image wp-image-10826\" srcset=\"https:\/\/agora.xtec.cat\/escolapf\/wp-content\/uploads\/usu820\/2026\/09\/WhatsApp-Image-2026-09-01-at-18.27.56-1.jpeg 2048w, https:\/\/agora.xtec.cat\/escolapf\/wp-content\/uploads\/usu820\/2026\/09\/WhatsApp-Image-2026-09-01-at-18.27.56-1-300x212.jpeg 300w, https:\/\/agora.xtec.cat\/escolapf\/wp-content\/uploads\/usu820\/2026\/09\/WhatsApp-Image-2026-09-01-at-18.27.56-1-1024x724.jpeg 1024w, https:\/\/agora.xtec.cat\/escolapf\/wp-content\/uploads\/usu820\/2026\/09\/WhatsApp-Image-2026-09-01-at-18.27.56-1-768x543.jpeg 768w, https:\/\/agora.xtec.cat\/escolapf\/wp-content\/uploads\/usu820\/2026\/09\/WhatsApp-Image-2026-09-01-at-18.27.56-1-1536x1085.jpeg 1536w\" sizes=\"auto, (max-width: 2048px) 100vw, 2048px\" \/><\/figure><\/div><div class=\"wp-block-getwid-images-slider__item\"><figure><img loading=\"lazy\" decoding=\"async\" width=\"1148\" height=\"2040\" src=\"https:\/\/agora.xtec.cat\/escolapf\/wp-content\/uploads\/usu820\/2026\/09\/WhatsApp-Image-2026-09-01-at-18.27.57-4.jpeg\" alt=\"\" data-id=\"10827\" data-link=\"https:\/\/agora.xtec.cat\/escolapf\/portada\/primer-dia-de-curs-per-a-lequip-docent\/attachment\/whatsapp-image-2026-09-01-at-18-27-57-4\/\" data-original-link=\"https:\/\/agora.xtec.cat\/escolapf\/wp-content\/uploads\/usu820\/2026\/09\/WhatsApp-Image-2026-09-01-at-18.27.57-4.jpeg\" class=\"wp-block-getwid-images-slider__image wp-image-10827\" srcset=\"https:\/\/agora.xtec.cat\/escolapf\/wp-content\/uploads\/usu820\/2026\/09\/WhatsApp-Image-2026-09-01-at-18.27.57-4.jpeg 1148w, https:\/\/agora.xtec.cat\/escolapf\/wp-content\/uploads\/usu820\/2026\/09\/WhatsApp-Image-2026-09-01-at-18.27.57-4-169x300.jpeg 169w, https:\/\/agora.xtec.cat\/escolapf\/wp-content\/uploads\/usu820\/2026\/09\/WhatsApp-Image-2026-09-01-at-18.27.57-4-576x1024.jpeg 576w, https:\/\/agora.xtec.cat\/escolapf\/wp-content\/uploads\/usu820\/2026\/09\/WhatsApp-Image-2026-09-01-at-18.27.57-4-768x1365.jpeg 768w, https:\/\/agora.xtec.cat\/escolapf\/wp-content\/uploads\/usu820\/2026\/09\/WhatsApp-Image-2026-09-01-at-18.27.57-4-864x1536.jpeg 864w\" sizes=\"auto, (max-width: 1148px) 100vw, 1148px\" \/><\/figure><\/div><div class=\"wp-block-getwid-images-slider__item\"><figure><img loading=\"lazy\" decoding=\"async\" width=\"2038\" height=\"1148\" src=\"https:\/\/agora.xtec.cat\/escolapf\/wp-content\/uploads\/usu820\/2026\/09\/WhatsApp-Image-2026-09-01-at-18.27.57-6.jpeg\" alt=\"\" data-id=\"10828\" data-link=\"https:\/\/agora.xtec.cat\/escolapf\/portada\/primer-dia-de-curs-per-a-lequip-docent\/attachment\/whatsapp-image-2026-09-01-at-18-27-57-6\/\" data-original-link=\"https:\/\/agora.xtec.cat\/escolapf\/wp-content\/uploads\/usu820\/2026\/09\/WhatsApp-Image-2026-09-01-at-18.27.57-6.jpeg\" class=\"wp-block-getwid-images-slider__image wp-image-10828\" srcset=\"https:\/\/agora.xtec.cat\/escolapf\/wp-content\/uploads\/usu820\/2026\/09\/WhatsApp-Image-2026-09-01-at-18.27.57-6.jpeg 2038w, https:\/\/agora.xtec.cat\/escolapf\/wp-content\/uploads\/usu820\/2026\/09\/WhatsApp-Image-2026-09-01-at-18.27.57-6-300x169.jpeg 300w, https:\/\/agora.xtec.cat\/escolapf\/wp-content\/uploads\/usu820\/2026\/09\/WhatsApp-Image-2026-09-01-at-18.27.57-6-1024x577.jpeg 1024w, https:\/\/agora.xtec.cat\/escolapf\/wp-content\/uploads\/usu820\/2026\/09\/WhatsApp-Image-2026-09-01-at-18.27.57-6-768x433.jpeg 768w, https:\/\/agora.xtec.cat\/escolapf\/wp-content\/uploads\/usu820\/2026\/09\/WhatsApp-Image-2026-09-01-at-18.27.57-6-1536x865.jpeg 1536w\" sizes=\"auto, (max-width: 2038px) 100vw, 2038px\" \/><\/figure><\/div><div class=\"wp-block-getwid-images-slider__item\"><figure><img loading=\"lazy\" decoding=\"async\" width=\"1148\" height=\"2040\" src=\"https:\/\/agora.xtec.cat\/escolapf\/wp-content\/uploads\/usu820\/2026\/09\/WhatsApp-Image-2026-09-01-at-18.27.57-5.jpeg\" alt=\"\" data-id=\"10829\" data-link=\"https:\/\/agora.xtec.cat\/escolapf\/portada\/primer-dia-de-curs-per-a-lequip-docent\/attachment\/whatsapp-image-2026-09-01-at-18-27-57-5\/\" data-original-link=\"https:\/\/agora.xtec.cat\/escolapf\/wp-content\/uploads\/usu820\/2026\/09\/WhatsApp-Image-2026-09-01-at-18.27.57-5.jpeg\" class=\"wp-block-getwid-images-slider__image wp-image-10829\" srcset=\"https:\/\/agora.xtec.cat\/escolapf\/wp-content\/uploads\/usu820\/2026\/09\/WhatsApp-Image-2026-09-01-at-18.27.57-5.jpeg 1148w, https:\/\/agora.xtec.cat\/escolapf\/wp-content\/uploads\/usu820\/2026\/09\/WhatsApp-Image-2026-09-01-at-18.27.57-5-169x300.jpeg 169w, https:\/\/agora.xtec.cat\/escolapf\/wp-content\/uploads\/usu820\/2026\/09\/WhatsApp-Image-2026-09-01-at-18.27.57-5-576x1024.jpeg 576w, https:\/\/agora.xtec.cat\/escolapf\/wp-content\/uploads\/usu820\/2026\/09\/WhatsApp-Image-2026-09-01-at-18.27.57-5-768x1365.jpeg 768w, https:\/\/agora.xtec.cat\/escolapf\/wp-content\/uploads\/usu820\/2026\/09\/WhatsApp-Image-2026-09-01-at-18.27.57-5-864x1536.jpeg 864w\" sizes=\"auto, (max-width: 1148px) 100vw, 1148px\" \/><\/figure><\/div><div class=\"wp-block-getwid-images-slider__item\"><figure><img loading=\"lazy\" decoding=\"async\" width=\"2040\" height=\"1148\" src=\"https:\/\/agora.xtec.cat\/escolapf\/wp-content\/uploads\/usu820\/2026\/09\/WhatsApp-Image-2026-09-01-at-18.27.57-2.jpeg\" alt=\"\" data-id=\"10818\" data-link=\"https:\/\/agora.xtec.cat\/escolapf\/portada\/primer-dia-de-curs-per-a-lequip-docent\/attachment\/whatsapp-image-2026-09-01-at-18-27-57-2\/\" data-original-link=\"https:\/\/agora.xtec.cat\/escolapf\/wp-content\/uploads\/usu820\/2026\/09\/WhatsApp-Image-2026-09-01-at-18.27.57-2.jpeg\" class=\"wp-block-getwid-images-slider__image wp-image-10818\" srcset=\"https:\/\/agora.xtec.cat\/escolapf\/wp-content\/uploads\/usu820\/2026\/09\/WhatsApp-Image-2026-09-01-at-18.27.57-2.jpeg 2040w, https:\/\/agora.xtec.cat\/escolapf\/wp-content\/uploads\/usu820\/2026\/09\/WhatsApp-Image-2026-09-01-at-18.27.57-2-300x169.jpeg 300w, https:\/\/agora.xtec.cat\/escolapf\/wp-content\/uploads\/usu820\/2026\/09\/WhatsApp-Image-2026-09-01-at-18.27.57-2-1024x576.jpeg 1024w, https:\/\/agora.xtec.cat\/escolapf\/wp-content\/uploads\/usu820\/2026\/09\/WhatsApp-Image-2026-09-01-at-18.27.57-2-768x432.jpeg 768w, https:\/\/agora.xtec.cat\/escolapf\/wp-content\/uploads\/usu820\/2026\/09\/WhatsApp-Image-2026-09-01-at-18.27.57-2-1536x864.jpeg 1536w\" sizes=\"auto, (max-width: 2040px) 100vw, 2040px\" \/><\/figure><\/div><div class=\"wp-block-getwid-images-slider__item\"><figure><img loading=\"lazy\" decoding=\"async\" width=\"1148\" height=\"2040\" src=\"https:\/\/agora.xtec.cat\/escolapf\/wp-content\/uploads\/usu820\/2026\/09\/WhatsApp-Image-2026-09-01-at-18.27.56-2.jpeg\" alt=\"\" data-id=\"10819\" data-link=\"https:\/\/agora.xtec.cat\/escolapf\/portada\/primer-dia-de-curs-per-a-lequip-docent\/attachment\/whatsapp-image-2026-09-01-at-18-27-56-2\/\" data-original-link=\"https:\/\/agora.xtec.cat\/escolapf\/wp-content\/uploads\/usu820\/2026\/09\/WhatsApp-Image-2026-09-01-at-18.27.56-2.jpeg\" class=\"wp-block-getwid-images-slider__image wp-image-10819\" srcset=\"https:\/\/agora.xtec.cat\/escolapf\/wp-content\/uploads\/usu820\/2026\/09\/WhatsApp-Image-2026-09-01-at-18.27.56-2.jpeg 1148w, https:\/\/agora.xtec.cat\/escolapf\/wp-content\/uploads\/usu820\/2026\/09\/WhatsApp-Image-2026-09-01-at-18.27.56-2-169x300.jpeg 169w, https:\/\/agora.xtec.cat\/escolapf\/wp-content\/uploads\/usu820\/2026\/09\/WhatsApp-Image-2026-09-01-at-18.27.56-2-576x1024.jpeg 576w, https:\/\/agora.xtec.cat\/escolapf\/wp-content\/uploads\/usu820\/2026\/09\/WhatsApp-Image-2026-09-01-at-18.27.56-2-768x1365.jpeg 768w, https:\/\/agora.xtec.cat\/escolapf\/wp-content\/uploads\/usu820\/2026\/09\/WhatsApp-Image-2026-09-01-at-18.27.56-2-864x1536.jpeg 864w\" sizes=\"auto, (max-width: 1148px) 100vw, 1148px\" \/><\/figure><\/div><div class=\"wp-block-getwid-images-slider__item\"><figure><img loading=\"lazy\" decoding=\"async\" width=\"2048\" height=\"1536\" src=\"https:\/\/agora.xtec.cat\/escolapf\/wp-content\/uploads\/usu820\/2026\/09\/WhatsApp-Image-2026-09-01-at-19.58.49.jpeg\" alt=\"\" data-id=\"10820\" data-link=\"https:\/\/agora.xtec.cat\/escolapf\/portada\/primer-dia-de-curs-per-a-lequip-docent\/attachment\/whatsapp-image-2026-09-01-at-19-58-49\/\" data-original-link=\"https:\/\/agora.xtec.cat\/escolapf\/wp-content\/uploads\/usu820\/2026\/09\/WhatsApp-Image-2026-09-01-at-19.58.49.jpeg\" class=\"wp-block-getwid-images-slider__image wp-image-10820\" srcset=\"https:\/\/agora.xtec.cat\/escolapf\/wp-content\/uploads\/usu820\/2026\/09\/WhatsApp-Image-2026-09-01-at-19.58.49.jpeg 2048w, https:\/\/agora.xtec.cat\/escolapf\/wp-content\/uploads\/usu820\/2026\/09\/WhatsApp-Image-2026-09-01-at-19.58.49-300x225.jpeg 300w, https:\/\/agora.xtec.cat\/escolapf\/wp-content\/uploads\/usu820\/2026\/09\/WhatsApp-Image-2026-09-01-at-19.58.49-1024x768.jpeg 1024w, https:\/\/agora.xtec.cat\/escolapf\/wp-content\/uploads\/usu820\/2026\/09\/WhatsApp-Image-2026-09-01-at-19.58.49-768x576.jpeg 768w, https:\/\/agora.xtec.cat\/escolapf\/wp-content\/uploads\/usu820\/2026\/09\/WhatsApp-Image-2026-09-01-at-19.58.49-1536x1152.jpeg 1536w\" sizes=\"auto, (max-width: 2048px) 100vw, 2048px\" \/><\/figure><\/div><div class=\"wp-block-getwid-images-slider__item\"><figure><img loading=\"lazy\" decoding=\"async\" width=\"1148\" height=\"2040\" src=\"https:\/\/agora.xtec.cat\/escolapf\/wp-content\/uploads\/usu820\/2026\/09\/WhatsApp-Image-2026-09-01-at-18.27.57.jpeg\" alt=\"\" data-id=\"10821\" data-link=\"https:\/\/agora.xtec.cat\/escolapf\/portada\/primer-dia-de-curs-per-a-lequip-docent\/attachment\/whatsapp-image-2026-09-01-at-18-27-57\/\" data-original-link=\"https:\/\/agora.xtec.cat\/escolapf\/wp-content\/uploads\/usu820\/2026\/09\/WhatsApp-Image-2026-09-01-at-18.27.57.jpeg\" class=\"wp-block-getwid-images-slider__image wp-image-10821\" srcset=\"https:\/\/agora.xtec.cat\/escolapf\/wp-content\/uploads\/usu820\/2026\/09\/WhatsApp-Image-2026-09-01-at-18.27.57.jpeg 1148w, https:\/\/agora.xtec.cat\/escolapf\/wp-content\/uploads\/usu820\/2026\/09\/WhatsApp-Image-2026-09-01-at-18.27.57-169x300.jpeg 169w, https:\/\/agora.xtec.cat\/escolapf\/wp-content\/uploads\/usu820\/2026\/09\/WhatsApp-Image-2026-09-01-at-18.27.57-576x1024.jpeg 576w, https:\/\/agora.xtec.cat\/escolapf\/wp-content\/uploads\/usu820\/2026\/09\/WhatsApp-Image-2026-09-01-at-18.27.57-768x1365.jpeg 768w, https:\/\/agora.xtec.cat\/escolapf\/wp-content\/uploads\/usu820\/2026\/09\/WhatsApp-Image-2026-09-01-at-18.27.57-864x1536.jpeg 864w\" sizes=\"auto, (max-width: 1148px) 100vw, 1148px\" \/><\/figure><\/div><div class=\"wp-block-getwid-images-slider__item\"><figure><img loading=\"lazy\" decoding=\"async\" width=\"2040\" height=\"1148\" src=\"https:\/\/agora.xtec.cat\/escolapf\/wp-content\/uploads\/usu820\/2026\/09\/WhatsApp-Image-2026-09-01-at-18.27.57-3.jpeg\" alt=\"\" data-id=\"10822\" data-link=\"https:\/\/agora.xtec.cat\/escolapf\/portada\/primer-dia-de-curs-per-a-lequip-docent\/attachment\/whatsapp-image-2026-09-01-at-18-27-57-3\/\" data-original-link=\"https:\/\/agora.xtec.cat\/escolapf\/wp-content\/uploads\/usu820\/2026\/09\/WhatsApp-Image-2026-09-01-at-18.27.57-3.jpeg\" class=\"wp-block-getwid-images-slider__image wp-image-10822\" srcset=\"https:\/\/agora.xtec.cat\/escolapf\/wp-content\/uploads\/usu820\/2026\/09\/WhatsApp-Image-2026-09-01-at-18.27.57-3.jpeg 2040w, https:\/\/agora.xtec.cat\/escolapf\/wp-content\/uploads\/usu820\/2026\/09\/WhatsApp-Image-2026-09-01-at-18.27.57-3-300x169.jpeg 300w, https:\/\/agora.xtec.cat\/escolapf\/wp-content\/uploads\/usu820\/2026\/09\/WhatsApp-Image-2026-09-01-at-18.27.57-3-1024x576.jpeg 1024w, https:\/\/agora.xtec.cat\/escolapf\/wp-content\/uploads\/usu820\/2026\/09\/WhatsApp-Image-2026-09-01-at-18.27.57-3-768x432.jpeg 768w, https:\/\/agora.xtec.cat\/escolapf\/wp-content\/uploads\/usu820\/2026\/09\/WhatsApp-Image-2026-09-01-at-18.27.57-3-1536x864.jpeg 1536w\" sizes=\"auto, (max-width: 2040px) 100vw, 2040px\" \/><\/figure><\/div><div class=\"wp-block-getwid-images-slider__item\"><figure><img loading=\"lazy\" decoding=\"async\" width=\"2040\" height=\"1148\" src=\"https:\/\/agora.xtec.cat\/escolapf\/wp-content\/uploads\/usu820\/2026\/09\/WhatsApp-Image-2026-09-01-at-18.27.56-3.jpeg\" alt=\"\" data-id=\"10823\" data-link=\"https:\/\/agora.xtec.cat\/escolapf\/portada\/primer-dia-de-curs-per-a-lequip-docent\/attachment\/whatsapp-image-2026-09-01-at-18-27-56-3\/\" data-original-link=\"https:\/\/agora.xtec.cat\/escolapf\/wp-content\/uploads\/usu820\/2026\/09\/WhatsApp-Image-2026-09-01-at-18.27.56-3.jpeg\" class=\"wp-block-getwid-images-slider__image wp-image-10823\" srcset=\"https:\/\/agora.xtec.cat\/escolapf\/wp-content\/uploads\/usu820\/2026\/09\/WhatsApp-Image-2026-09-01-at-18.27.56-3.jpeg 2040w, https:\/\/agora.xtec.cat\/escolapf\/wp-content\/uploads\/usu820\/2026\/09\/WhatsApp-Image-2026-09-01-at-18.27.56-3-300x169.jpeg 300w, https:\/\/agora.xtec.cat\/escolapf\/wp-content\/uploads\/usu820\/2026\/09\/WhatsApp-Image-2026-09-01-at-18.27.56-3-1024x576.jpeg 1024w, https:\/\/agora.xtec.cat\/escolapf\/wp-content\/uploads\/usu820\/2026\/09\/WhatsApp-Image-2026-09-01-at-18.27.56-3-768x432.jpeg 768w, https:\/\/agora.xtec.cat\/escolapf\/wp-content\/uploads\/usu820\/2026\/09\/WhatsApp-Image-2026-09-01-at-18.27.56-3-1536x864.jpeg 1536w\" sizes=\"auto, (max-width: 2040px) 100vw, 2040px\" \/><\/figure><\/div><div class=\"wp-block-getwid-images-slider__item\"><figure><img loading=\"lazy\" decoding=\"async\" width=\"512\" height=\"341\" src=\"https:\/\/agora.xtec.cat\/escolapf\/wp-content\/uploads\/usu820\/2026\/09\/WhatsApp-Image-2026-09-01-at-18.27.56.jpeg\" alt=\"\" data-id=\"10817\" data-link=\"https:\/\/agora.xtec.cat\/escolapf\/portada\/primer-dia-de-curs-per-a-lequip-docent\/attachment\/whatsapp-image-2026-09-01-at-18-27-56\/\" data-original-link=\"https:\/\/agora.xtec.cat\/escolapf\/wp-content\/uploads\/usu820\/2026\/09\/WhatsApp-Image-2026-09-01-at-18.27.56.jpeg\" class=\"wp-block-getwid-images-slider__image wp-image-10817\" srcset=\"https:\/\/agora.xtec.cat\/escolapf\/wp-content\/uploads\/usu820\/2026\/09\/WhatsApp-Image-2026-09-01-at-18.27.56.jpeg 512w, https:\/\/agora.xtec.cat\/escolapf\/wp-content\/uploads\/usu820\/2026\/09\/WhatsApp-Image-2026-09-01-at-18.27.56-300x200.jpeg 300w\" sizes=\"auto, (max-width: 512px) 100vw, 512px\" \/><\/figure><\/div><\/div><\/div>\n","protected":false},"excerpt":{"rendered":"<p>EXPEDICI\u00d3 2627: comen\u00e7a l&#8217;aventura pel territori!!! Aquest curs 2026-2027 hem donat la benvinguda al nou any amb una activitat molt especial: \u201cExpedici\u00f3 num.2627\u201d. L&#8217;Equip Directiu va rebre als docents convertits en exploradors\/es per conduir la primera din\u00e0mica de curs.L\u2019equip de l\u2019escola es va transformar en una comunitat de guardians i guardianes del territori i va [&hellip;]<\/p>\n","protected":false},"author":1,"featured_media":10828,"comment_status":"open","ping_status":"open","sticky":false,"template":"","format":"standard","meta":{"_bbp_topic_count":0,"_bbp_reply_count":0,"_bbp_total_topic_count":0,"_bbp_total_reply_count":0,"_bbp_voice_count":0,"_bbp_anonymous_reply_count":0,"_bbp_topic_count_hidden":0,"_bbp_reply_count_hidden":0,"_bbp_forum_subforum_count":0,"site-sidebar-layout":"default","site-content-layout":"","ast-site-content-layout":"default","site-content-style":"default","site-sidebar-style":"default","ast-global-header-display":"","ast-banner-title-visibility":"","ast-main-header-display":"","ast-hfb-above-header-display":"","ast-hfb-below-header-display":"","ast-hfb-mobile-header-display":"","site-post-title":"","ast-breadcrumbs-content":"","ast-featured-img":"","footer-sml-layout":"","theme-transparent-header-meta":"","adv-header-id-meta":"","stick-header-meta":"","header-above-stick-meta":"","header-main-stick-meta":"","header-below-stick-meta":"","astra-migrate-meta-layouts":"set","ast-page-background-enabled":"default","ast-page-background-meta":{"desktop":{"background-color":"var(--ast-global-color-4)","background-image":"","background-repeat":"repeat","background-position":"center center","background-size":"auto","background-attachment":"scroll","background-type":"","background-media":"","overlay-type":"","overlay-color":"","overlay-opacity":"","overlay-gradient":""},"tablet":{"background-color":"","background-image":"","background-repeat":"repeat","background-position":"center center","background-size":"auto","background-attachment":"scroll","background-type":"","background-media":"","overlay-type":"","overlay-color":"","overlay-opacity":"","overlay-gradient":""},"mobile":{"background-color":"","background-image":"","background-repeat":"repeat","background-position":"center center","background-size":"auto","background-attachment":"scroll","background-type":"","background-media":"","overlay-type":"","overlay-color":"","overlay-opacity":"","overlay-gradient":""}},"ast-content-background-meta":{"desktop":{"background-color":"var(--ast-global-color-5)","background-image":"","background-repeat":"repeat","background-position":"center center","background-size":"auto","background-attachment":"scroll","background-type":"","background-media":"","overlay-type":"","overlay-color":"","overlay-opacity":"","overlay-gradient":""},"tablet":{"background-color":"var(--ast-global-color-5)","background-image":"","background-repeat":"repeat","background-position":"center center","background-size":"auto","background-attachment":"scroll","background-type":"","background-media":"","overlay-type":"","overlay-color":"","overlay-opacity":"","overlay-gradient":""},"mobile":{"background-color":"var(--ast-global-color-5)","background-image":"","background-repeat":"repeat","background-position":"center center","background-size":"auto","background-attachment":"scroll","background-type":"","background-media":"","overlay-type":"","overlay-color":"","overlay-opacity":"","overlay-gradient":""}},"footnotes":""},"categories":[4],"tags":[],"class_list":["post-10816","post","type-post","status-publish","format-standard","has-post-thumbnail","hentry","category-portada"],"post_mailing_queue_ids":[],"_links":{"self":[{"href":"https:\/\/agora.xtec.cat\/escolapf\/wp-json\/wp\/v2\/posts\/10816","targetHints":{"allow":["GET"]}}],"collection":[{"href":"https:\/\/agora.xtec.cat\/escolapf\/wp-json\/wp\/v2\/posts"}],"about":[{"href":"https:\/\/agora.xtec.cat\/escolapf\/wp-json\/wp\/v2\/types\/post"}],"author":[{"embeddable":true,"href":"https:\/\/agora.xtec.cat\/escolapf\/wp-json\/wp\/v2\/users\/1"}],"replies":[{"embeddable":true,"href":"https:\/\/agora.xtec.cat\/escolapf\/wp-json\/wp\/v2\/comments?post=10816"}],"version-history":[{"count":2,"href":"https:\/\/agora.xtec.cat\/escolapf\/wp-json\/wp\/v2\/posts\/10816\/revisions"}],"predecessor-version":[{"id":10831,"href":"https:\/\/agora.xtec.cat\/escolapf\/wp-json\/wp\/v2\/posts\/10816\/revisions\/10831"}],"wp:featuredmedia":[{"embeddable":true,"href":"https:\/\/agora.xtec.cat\/escolapf\/wp-json\/wp\/v2\/media\/10828"}],"wp:attachment":[{"href":"https:\/\/agora.xtec.cat\/escolapf\/wp-json\/wp\/v2\/media?parent=10816"}],"wp:term":[{"taxonomy":"category","embeddable":true,"href":"https:\/\/agora.xtec.cat\/escolapf\/wp-json\/wp\/v2\/categories?post=10816"},{"taxonomy":"post_tag","embeddable":true,"href":"https:\/\/agora.xtec.cat\/escolapf\/wp-json\/wp\/v2\/tags?post=10816"}],"curies":[{"name":"wp","href":"https:\/\/api.w.org\/{rel}","templated":true}]}}