{"id":10718,"date":"2026-04-27T12:12:46","date_gmt":"2026-04-27T10:12:46","guid":{"rendered":"https:\/\/agora.xtec.cat\/escolapf\/?p=10718"},"modified":"2026-04-27T12:39:51","modified_gmt":"2026-04-27T10:39:51","slug":"forum-descoles-verdes-al-museu-de-la-pell-digualada","status":"publish","type":"post","link":"https:\/\/agora.xtec.cat\/escolapf\/general\/forum-descoles-verdes-al-museu-de-la-pell-digualada\/","title":{"rendered":"F\u00f2rum d\u2019Escoles Verdes al Museu de la Pell d\u2019Igualada"},"content":{"rendered":"\n<p>El passat divendres 24 d\u2019abril, l\u2019escola, amb la representaci\u00f3 de les delegades i delegat verd de 5\u00e8 i 6\u00e8, va assistir al F\u00f2rum d\u2019Escoles Verdes i de la Xarxa d\u2019Escoles Verdes, celebrat al Museu de la Pell d\u2019Igualada.<\/p>\n\n\n\n<p>Durant la jornada, diferents escoles d\u2019Igualada i la nostra vam exposar els diversos projectes que duem a terme als centres. Tamb\u00e9 vam participar en diverses activitats relacionades amb els Objectius de Desenvolupament Sostenible (ODS) de l\u2019Agenda 2030.<\/p>\n\n\n\n<p>Va ser una experi\u00e8ncia molt enriquidora, ja que vam poder explicar les nostres jornades ecol\u00f2giques d\u2019enguany i, alhora, con\u00e8ixer iniciatives i projectes d\u2019altres escoles i instituts.<\/p>\n\n\n\n<p><\/p>\n\n\n\n<figure class=\"wp-block-gallery has-nested-images columns-default is-cropped wp-block-gallery-1 is-layout-flex wp-block-gallery-is-layout-flex\">\n<figure class=\"wp-block-image size-large\"><a href=\"https:\/\/agora.xtec.cat\/escolapf\/wp-content\/uploads\/usu820\/2026\/04\/WhatsApp-Image-2026-04-24-at-14.07.03-1.jpeg\"><img loading=\"lazy\" decoding=\"async\" width=\"768\" height=\"1024\" data-id=\"10720\" src=\"https:\/\/agora.xtec.cat\/escolapf\/wp-content\/uploads\/usu820\/2026\/04\/WhatsApp-Image-2026-04-24-at-14.07.03-1-768x1024.jpeg\" alt=\"\" class=\"wp-image-10720\" srcset=\"https:\/\/agora.xtec.cat\/escolapf\/wp-content\/uploads\/usu820\/2026\/04\/WhatsApp-Image-2026-04-24-at-14.07.03-1-768x1024.jpeg 768w, https:\/\/agora.xtec.cat\/escolapf\/wp-content\/uploads\/usu820\/2026\/04\/WhatsApp-Image-2026-04-24-at-14.07.03-1-225x300.jpeg 225w, https:\/\/agora.xtec.cat\/escolapf\/wp-content\/uploads\/usu820\/2026\/04\/WhatsApp-Image-2026-04-24-at-14.07.03-1-1152x1536.jpeg 1152w, https:\/\/agora.xtec.cat\/escolapf\/wp-content\/uploads\/usu820\/2026\/04\/WhatsApp-Image-2026-04-24-at-14.07.03-1.jpeg 1200w\" sizes=\"auto, (max-width: 768px) 100vw, 768px\" \/><\/a><\/figure>\n\n\n\n<figure class=\"wp-block-image size-large\"><a href=\"https:\/\/agora.xtec.cat\/escolapf\/wp-content\/uploads\/usu820\/2026\/04\/WhatsApp-Image-2026-04-24-at-14.07.03-2.jpeg\"><img loading=\"lazy\" decoding=\"async\" width=\"1024\" height=\"768\" data-id=\"10719\" src=\"https:\/\/agora.xtec.cat\/escolapf\/wp-content\/uploads\/usu820\/2026\/04\/WhatsApp-Image-2026-04-24-at-14.07.03-2-1024x768.jpeg\" alt=\"\" class=\"wp-image-10719\" srcset=\"https:\/\/agora.xtec.cat\/escolapf\/wp-content\/uploads\/usu820\/2026\/04\/WhatsApp-Image-2026-04-24-at-14.07.03-2-1024x768.jpeg 1024w, https:\/\/agora.xtec.cat\/escolapf\/wp-content\/uploads\/usu820\/2026\/04\/WhatsApp-Image-2026-04-24-at-14.07.03-2-300x225.jpeg 300w, https:\/\/agora.xtec.cat\/escolapf\/wp-content\/uploads\/usu820\/2026\/04\/WhatsApp-Image-2026-04-24-at-14.07.03-2-768x576.jpeg 768w, https:\/\/agora.xtec.cat\/escolapf\/wp-content\/uploads\/usu820\/2026\/04\/WhatsApp-Image-2026-04-24-at-14.07.03-2-1536x1152.jpeg 1536w, https:\/\/agora.xtec.cat\/escolapf\/wp-content\/uploads\/usu820\/2026\/04\/WhatsApp-Image-2026-04-24-at-14.07.03-2.jpeg 1600w\" sizes=\"auto, (max-width: 1024px) 100vw, 1024px\" \/><\/a><\/figure>\n\n\n\n<figure class=\"wp-block-image size-large\"><a href=\"https:\/\/agora.xtec.cat\/escolapf\/wp-content\/uploads\/usu820\/2026\/04\/WhatsApp-Image-2026-04-24-at-14.07.03.jpeg\"><img loading=\"lazy\" decoding=\"async\" width=\"1024\" height=\"768\" data-id=\"10721\" src=\"https:\/\/agora.xtec.cat\/escolapf\/wp-content\/uploads\/usu820\/2026\/04\/WhatsApp-Image-2026-04-24-at-14.07.03-1024x768.jpeg\" alt=\"\" class=\"wp-image-10721\" srcset=\"https:\/\/agora.xtec.cat\/escolapf\/wp-content\/uploads\/usu820\/2026\/04\/WhatsApp-Image-2026-04-24-at-14.07.03-1024x768.jpeg 1024w, https:\/\/agora.xtec.cat\/escolapf\/wp-content\/uploads\/usu820\/2026\/04\/WhatsApp-Image-2026-04-24-at-14.07.03-300x225.jpeg 300w, https:\/\/agora.xtec.cat\/escolapf\/wp-content\/uploads\/usu820\/2026\/04\/WhatsApp-Image-2026-04-24-at-14.07.03-768x576.jpeg 768w, https:\/\/agora.xtec.cat\/escolapf\/wp-content\/uploads\/usu820\/2026\/04\/WhatsApp-Image-2026-04-24-at-14.07.03-1536x1152.jpeg 1536w, https:\/\/agora.xtec.cat\/escolapf\/wp-content\/uploads\/usu820\/2026\/04\/WhatsApp-Image-2026-04-24-at-14.07.03.jpeg 1600w\" sizes=\"auto, (max-width: 1024px) 100vw, 1024px\" \/><\/a><\/figure>\n<\/figure>\n\n\n\n<p><\/p>\n","protected":false},"excerpt":{"rendered":"<p>El passat divendres 24 d\u2019abril, l\u2019escola, amb la representaci\u00f3 de les delegades i delegat verd de 5\u00e8 i 6\u00e8, va assistir al F\u00f2rum d\u2019Escoles Verdes i de la Xarxa d\u2019Escoles Verdes, celebrat al Museu de la Pell d\u2019Igualada. Durant la jornada, diferents escoles d\u2019Igualada i la nostra vam exposar els diversos projectes que duem a [&hellip;]<\/p>\n","protected":false},"author":4,"featured_media":10720,"comment_status":"open","ping_status":"open","sticky":false,"template":"","format":"standard","meta":{"_bbp_topic_count":0,"_bbp_reply_count":0,"_bbp_total_topic_count":0,"_bbp_total_reply_count":0,"_bbp_voice_count":0,"_bbp_anonymous_reply_count":0,"_bbp_topic_count_hidden":0,"_bbp_reply_count_hidden":0,"_bbp_forum_subforum_count":0,"site-sidebar-layout":"default","site-content-layout":"","ast-site-content-layout":"default","site-content-style":"default","site-sidebar-style":"default","ast-global-header-display":"","ast-banner-title-visibility":"","ast-main-header-display":"","ast-hfb-above-header-display":"","ast-hfb-below-header-display":"","ast-hfb-mobile-header-display":"","site-post-title":"","ast-breadcrumbs-content":"","ast-featured-img":"","footer-sml-layout":"","theme-transparent-header-meta":"","adv-header-id-meta":"","stick-header-meta":"","header-above-stick-meta":"","header-main-stick-meta":"","header-below-stick-meta":"","astra-migrate-meta-layouts":"set","ast-page-background-enabled":"default","ast-page-background-meta":{"desktop":{"background-color":"var(--ast-global-color-4)","background-image":"","background-repeat":"repeat","background-position":"center center","background-size":"auto","background-attachment":"scroll","background-type":"","background-media":"","overlay-type":"","overlay-color":"","overlay-opacity":"","overlay-gradient":""},"tablet":{"background-color":"","background-image":"","background-repeat":"repeat","background-position":"center center","background-size":"auto","background-attachment":"scroll","background-type":"","background-media":"","overlay-type":"","overlay-color":"","overlay-opacity":"","overlay-gradient":""},"mobile":{"background-color":"","background-image":"","background-repeat":"repeat","background-position":"center center","background-size":"auto","background-attachment":"scroll","background-type":"","background-media":"","overlay-type":"","overlay-color":"","overlay-opacity":"","overlay-gradient":""}},"ast-content-background-meta":{"desktop":{"background-color":"var(--ast-global-color-5)","background-image":"","background-repeat":"repeat","background-position":"center center","background-size":"auto","background-attachment":"scroll","background-type":"","background-media":"","overlay-type":"","overlay-color":"","overlay-opacity":"","overlay-gradient":""},"tablet":{"background-color":"var(--ast-global-color-5)","background-image":"","background-repeat":"repeat","background-position":"center center","background-size":"auto","background-attachment":"scroll","background-type":"","background-media":"","overlay-type":"","overlay-color":"","overlay-opacity":"","overlay-gradient":""},"mobile":{"background-color":"var(--ast-global-color-5)","background-image":"","background-repeat":"repeat","background-position":"center center","background-size":"auto","background-attachment":"scroll","background-type":"","background-media":"","overlay-type":"","overlay-color":"","overlay-opacity":"","overlay-gradient":""}},"footnotes":""},"categories":[96,1,85,4,5],"tags":[],"class_list":["post-10718","post","type-post","status-publish","format-standard","has-post-thumbnail","hentry","category-escola-verda","category-general","category-ods","category-portada","category-primaria"],"post_mailing_queue_ids":[],"_links":{"self":[{"href":"https:\/\/agora.xtec.cat\/escolapf\/wp-json\/wp\/v2\/posts\/10718","targetHints":{"allow":["GET"]}}],"collection":[{"href":"https:\/\/agora.xtec.cat\/escolapf\/wp-json\/wp\/v2\/posts"}],"about":[{"href":"https:\/\/agora.xtec.cat\/escolapf\/wp-json\/wp\/v2\/types\/post"}],"author":[{"embeddable":true,"href":"https:\/\/agora.xtec.cat\/escolapf\/wp-json\/wp\/v2\/users\/4"}],"replies":[{"embeddable":true,"href":"https:\/\/agora.xtec.cat\/escolapf\/wp-json\/wp\/v2\/comments?post=10718"}],"version-history":[{"count":3,"href":"https:\/\/agora.xtec.cat\/escolapf\/wp-json\/wp\/v2\/posts\/10718\/revisions"}],"predecessor-version":[{"id":10729,"href":"https:\/\/agora.xtec.cat\/escolapf\/wp-json\/wp\/v2\/posts\/10718\/revisions\/10729"}],"wp:featuredmedia":[{"embeddable":true,"href":"https:\/\/agora.xtec.cat\/escolapf\/wp-json\/wp\/v2\/media\/10720"}],"wp:attachment":[{"href":"https:\/\/agora.xtec.cat\/escolapf\/wp-json\/wp\/v2\/media?parent=10718"}],"wp:term":[{"taxonomy":"category","embeddable":true,"href":"https:\/\/agora.xtec.cat\/escolapf\/wp-json\/wp\/v2\/categories?post=10718"},{"taxonomy":"post_tag","embeddable":true,"href":"https:\/\/agora.xtec.cat\/escolapf\/wp-json\/wp\/v2\/tags?post=10718"}],"curies":[{"name":"wp","href":"https:\/\/api.w.org\/{rel}","templated":true}]}}