{"id":10706,"date":"2026-04-24T11:54:32","date_gmt":"2026-04-24T09:54:32","guid":{"rendered":"https:\/\/agora.xtec.cat\/escolapf\/?p=10706"},"modified":"2026-04-24T11:58:56","modified_gmt":"2026-04-24T09:58:56","slug":"sant-jordi-a-lescola-5","status":"publish","type":"post","link":"https:\/\/agora.xtec.cat\/escolapf\/portada\/sant-jordi-a-lescola-5\/","title":{"rendered":"Sant Jordi a l&#8217;escola!!!"},"content":{"rendered":"\n<p>El dijous 23 d&#8217;abril vam fer una gran celebraci\u00f3 a l&#8217;escola en motiu de la Festa de Sant Jordi 2026.<\/p>\n\n\n\n<p>Al llarg dels dies previs a la festa, la Colla Sardanista de Vilanova del Cam\u00ed, ens va oferir la seva ajuda per con\u00e8ixer i aprendre a ballar sardanes. Tot l&#8217;alumnat de l&#8217;escola, des d&#8217;I3 fins a 6\u00e8, van poder participar les assajos.<\/p>\n\n\n\n<p>El mateix dia de la festa, a les 9.30h vam gaudir d&#8217;una roda de contes, a c\u00e0rrec de mares de l&#8217;escola. Cada mare va explicar un conte relacionat amb la cultura i les tradicions a les aules d&#8217;un cicle. Va ser una proposta molt ben valorada i que agra\u00efm a les mares col.laboradores per oferir-nos aquests moments tan especials.<\/p>\n\n\n\n<p>Despr\u00e9s de l&#8217;estona d&#8217;esbarjo vam organitzar la tradicional lectura entre padrins\/es i fillols\/es. Cada parella podia llegir el seu llibre en algun lloc de l&#8217;escola. Un moment de relax acompanyat amb un fil m\u00fasical que va aconseguir una lectura emotiva.<\/p>\n\n\n\n<p>A la tarda, vam organitzar l&#8217;acte dels Jocs Florals 2026 amb fam\u00edlies i alumnat, a la pista de l&#8217;escola. Es va iniciar l&#8217;acte amb l&#8217;entrega de premis per grup-classe. Cada grup tamb\u00e9 va rebre un llibre per la seva aula, com a obsequi per la participaci\u00f3 en l&#8217;elaboraci\u00f3 de tots els textos. A continuaci\u00f3, es van llegir els textos de la categoria de mestres i adults. <\/p>\n\n\n\n<p>L&#8217;acte va finalitzar amb la ballada de sardanes col.lectiva amb la direcci\u00f3 de la Colla Sardanista de Vilanova del Cam\u00ed. Va ser un fi de festa ben tradicional i de costum del nostre territori.<\/p>\n\n\n\n<p>Podeu veure les fotografies en aquest \u00e0lbum: <a href=\"https:\/\/photos.app.goo.gl\/N3q3HE27fFoStx5U9\">CLICA AQU\u00cd<\/a><\/p>\n\n\n\n<figure class=\"wp-block-gallery has-nested-images columns-default is-cropped wp-block-gallery-1 is-layout-flex wp-block-gallery-is-layout-flex\">\n<figure class=\"wp-block-image size-large\"><a href=\"https:\/\/agora.xtec.cat\/escolapf\/wp-content\/uploads\/usu820\/2026\/04\/WhatsApp-Image-2026-04-24-at-11.53.27.jpeg\"><img loading=\"lazy\" decoding=\"async\" width=\"836\" height=\"627\" data-id=\"10707\" src=\"https:\/\/agora.xtec.cat\/escolapf\/wp-content\/uploads\/usu820\/2026\/04\/WhatsApp-Image-2026-04-24-at-11.53.27.jpeg\" alt=\"\" class=\"wp-image-10707\" srcset=\"https:\/\/agora.xtec.cat\/escolapf\/wp-content\/uploads\/usu820\/2026\/04\/WhatsApp-Image-2026-04-24-at-11.53.27.jpeg 836w, https:\/\/agora.xtec.cat\/escolapf\/wp-content\/uploads\/usu820\/2026\/04\/WhatsApp-Image-2026-04-24-at-11.53.27-300x225.jpeg 300w, https:\/\/agora.xtec.cat\/escolapf\/wp-content\/uploads\/usu820\/2026\/04\/WhatsApp-Image-2026-04-24-at-11.53.27-768x576.jpeg 768w\" sizes=\"auto, (max-width: 836px) 100vw, 836px\" \/><\/a><\/figure>\n\n\n\n<figure class=\"wp-block-image size-large\"><a href=\"https:\/\/agora.xtec.cat\/escolapf\/wp-content\/uploads\/usu820\/2026\/04\/WhatsApp-Image-2026-04-24-at-11.50.08.jpeg\"><img loading=\"lazy\" decoding=\"async\" width=\"1024\" height=\"768\" data-id=\"10710\" src=\"https:\/\/agora.xtec.cat\/escolapf\/wp-content\/uploads\/usu820\/2026\/04\/WhatsApp-Image-2026-04-24-at-11.50.08-1024x768.jpeg\" alt=\"\" class=\"wp-image-10710\" srcset=\"https:\/\/agora.xtec.cat\/escolapf\/wp-content\/uploads\/usu820\/2026\/04\/WhatsApp-Image-2026-04-24-at-11.50.08-1024x768.jpeg 1024w, https:\/\/agora.xtec.cat\/escolapf\/wp-content\/uploads\/usu820\/2026\/04\/WhatsApp-Image-2026-04-24-at-11.50.08-300x225.jpeg 300w, https:\/\/agora.xtec.cat\/escolapf\/wp-content\/uploads\/usu820\/2026\/04\/WhatsApp-Image-2026-04-24-at-11.50.08-768x576.jpeg 768w, https:\/\/agora.xtec.cat\/escolapf\/wp-content\/uploads\/usu820\/2026\/04\/WhatsApp-Image-2026-04-24-at-11.50.08-1536x1152.jpeg 1536w, https:\/\/agora.xtec.cat\/escolapf\/wp-content\/uploads\/usu820\/2026\/04\/WhatsApp-Image-2026-04-24-at-11.50.08.jpeg 2040w\" sizes=\"auto, (max-width: 1024px) 100vw, 1024px\" \/><\/a><\/figure>\n\n\n\n<figure class=\"wp-block-image size-large\"><a href=\"https:\/\/agora.xtec.cat\/escolapf\/wp-content\/uploads\/usu820\/2026\/04\/WhatsApp-Image-2026-04-24-at-11.50.07-3.jpeg\"><img loading=\"lazy\" decoding=\"async\" width=\"1024\" height=\"768\" data-id=\"10709\" src=\"https:\/\/agora.xtec.cat\/escolapf\/wp-content\/uploads\/usu820\/2026\/04\/WhatsApp-Image-2026-04-24-at-11.50.07-3-1024x768.jpeg\" alt=\"\" class=\"wp-image-10709\" srcset=\"https:\/\/agora.xtec.cat\/escolapf\/wp-content\/uploads\/usu820\/2026\/04\/WhatsApp-Image-2026-04-24-at-11.50.07-3-1024x768.jpeg 1024w, https:\/\/agora.xtec.cat\/escolapf\/wp-content\/uploads\/usu820\/2026\/04\/WhatsApp-Image-2026-04-24-at-11.50.07-3-300x225.jpeg 300w, https:\/\/agora.xtec.cat\/escolapf\/wp-content\/uploads\/usu820\/2026\/04\/WhatsApp-Image-2026-04-24-at-11.50.07-3-768x576.jpeg 768w, https:\/\/agora.xtec.cat\/escolapf\/wp-content\/uploads\/usu820\/2026\/04\/WhatsApp-Image-2026-04-24-at-11.50.07-3-1536x1152.jpeg 1536w, https:\/\/agora.xtec.cat\/escolapf\/wp-content\/uploads\/usu820\/2026\/04\/WhatsApp-Image-2026-04-24-at-11.50.07-3.jpeg 2040w\" sizes=\"auto, (max-width: 1024px) 100vw, 1024px\" \/><\/a><\/figure>\n\n\n\n<figure class=\"wp-block-image size-large\"><a href=\"https:\/\/agora.xtec.cat\/escolapf\/wp-content\/uploads\/usu820\/2026\/04\/WhatsApp-Image-2026-04-24-at-11.50.07-2.jpeg\"><img loading=\"lazy\" decoding=\"async\" width=\"768\" height=\"1024\" data-id=\"10708\" src=\"https:\/\/agora.xtec.cat\/escolapf\/wp-content\/uploads\/usu820\/2026\/04\/WhatsApp-Image-2026-04-24-at-11.50.07-2-768x1024.jpeg\" alt=\"\" class=\"wp-image-10708\" srcset=\"https:\/\/agora.xtec.cat\/escolapf\/wp-content\/uploads\/usu820\/2026\/04\/WhatsApp-Image-2026-04-24-at-11.50.07-2-768x1024.jpeg 768w, https:\/\/agora.xtec.cat\/escolapf\/wp-content\/uploads\/usu820\/2026\/04\/WhatsApp-Image-2026-04-24-at-11.50.07-2-225x300.jpeg 225w, https:\/\/agora.xtec.cat\/escolapf\/wp-content\/uploads\/usu820\/2026\/04\/WhatsApp-Image-2026-04-24-at-11.50.07-2-1152x1536.jpeg 1152w, https:\/\/agora.xtec.cat\/escolapf\/wp-content\/uploads\/usu820\/2026\/04\/WhatsApp-Image-2026-04-24-at-11.50.07-2.jpeg 1512w\" sizes=\"auto, (max-width: 768px) 100vw, 768px\" \/><\/a><\/figure>\n\n\n\n<figure class=\"wp-block-image size-large\"><a href=\"https:\/\/agora.xtec.cat\/escolapf\/wp-content\/uploads\/usu820\/2026\/04\/WhatsApp-Image-2026-04-24-at-11.50.07-1.jpeg\"><img loading=\"lazy\" decoding=\"async\" width=\"768\" height=\"1024\" data-id=\"10712\" src=\"https:\/\/agora.xtec.cat\/escolapf\/wp-content\/uploads\/usu820\/2026\/04\/WhatsApp-Image-2026-04-24-at-11.50.07-1-768x1024.jpeg\" alt=\"\" class=\"wp-image-10712\" srcset=\"https:\/\/agora.xtec.cat\/escolapf\/wp-content\/uploads\/usu820\/2026\/04\/WhatsApp-Image-2026-04-24-at-11.50.07-1-768x1024.jpeg 768w, https:\/\/agora.xtec.cat\/escolapf\/wp-content\/uploads\/usu820\/2026\/04\/WhatsApp-Image-2026-04-24-at-11.50.07-1-225x300.jpeg 225w, https:\/\/agora.xtec.cat\/escolapf\/wp-content\/uploads\/usu820\/2026\/04\/WhatsApp-Image-2026-04-24-at-11.50.07-1-1152x1536.jpeg 1152w, https:\/\/agora.xtec.cat\/escolapf\/wp-content\/uploads\/usu820\/2026\/04\/WhatsApp-Image-2026-04-24-at-11.50.07-1.jpeg 1512w\" sizes=\"auto, (max-width: 768px) 100vw, 768px\" \/><\/a><\/figure>\n\n\n\n<figure class=\"wp-block-image size-large\"><a href=\"https:\/\/agora.xtec.cat\/escolapf\/wp-content\/uploads\/usu820\/2026\/04\/WhatsApp-Image-2026-04-24-at-11.50.07.jpeg\"><img loading=\"lazy\" decoding=\"async\" width=\"1024\" height=\"768\" data-id=\"10711\" src=\"https:\/\/agora.xtec.cat\/escolapf\/wp-content\/uploads\/usu820\/2026\/04\/WhatsApp-Image-2026-04-24-at-11.50.07-1024x768.jpeg\" alt=\"\" class=\"wp-image-10711\" srcset=\"https:\/\/agora.xtec.cat\/escolapf\/wp-content\/uploads\/usu820\/2026\/04\/WhatsApp-Image-2026-04-24-at-11.50.07-1024x768.jpeg 1024w, https:\/\/agora.xtec.cat\/escolapf\/wp-content\/uploads\/usu820\/2026\/04\/WhatsApp-Image-2026-04-24-at-11.50.07-300x225.jpeg 300w, https:\/\/agora.xtec.cat\/escolapf\/wp-content\/uploads\/usu820\/2026\/04\/WhatsApp-Image-2026-04-24-at-11.50.07-768x576.jpeg 768w, https:\/\/agora.xtec.cat\/escolapf\/wp-content\/uploads\/usu820\/2026\/04\/WhatsApp-Image-2026-04-24-at-11.50.07-1536x1152.jpeg 1536w, https:\/\/agora.xtec.cat\/escolapf\/wp-content\/uploads\/usu820\/2026\/04\/WhatsApp-Image-2026-04-24-at-11.50.07.jpeg 2016w\" sizes=\"auto, (max-width: 1024px) 100vw, 1024px\" \/><\/a><\/figure>\n<\/figure>\n","protected":false},"excerpt":{"rendered":"<p>El dijous 23 d&#8217;abril vam fer una gran celebraci\u00f3 a l&#8217;escola en motiu de la Festa de Sant Jordi 2026. Al llarg dels dies previs a la festa, la Colla Sardanista de Vilanova del Cam\u00ed, ens va oferir la seva ajuda per con\u00e8ixer i aprendre a ballar sardanes. Tot l&#8217;alumnat de l&#8217;escola, des d&#8217;I3 fins [&hellip;]<\/p>\n","protected":false},"author":1,"featured_media":10707,"comment_status":"open","ping_status":"open","sticky":false,"template":"","format":"standard","meta":{"_bbp_topic_count":0,"_bbp_reply_count":0,"_bbp_total_topic_count":0,"_bbp_total_reply_count":0,"_bbp_voice_count":0,"_bbp_anonymous_reply_count":0,"_bbp_topic_count_hidden":0,"_bbp_reply_count_hidden":0,"_bbp_forum_subforum_count":0,"site-sidebar-layout":"default","site-content-layout":"","ast-site-content-layout":"default","site-content-style":"default","site-sidebar-style":"default","ast-global-header-display":"","ast-banner-title-visibility":"","ast-main-header-display":"","ast-hfb-above-header-display":"","ast-hfb-below-header-display":"","ast-hfb-mobile-header-display":"","site-post-title":"","ast-breadcrumbs-content":"","ast-featured-img":"","footer-sml-layout":"","theme-transparent-header-meta":"","adv-header-id-meta":"","stick-header-meta":"","header-above-stick-meta":"","header-main-stick-meta":"","header-below-stick-meta":"","astra-migrate-meta-layouts":"set","ast-page-background-enabled":"default","ast-page-background-meta":{"desktop":{"background-color":"var(--ast-global-color-4)","background-image":"","background-repeat":"repeat","background-position":"center center","background-size":"auto","background-attachment":"scroll","background-type":"","background-media":"","overlay-type":"","overlay-color":"","overlay-opacity":"","overlay-gradient":""},"tablet":{"background-color":"","background-image":"","background-repeat":"repeat","background-position":"center center","background-size":"auto","background-attachment":"scroll","background-type":"","background-media":"","overlay-type":"","overlay-color":"","overlay-opacity":"","overlay-gradient":""},"mobile":{"background-color":"","background-image":"","background-repeat":"repeat","background-position":"center center","background-size":"auto","background-attachment":"scroll","background-type":"","background-media":"","overlay-type":"","overlay-color":"","overlay-opacity":"","overlay-gradient":""}},"ast-content-background-meta":{"desktop":{"background-color":"var(--ast-global-color-5)","background-image":"","background-repeat":"repeat","background-position":"center center","background-size":"auto","background-attachment":"scroll","background-type":"","background-media":"","overlay-type":"","overlay-color":"","overlay-opacity":"","overlay-gradient":""},"tablet":{"background-color":"var(--ast-global-color-5)","background-image":"","background-repeat":"repeat","background-position":"center center","background-size":"auto","background-attachment":"scroll","background-type":"","background-media":"","overlay-type":"","overlay-color":"","overlay-opacity":"","overlay-gradient":""},"mobile":{"background-color":"var(--ast-global-color-5)","background-image":"","background-repeat":"repeat","background-position":"center center","background-size":"auto","background-attachment":"scroll","background-type":"","background-media":"","overlay-type":"","overlay-color":"","overlay-opacity":"","overlay-gradient":""}},"footnotes":""},"categories":[4],"tags":[],"class_list":["post-10706","post","type-post","status-publish","format-standard","has-post-thumbnail","hentry","category-portada"],"post_mailing_queue_ids":[],"_links":{"self":[{"href":"https:\/\/agora.xtec.cat\/escolapf\/wp-json\/wp\/v2\/posts\/10706","targetHints":{"allow":["GET"]}}],"collection":[{"href":"https:\/\/agora.xtec.cat\/escolapf\/wp-json\/wp\/v2\/posts"}],"about":[{"href":"https:\/\/agora.xtec.cat\/escolapf\/wp-json\/wp\/v2\/types\/post"}],"author":[{"embeddable":true,"href":"https:\/\/agora.xtec.cat\/escolapf\/wp-json\/wp\/v2\/users\/1"}],"replies":[{"embeddable":true,"href":"https:\/\/agora.xtec.cat\/escolapf\/wp-json\/wp\/v2\/comments?post=10706"}],"version-history":[{"count":2,"href":"https:\/\/agora.xtec.cat\/escolapf\/wp-json\/wp\/v2\/posts\/10706\/revisions"}],"predecessor-version":[{"id":10714,"href":"https:\/\/agora.xtec.cat\/escolapf\/wp-json\/wp\/v2\/posts\/10706\/revisions\/10714"}],"wp:featuredmedia":[{"embeddable":true,"href":"https:\/\/agora.xtec.cat\/escolapf\/wp-json\/wp\/v2\/media\/10707"}],"wp:attachment":[{"href":"https:\/\/agora.xtec.cat\/escolapf\/wp-json\/wp\/v2\/media?parent=10706"}],"wp:term":[{"taxonomy":"category","embeddable":true,"href":"https:\/\/agora.xtec.cat\/escolapf\/wp-json\/wp\/v2\/categories?post=10706"},{"taxonomy":"post_tag","embeddable":true,"href":"https:\/\/agora.xtec.cat\/escolapf\/wp-json\/wp\/v2\/tags?post=10706"}],"curies":[{"name":"wp","href":"https:\/\/api.w.org\/{rel}","templated":true}]}}