{"id":10674,"date":"2026-04-08T15:45:41","date_gmt":"2026-04-08T13:45:41","guid":{"rendered":"https:\/\/agora.xtec.cat\/escolapf\/?p=10674"},"modified":"2026-04-08T15:45:44","modified_gmt":"2026-04-08T13:45:44","slug":"lafa-dota-daires-condicionats-a-lescola","status":"publish","type":"post","link":"https:\/\/agora.xtec.cat\/escolapf\/portada\/lafa-dota-daires-condicionats-a-lescola\/","title":{"rendered":"L&#8217;AFA dota d&#8217;aires condicionats a l&#8217;escola!!!"},"content":{"rendered":"\n<p>Aquest curs, l&#8217;aportaci\u00f3 econ\u00f2mica de l&#8217;AFA de l&#8217;escola (m\u00e9s de 4.000\u20ac) ha anat destinada a la instal.laci\u00f3 de dos aires condicionats per continuar aconseguint la climatitzaci\u00f3 del centre.<\/p>\n\n\n\n<p>Durant els mesos de m\u00e9s calor, a les aules de l&#8217;edifici central, les temperatures s\u00f3n elevades. \u00c9s per aix\u00f2 que, amb l&#8217;aportaci\u00f3 de diferents \u00e0mbits, el centre comen\u00e7a a comptar amb m\u00e9s aules climatitzades.<\/p>\n\n\n\n<p>Actualment disposem d&#8217;aires condicionats als m\u00f2duls d&#8217;I3, I5 i 2n. A m\u00e9s, l&#8217;Ajuntament va instal.lar un aire en una de les aules de 6\u00e8 (era un espai de climatitzaci\u00f3 extrema tant a l&#8217;hivern com a l&#8217;estiu. Ara, amb aquestes dues noves m\u00e0quines de l&#8217;AFA tamb\u00e9 disposem a les aules de 3r Llibre de la selva i 4t M\u00e0gic d&#8217;Oz (aules de la planta m\u00e9s caloroso i de la banda de l&#8217;edifici on hi toca m\u00e9s el sol). <\/p>\n\n\n\n<p>Properament, esperem la climatitzaci\u00f3 de dues aules de 5\u00e8 (inversions pendents de l&#8217;Ajuntament des de 2023) i dues aules m\u00e9s amb la subvenci\u00f3 de projectes de centre que l&#8217;Ajuntament ens ha demanat invertir en aquest \u00e0mbit.<\/p>\n\n\n\n<p>Estem molt agra\u00efts a l&#8217;AFA de l&#8217;escola per aquesta gran aportaci\u00f3 en la millora de la climatitzaci\u00f3 del centre!!!<\/p>\n\n\n\n<figure class=\"wp-block-image size-large\"><a href=\"https:\/\/agora.xtec.cat\/escolapf\/wp-content\/uploads\/usu820\/2026\/04\/WhatsApp-Image-2026-03-31-at-22.45.20-1.jpeg\"><img loading=\"lazy\" decoding=\"async\" width=\"903\" height=\"1024\" src=\"https:\/\/agora.xtec.cat\/escolapf\/wp-content\/uploads\/usu820\/2026\/04\/WhatsApp-Image-2026-03-31-at-22.45.20-1-903x1024.jpeg\" alt=\"\" class=\"wp-image-10675\" srcset=\"https:\/\/agora.xtec.cat\/escolapf\/wp-content\/uploads\/usu820\/2026\/04\/WhatsApp-Image-2026-03-31-at-22.45.20-1-903x1024.jpeg 903w, https:\/\/agora.xtec.cat\/escolapf\/wp-content\/uploads\/usu820\/2026\/04\/WhatsApp-Image-2026-03-31-at-22.45.20-1-265x300.jpeg 265w, https:\/\/agora.xtec.cat\/escolapf\/wp-content\/uploads\/usu820\/2026\/04\/WhatsApp-Image-2026-03-31-at-22.45.20-1-768x871.jpeg 768w, https:\/\/agora.xtec.cat\/escolapf\/wp-content\/uploads\/usu820\/2026\/04\/WhatsApp-Image-2026-03-31-at-22.45.20-1.jpeg 1073w\" sizes=\"auto, (max-width: 903px) 100vw, 903px\" \/><\/a><\/figure>\n\n\n\n<figure class=\"wp-block-image size-large\"><a href=\"https:\/\/agora.xtec.cat\/escolapf\/wp-content\/uploads\/usu820\/2026\/04\/WhatsApp-Image-2026-03-31-at-22.45.20.jpeg\"><img loading=\"lazy\" decoding=\"async\" width=\"1024\" height=\"768\" src=\"https:\/\/agora.xtec.cat\/escolapf\/wp-content\/uploads\/usu820\/2026\/04\/WhatsApp-Image-2026-03-31-at-22.45.20-1024x768.jpeg\" alt=\"\" class=\"wp-image-10676\" srcset=\"https:\/\/agora.xtec.cat\/escolapf\/wp-content\/uploads\/usu820\/2026\/04\/WhatsApp-Image-2026-03-31-at-22.45.20-1024x768.jpeg 1024w, https:\/\/agora.xtec.cat\/escolapf\/wp-content\/uploads\/usu820\/2026\/04\/WhatsApp-Image-2026-03-31-at-22.45.20-300x225.jpeg 300w, https:\/\/agora.xtec.cat\/escolapf\/wp-content\/uploads\/usu820\/2026\/04\/WhatsApp-Image-2026-03-31-at-22.45.20-768x576.jpeg 768w, https:\/\/agora.xtec.cat\/escolapf\/wp-content\/uploads\/usu820\/2026\/04\/WhatsApp-Image-2026-03-31-at-22.45.20-1536x1152.jpeg 1536w, https:\/\/agora.xtec.cat\/escolapf\/wp-content\/uploads\/usu820\/2026\/04\/WhatsApp-Image-2026-03-31-at-22.45.20.jpeg 2000w\" sizes=\"auto, (max-width: 1024px) 100vw, 1024px\" \/><\/a><\/figure>\n","protected":false},"excerpt":{"rendered":"<p>Aquest curs, l&#8217;aportaci\u00f3 econ\u00f2mica de l&#8217;AFA de l&#8217;escola (m\u00e9s de 4.000\u20ac) ha anat destinada a la instal.laci\u00f3 de dos aires condicionats per continuar aconseguint la climatitzaci\u00f3 del centre. Durant els mesos de m\u00e9s calor, a les aules de l&#8217;edifici central, les temperatures s\u00f3n elevades. \u00c9s per aix\u00f2 que, amb l&#8217;aportaci\u00f3 de diferents \u00e0mbits, el centre [&hellip;]<\/p>\n","protected":false},"author":1,"featured_media":10675,"comment_status":"open","ping_status":"open","sticky":false,"template":"","format":"standard","meta":{"_bbp_topic_count":0,"_bbp_reply_count":0,"_bbp_total_topic_count":0,"_bbp_total_reply_count":0,"_bbp_voice_count":0,"_bbp_anonymous_reply_count":0,"_bbp_topic_count_hidden":0,"_bbp_reply_count_hidden":0,"_bbp_forum_subforum_count":0,"site-sidebar-layout":"default","site-content-layout":"","ast-site-content-layout":"default","site-content-style":"default","site-sidebar-style":"default","ast-global-header-display":"","ast-banner-title-visibility":"","ast-main-header-display":"","ast-hfb-above-header-display":"","ast-hfb-below-header-display":"","ast-hfb-mobile-header-display":"","site-post-title":"","ast-breadcrumbs-content":"","ast-featured-img":"","footer-sml-layout":"","theme-transparent-header-meta":"","adv-header-id-meta":"","stick-header-meta":"","header-above-stick-meta":"","header-main-stick-meta":"","header-below-stick-meta":"","astra-migrate-meta-layouts":"set","ast-page-background-enabled":"default","ast-page-background-meta":{"desktop":{"background-color":"var(--ast-global-color-4)","background-image":"","background-repeat":"repeat","background-position":"center center","background-size":"auto","background-attachment":"scroll","background-type":"","background-media":"","overlay-type":"","overlay-color":"","overlay-opacity":"","overlay-gradient":""},"tablet":{"background-color":"","background-image":"","background-repeat":"repeat","background-position":"center center","background-size":"auto","background-attachment":"scroll","background-type":"","background-media":"","overlay-type":"","overlay-color":"","overlay-opacity":"","overlay-gradient":""},"mobile":{"background-color":"","background-image":"","background-repeat":"repeat","background-position":"center center","background-size":"auto","background-attachment":"scroll","background-type":"","background-media":"","overlay-type":"","overlay-color":"","overlay-opacity":"","overlay-gradient":""}},"ast-content-background-meta":{"desktop":{"background-color":"var(--ast-global-color-5)","background-image":"","background-repeat":"repeat","background-position":"center center","background-size":"auto","background-attachment":"scroll","background-type":"","background-media":"","overlay-type":"","overlay-color":"","overlay-opacity":"","overlay-gradient":""},"tablet":{"background-color":"var(--ast-global-color-5)","background-image":"","background-repeat":"repeat","background-position":"center center","background-size":"auto","background-attachment":"scroll","background-type":"","background-media":"","overlay-type":"","overlay-color":"","overlay-opacity":"","overlay-gradient":""},"mobile":{"background-color":"var(--ast-global-color-5)","background-image":"","background-repeat":"repeat","background-position":"center center","background-size":"auto","background-attachment":"scroll","background-type":"","background-media":"","overlay-type":"","overlay-color":"","overlay-opacity":"","overlay-gradient":""}},"footnotes":""},"categories":[4],"tags":[],"class_list":["post-10674","post","type-post","status-publish","format-standard","has-post-thumbnail","hentry","category-portada"],"post_mailing_queue_ids":[],"_links":{"self":[{"href":"https:\/\/agora.xtec.cat\/escolapf\/wp-json\/wp\/v2\/posts\/10674","targetHints":{"allow":["GET"]}}],"collection":[{"href":"https:\/\/agora.xtec.cat\/escolapf\/wp-json\/wp\/v2\/posts"}],"about":[{"href":"https:\/\/agora.xtec.cat\/escolapf\/wp-json\/wp\/v2\/types\/post"}],"author":[{"embeddable":true,"href":"https:\/\/agora.xtec.cat\/escolapf\/wp-json\/wp\/v2\/users\/1"}],"replies":[{"embeddable":true,"href":"https:\/\/agora.xtec.cat\/escolapf\/wp-json\/wp\/v2\/comments?post=10674"}],"version-history":[{"count":1,"href":"https:\/\/agora.xtec.cat\/escolapf\/wp-json\/wp\/v2\/posts\/10674\/revisions"}],"predecessor-version":[{"id":10677,"href":"https:\/\/agora.xtec.cat\/escolapf\/wp-json\/wp\/v2\/posts\/10674\/revisions\/10677"}],"wp:featuredmedia":[{"embeddable":true,"href":"https:\/\/agora.xtec.cat\/escolapf\/wp-json\/wp\/v2\/media\/10675"}],"wp:attachment":[{"href":"https:\/\/agora.xtec.cat\/escolapf\/wp-json\/wp\/v2\/media?parent=10674"}],"wp:term":[{"taxonomy":"category","embeddable":true,"href":"https:\/\/agora.xtec.cat\/escolapf\/wp-json\/wp\/v2\/categories?post=10674"},{"taxonomy":"post_tag","embeddable":true,"href":"https:\/\/agora.xtec.cat\/escolapf\/wp-json\/wp\/v2\/tags?post=10674"}],"curies":[{"name":"wp","href":"https:\/\/api.w.org\/{rel}","templated":true}]}}