{"id":10669,"date":"2026-04-08T15:02:34","date_gmt":"2026-04-08T13:02:34","guid":{"rendered":"https:\/\/agora.xtec.cat\/escolapf\/?p=10669"},"modified":"2026-04-08T15:02:37","modified_gmt":"2026-04-08T13:02:37","slug":"proces-participatiu-de-lajuntament","status":"publish","type":"post","link":"https:\/\/agora.xtec.cat\/escolapf\/portada\/proces-participatiu-de-lajuntament\/","title":{"rendered":"Proc\u00e9s participatiu de l&#8217;Ajuntament"},"content":{"rendered":"\n<p>Durant la darrera setmana abans de les festes de Pasqua, l&#8217;alumnat de tota l&#8217;escola va participar a les votacions del Proc\u00e9s Participatiu que l&#8217;Ajuntament ens ofereix a l&#8217;escola.<\/p>\n\n\n\n<p>5.000\u20ac \u00e9s l&#8217;import que l&#8217;Ajuntament destina al proc\u00e9s i per tant, per a un dels projectes a votar per a la millora de la nostra escola.<\/p>\n\n\n\n<p>Les propostes de votaci\u00f3 van sorgir de l&#8217;equip de mestres i de l&#8217;Assemblea de Delegats i les propostes van ser:  roc\u00f2drom a la paret exterior del gimn\u00e0s, jocs pintats a terra a l&#8217;acc\u00e9s del centre, estructura vaixell al pati de prim\u00e0ria i  taula ping-pong i 2 canastes.<\/p>\n\n\n\n<p>Finalment, despr\u00e9s de les votacions dels 342 alumnes, els resultats han estat: <\/p>\n\n\n\n<figure class=\"wp-block-table\"><table class=\"has-fixed-layout\"><tbody><tr><td class=\"has-text-align-center\" data-align=\"center\">ROC\u00d2DROM<\/td><td class=\"has-text-align-center\" data-align=\"center\">JOCS PINTATS<\/td><td class=\"has-text-align-center\" data-align=\"center\">VAIXELL<\/td><td class=\"has-text-align-center\" data-align=\"center\">PING-PONG I CANASTES<\/td><\/tr><tr><td class=\"has-text-align-center\" data-align=\"center\">51<\/td><td class=\"has-text-align-center\" data-align=\"center\">37<\/td><td class=\"has-text-align-center\" data-align=\"center\">201<\/td><td class=\"has-text-align-center\" data-align=\"center\">35<\/td><\/tr><\/tbody><\/table><\/figure>\n\n\n\n<p>Finalment l&#8217;opci\u00f3 m\u00e9s votada ha estat: LA CONSTRUCCI\u00d3 DEL VAIXELL PEL PATI DE PRIM\u00c0RIA.<\/p>\n\n\n\n<p>Agra\u00efm molt\u00edssim aquesta proposta que ens ofereix l&#8217;Ajuntament de Vilanova del Cam\u00ed!!!!<\/p>\n\n\n\n<figure class=\"wp-block-image size-large\"><a href=\"https:\/\/agora.xtec.cat\/escolapf\/wp-content\/uploads\/usu820\/2026\/04\/PF-scaled.jpg\"><img loading=\"lazy\" decoding=\"async\" width=\"768\" height=\"1024\" src=\"https:\/\/agora.xtec.cat\/escolapf\/wp-content\/uploads\/usu820\/2026\/04\/PF-768x1024.jpg\" alt=\"\" class=\"wp-image-10671\" srcset=\"https:\/\/agora.xtec.cat\/escolapf\/wp-content\/uploads\/usu820\/2026\/04\/PF-768x1024.jpg 768w, https:\/\/agora.xtec.cat\/escolapf\/wp-content\/uploads\/usu820\/2026\/04\/PF-225x300.jpg 225w, https:\/\/agora.xtec.cat\/escolapf\/wp-content\/uploads\/usu820\/2026\/04\/PF-1152x1536.jpg 1152w, https:\/\/agora.xtec.cat\/escolapf\/wp-content\/uploads\/usu820\/2026\/04\/PF-1536x2048.jpg 1536w, https:\/\/agora.xtec.cat\/escolapf\/wp-content\/uploads\/usu820\/2026\/04\/PF-scaled.jpg 1920w\" sizes=\"auto, (max-width: 768px) 100vw, 768px\" \/><\/a><\/figure>\n\n\n\n<figure class=\"wp-block-image size-full\"><a href=\"https:\/\/agora.xtec.cat\/escolapf\/wp-content\/uploads\/usu820\/2026\/04\/vaixell-cara-B-1.png\"><img loading=\"lazy\" decoding=\"async\" width=\"768\" height=\"512\" src=\"https:\/\/agora.xtec.cat\/escolapf\/wp-content\/uploads\/usu820\/2026\/04\/vaixell-cara-B-1.png\" alt=\"\" class=\"wp-image-10672\" srcset=\"https:\/\/agora.xtec.cat\/escolapf\/wp-content\/uploads\/usu820\/2026\/04\/vaixell-cara-B-1.png 768w, https:\/\/agora.xtec.cat\/escolapf\/wp-content\/uploads\/usu820\/2026\/04\/vaixell-cara-B-1-300x200.png 300w\" sizes=\"auto, (max-width: 768px) 100vw, 768px\" \/><\/a><\/figure>\n","protected":false},"excerpt":{"rendered":"<p>Durant la darrera setmana abans de les festes de Pasqua, l&#8217;alumnat de tota l&#8217;escola va participar a les votacions del Proc\u00e9s Participatiu que l&#8217;Ajuntament ens ofereix a l&#8217;escola. 5.000\u20ac \u00e9s l&#8217;import que l&#8217;Ajuntament destina al proc\u00e9s i per tant, per a un dels projectes a votar per a la millora de la nostra escola. Les [&hellip;]<\/p>\n","protected":false},"author":1,"featured_media":10672,"comment_status":"open","ping_status":"open","sticky":false,"template":"","format":"standard","meta":{"_bbp_topic_count":0,"_bbp_reply_count":0,"_bbp_total_topic_count":0,"_bbp_total_reply_count":0,"_bbp_voice_count":0,"_bbp_anonymous_reply_count":0,"_bbp_topic_count_hidden":0,"_bbp_reply_count_hidden":0,"_bbp_forum_subforum_count":0,"site-sidebar-layout":"default","site-content-layout":"","ast-site-content-layout":"default","site-content-style":"default","site-sidebar-style":"default","ast-global-header-display":"","ast-banner-title-visibility":"","ast-main-header-display":"","ast-hfb-above-header-display":"","ast-hfb-below-header-display":"","ast-hfb-mobile-header-display":"","site-post-title":"","ast-breadcrumbs-content":"","ast-featured-img":"","footer-sml-layout":"","theme-transparent-header-meta":"","adv-header-id-meta":"","stick-header-meta":"","header-above-stick-meta":"","header-main-stick-meta":"","header-below-stick-meta":"","astra-migrate-meta-layouts":"set","ast-page-background-enabled":"default","ast-page-background-meta":{"desktop":{"background-color":"var(--ast-global-color-4)","background-image":"","background-repeat":"repeat","background-position":"center center","background-size":"auto","background-attachment":"scroll","background-type":"","background-media":"","overlay-type":"","overlay-color":"","overlay-opacity":"","overlay-gradient":""},"tablet":{"background-color":"","background-image":"","background-repeat":"repeat","background-position":"center center","background-size":"auto","background-attachment":"scroll","background-type":"","background-media":"","overlay-type":"","overlay-color":"","overlay-opacity":"","overlay-gradient":""},"mobile":{"background-color":"","background-image":"","background-repeat":"repeat","background-position":"center center","background-size":"auto","background-attachment":"scroll","background-type":"","background-media":"","overlay-type":"","overlay-color":"","overlay-opacity":"","overlay-gradient":""}},"ast-content-background-meta":{"desktop":{"background-color":"var(--ast-global-color-5)","background-image":"","background-repeat":"repeat","background-position":"center center","background-size":"auto","background-attachment":"scroll","background-type":"","background-media":"","overlay-type":"","overlay-color":"","overlay-opacity":"","overlay-gradient":""},"tablet":{"background-color":"var(--ast-global-color-5)","background-image":"","background-repeat":"repeat","background-position":"center center","background-size":"auto","background-attachment":"scroll","background-type":"","background-media":"","overlay-type":"","overlay-color":"","overlay-opacity":"","overlay-gradient":""},"mobile":{"background-color":"var(--ast-global-color-5)","background-image":"","background-repeat":"repeat","background-position":"center center","background-size":"auto","background-attachment":"scroll","background-type":"","background-media":"","overlay-type":"","overlay-color":"","overlay-opacity":"","overlay-gradient":""}},"footnotes":""},"categories":[4],"tags":[],"class_list":["post-10669","post","type-post","status-publish","format-standard","has-post-thumbnail","hentry","category-portada"],"post_mailing_queue_ids":[],"_links":{"self":[{"href":"https:\/\/agora.xtec.cat\/escolapf\/wp-json\/wp\/v2\/posts\/10669","targetHints":{"allow":["GET"]}}],"collection":[{"href":"https:\/\/agora.xtec.cat\/escolapf\/wp-json\/wp\/v2\/posts"}],"about":[{"href":"https:\/\/agora.xtec.cat\/escolapf\/wp-json\/wp\/v2\/types\/post"}],"author":[{"embeddable":true,"href":"https:\/\/agora.xtec.cat\/escolapf\/wp-json\/wp\/v2\/users\/1"}],"replies":[{"embeddable":true,"href":"https:\/\/agora.xtec.cat\/escolapf\/wp-json\/wp\/v2\/comments?post=10669"}],"version-history":[{"count":1,"href":"https:\/\/agora.xtec.cat\/escolapf\/wp-json\/wp\/v2\/posts\/10669\/revisions"}],"predecessor-version":[{"id":10673,"href":"https:\/\/agora.xtec.cat\/escolapf\/wp-json\/wp\/v2\/posts\/10669\/revisions\/10673"}],"wp:featuredmedia":[{"embeddable":true,"href":"https:\/\/agora.xtec.cat\/escolapf\/wp-json\/wp\/v2\/media\/10672"}],"wp:attachment":[{"href":"https:\/\/agora.xtec.cat\/escolapf\/wp-json\/wp\/v2\/media?parent=10669"}],"wp:term":[{"taxonomy":"category","embeddable":true,"href":"https:\/\/agora.xtec.cat\/escolapf\/wp-json\/wp\/v2\/categories?post=10669"},{"taxonomy":"post_tag","embeddable":true,"href":"https:\/\/agora.xtec.cat\/escolapf\/wp-json\/wp\/v2\/tags?post=10669"}],"curies":[{"name":"wp","href":"https:\/\/api.w.org\/{rel}","templated":true}]}}