{"id":22294,"date":"2026-03-22T19:10:44","date_gmt":"2026-03-22T18:10:44","guid":{"rendered":"https:\/\/agora.xtec.cat\/escolaperezsala\/?p=22294"},"modified":"2026-03-22T19:10:44","modified_gmt":"2026-03-22T18:10:44","slug":"activitats-i-propostes-dinfantil-4-daquest-segon-trimestre","status":"publish","type":"post","link":"https:\/\/agora.xtec.cat\/escolaperezsala\/especialitats\/activitats-i-propostes-dinfantil-4-daquest-segon-trimestre\/","title":{"rendered":"Activitats i propostes d&#8217;Infantil 4, d&#8217;aquest segon trimestre"},"content":{"rendered":"<section class=\"text-token-text-primary w-full focus:outline-none [--shadow-height:45px] has-data-writing-block:pointer-events-none has-data-writing-block:-mt-(--shadow-height) has-data-writing-block:pt-(--shadow-height) [&amp;:has([data-writing-block])&gt;*]:pointer-events-auto scroll-mt-(--header-height)\" dir=\"auto\" data-turn-id=\"8c215437-636b-4c03-a883-9c55e59b1fe9\" data-testid=\"conversation-turn-3\" data-scroll-anchor=\"false\" data-turn=\"user\"><\/section>\n<section class=\"text-token-text-primary w-full focus:outline-none [--shadow-height:45px] has-data-writing-block:pointer-events-none has-data-writing-block:-mt-(--shadow-height) has-data-writing-block:pt-(--shadow-height) [&amp;:has([data-writing-block])&gt;*]:pointer-events-auto scroll-mt-[calc(var(--header-height)+min(200px,max(70px,20svh)))]\" dir=\"auto\" data-turn-id=\"request-WEB:e71f157d-e60e-4376-869d-c6993c3751f5-1\" data-testid=\"conversation-turn-4\" data-scroll-anchor=\"true\" data-turn=\"assistant\">\n<div class=\"text-base my-auto mx-auto pb-10 [--thread-content-margin:var(--thread-content-margin-xs,calc(var(--spacing)*4))] @w-sm\/main:[--thread-content-margin:var(--thread-content-margin-sm,calc(var(--spacing)*6))] @w-lg\/main:[--thread-content-margin:var(--thread-content-margin-lg,calc(var(--spacing)*16))] px-(--thread-content-margin)\">\n<div class=\"[--thread-content-max-width:40rem] @w-lg\/main:[--thread-content-max-width:48rem] mx-auto max-w-(--thread-content-max-width) flex-1 group\/turn-messages focus-visible:outline-hidden relative flex w-full min-w-0 flex-col agent-turn\">\n<div class=\"flex max-w-full flex-col gap-4 grow\">\n<div class=\"min-h-8 text-message relative flex w-full flex-col items-end gap-2 text-start break-words whitespace-normal outline-none keyboard-focused:focus-ring [.text-message+&amp;]:mt-1\" dir=\"auto\" tabindex=\"0\" data-message-author-role=\"assistant\" data-message-id=\"d14cf59f-f122-4bbd-bd35-e5a4997cf076\" data-message-model-slug=\"gpt-5-3\" data-turn-start-message=\"true\">\n<div class=\"flex w-full flex-col gap-1 empty:hidden\">\n<div class=\"markdown prose dark:prose-invert w-full wrap-break-word light markdown-new-styling\">\n<p data-start=\"0\" data-end=\"21\">Benvolgudes fam\u00edlies,<\/p>\n<p data-start=\"23\" data-end=\"195\" data-is-last-node=\"\" data-is-only-node=\"\">Durant aquest trimestre, igual que en l\u2019anterior, ens plau mostrar-vos tota la feina que els vostres fills i filles han dut a terme. Estem conven\u00e7udes que en gaudireu molt.<\/p>\n<p data-start=\"23\" data-end=\"195\" data-is-last-node=\"\" data-is-only-node=\"\">Fent clic a cada imatge, podreu visualitzar totes les fotografies i v\u00eddeos.<\/p>\n<ul>\n<li style=\"text-align: center\"><strong>ENTRADES RELAXADES:<\/strong> els nens i les nenes han iniciat les seves jornades escolars, amb una entrada relaxada, a fi d&#8217;afavorir una acollida serena i individualitzada.<\/li>\n<\/ul>\n<p><a href=\"https:\/\/drive.google.com\/drive\/folders\/1YFUARVAdR_GzF_b4cVHOYTlHPtpnCDE8?usp=sharing\"><img loading=\"lazy\" decoding=\"async\" class=\"aligncenter wp-image-22304\" src=\"https:\/\/agora.xtec.cat\/escolaperezsala\/wp-content\/uploads\/usu463\/2026\/03\/baixa.jpg\" alt=\"\" width=\"144\" height=\"257\" \/><\/a><\/p>\n<ul>\n<li style=\"text-align: center\"><strong>ACTIVITATS PL\u00c0STIQUES: <\/strong>els infants han realitzat diverses activitats pl\u00e0stiques vinculades a l\u2019\u00e8poca de l\u2019any, que els han perm\u00e8s potenciar la seva creativitat i capacitat d\u2019expressi\u00f3. Paral\u00b7lelament, han continuat treballant la motricitat fina, la coordinaci\u00f3 i la concentraci\u00f3. A m\u00e9s, s\u2019han iniciat en el m\u00f3n de l\u2019art i, a trav\u00e9s de la maleta m\u00e0gica, han conegut l\u2019artista Paul Klee, pintor molt creatiu que feia obres plenes de colors, formes i l\u00ednies.<\/li>\n<\/ul>\n<\/div>\n<\/div>\n<p><a href=\"https:\/\/drive.google.com\/drive\/folders\/1bJWCjSrOhdS5pbcY5nuR7_CZGrP4h4Po?usp=sharing\"><img loading=\"lazy\" decoding=\"async\" class=\"aligncenter wp-image-22307\" src=\"https:\/\/agora.xtec.cat\/escolaperezsala\/wp-content\/uploads\/usu463\/2026\/03\/LLENGUATGE-PLASTIC.jpg\" alt=\"\" width=\"255\" height=\"163\" srcset=\"https:\/\/agora.xtec.cat\/escolaperezsala\/wp-content\/uploads\/usu463\/2026\/03\/LLENGUATGE-PLASTIC.jpg 1024w, https:\/\/agora.xtec.cat\/escolaperezsala\/wp-content\/uploads\/usu463\/2026\/03\/LLENGUATGE-PLASTIC-300x192.jpg 300w, https:\/\/agora.xtec.cat\/escolaperezsala\/wp-content\/uploads\/usu463\/2026\/03\/LLENGUATGE-PLASTIC-768x491.jpg 768w\" sizes=\"auto, (max-width: 255px) 100vw, 255px\" \/><\/a><\/p>\n<div class=\"flex w-full flex-col gap-1 empty:hidden\">\n<div class=\"markdown prose dark:prose-invert w-full wrap-break-word light markdown-new-styling\">\n<ul>\n<li style=\"text-align: center\"><strong><strong>RACONS: <\/strong><\/strong>Al llarg del trimestre hem continuat amb l\u2019organitzaci\u00f3 de l\u2019aula per racons, on els infants han pogut dur a terme diferents propostes de manera simult\u00e0nia i en petits grups. Hem disposat de racons de joc simb\u00f2lic, lectoescriptura, matem\u00e0tiques, motricitat fina, entre d\u2019altres. Aquesta metodologia afavoreix un aprenentatge m\u00e9s vivencial i adaptat als interessos i ritmes dels infants.<\/li>\n<\/ul>\n<p><a href=\"https:\/\/drive.google.com\/drive\/folders\/1DO-fItezdnJ5Bw3zjJ_I6vVOmH6ZlYxL?usp=sharing\"><img loading=\"lazy\" decoding=\"async\" class=\"aligncenter wp-image-22309\" src=\"https:\/\/agora.xtec.cat\/escolaperezsala\/wp-content\/uploads\/usu463\/2026\/03\/RACONS.jpg\" alt=\"\" width=\"317\" height=\"148\" srcset=\"https:\/\/agora.xtec.cat\/escolaperezsala\/wp-content\/uploads\/usu463\/2026\/03\/RACONS.jpg 1024w, https:\/\/agora.xtec.cat\/escolaperezsala\/wp-content\/uploads\/usu463\/2026\/03\/RACONS-300x140.jpg 300w, https:\/\/agora.xtec.cat\/escolaperezsala\/wp-content\/uploads\/usu463\/2026\/03\/RACONS-768x359.jpg 768w\" sizes=\"auto, (max-width: 317px) 100vw, 317px\" \/><\/a><\/p>\n<ul>\n<li style=\"text-align: center\"><strong>GRAFISME CREATIU<\/strong>: \u00e9s una manera d\u2019aprendre jugant, experimentant amb el moviment i gaudint del proc\u00e9s creatiu.<\/li>\n<\/ul>\n<p><a href=\"https:\/\/drive.google.com\/drive\/folders\/1Ei094m6g7j31rJrQrtGdHbFzFmXjQ0xF?usp=sharing\"><img loading=\"lazy\" decoding=\"async\" class=\"aligncenter wp-image-22311\" src=\"https:\/\/agora.xtec.cat\/escolaperezsala\/wp-content\/uploads\/usu463\/2026\/03\/00214ee8727a2774f7f06657f14bd9e9.jpg\" alt=\"\" width=\"236\" height=\"163\" srcset=\"https:\/\/agora.xtec.cat\/escolaperezsala\/wp-content\/uploads\/usu463\/2026\/03\/00214ee8727a2774f7f06657f14bd9e9.jpg 305w, https:\/\/agora.xtec.cat\/escolaperezsala\/wp-content\/uploads\/usu463\/2026\/03\/00214ee8727a2774f7f06657f14bd9e9-300x208.jpg 300w\" sizes=\"auto, (max-width: 236px) 100vw, 236px\" \/><\/a><\/p>\n<ul>\n<li style=\"text-align: center\"><strong>PSICOMOTRICITAT:<\/strong> mitjan\u00e7ant circuits, jocs d\u2019equilibri, activitats de salts, jocs d\u2019expressi\u00f3 corporal i propostes de relaxaci\u00f3, s\u2019ha contribu\u00eft a potenciar el desenvolupament motriu, la coordinaci\u00f3, l\u2019orientaci\u00f3 espacial i l\u2019equilibri, aix\u00ed com aspectes socials com el respecte pels torns i la cooperaci\u00f3 entre els infants.<\/li>\n<\/ul>\n<p><a href=\"https:\/\/drive.google.com\/drive\/folders\/1F_q0_1EL3y_N7g-PJtGySVZrX7acZx0v?usp=sharing\"><img loading=\"lazy\" decoding=\"async\" class=\"aligncenter wp-image-22316\" src=\"https:\/\/agora.xtec.cat\/escolaperezsala\/wp-content\/uploads\/usu463\/2026\/03\/056f457c-59bc-4a42-9dad-76ca6bb74299_16-9-aspect-ratio_default_0-1024x576-1.jpg\" alt=\"\" width=\"290\" height=\"163\" srcset=\"https:\/\/agora.xtec.cat\/escolaperezsala\/wp-content\/uploads\/usu463\/2026\/03\/056f457c-59bc-4a42-9dad-76ca6bb74299_16-9-aspect-ratio_default_0-1024x576-1.jpg 1024w, https:\/\/agora.xtec.cat\/escolaperezsala\/wp-content\/uploads\/usu463\/2026\/03\/056f457c-59bc-4a42-9dad-76ca6bb74299_16-9-aspect-ratio_default_0-1024x576-1-300x169.jpg 300w, https:\/\/agora.xtec.cat\/escolaperezsala\/wp-content\/uploads\/usu463\/2026\/03\/056f457c-59bc-4a42-9dad-76ca6bb74299_16-9-aspect-ratio_default_0-1024x576-1-768x432.jpg 768w\" sizes=\"auto, (max-width: 290px) 100vw, 290px\" \/><\/a><\/p>\n<ul>\n<li style=\"text-align: center\"><strong>JOC SIMB\u00d2LIC:<\/strong>\u00a0 els conills i els cavalls han continuat dedicant una sessi\u00f3 a la tarda exclusivament al joc simb\u00f2lic. Mitjan\u00e7ant diverses propostes com el rac\u00f3 de la cuineta, el de les nines, el dels cotxes, els animals, les construccions etc. Aquestes activitats han contribu\u00eft al desenvolupament del llenguatge, han afavorit la creativitat i la imaginaci\u00f3, han ajudat a adquirir habilitats socials com compartir, negociar i cooperar, i tamb\u00e9 han perm\u00e8s expressar emocions i comprendre millor el m\u00f3n que els envolta.<\/li>\n<\/ul>\n<p><a href=\"https:\/\/drive.google.com\/drive\/folders\/1i1aN2QnkOI8nH909JV2CCfPwpDNu_8tS?usp=sharing\"><img loading=\"lazy\" decoding=\"async\" class=\"aligncenter wp-image-22319 size-full\" src=\"https:\/\/agora.xtec.cat\/escolaperezsala\/wp-content\/uploads\/usu463\/2026\/03\/shopping.webp\" alt=\"\" width=\"237\" height=\"226\" \/><\/a><\/p>\n<ul>\n<li style=\"text-align: center\"><strong>PROPOSTES COOPERATIVES:<\/strong> mitjan\u00e7ant aquestes propostes, els nens i nenes han anat aprenent a compartir materials, a escoltar-se entre ells, a respectar els torns i a prendre petites decisions de manera conjunta. Una mostra d\u2019aquest treball cooperatiu tamb\u00e9 es pot observar en les activitats art\u00edstiques, on han representat plegats un quadre de Paul Klee.<\/li>\n<\/ul>\n<p><a href=\"https:\/\/drive.google.com\/drive\/folders\/1DbOWIYU7Twvmi77lDMwBr6B8qyNuWzTw?usp=sharing\"><img loading=\"lazy\" decoding=\"async\" class=\"aligncenter wp-image-22321\" src=\"https:\/\/agora.xtec.cat\/escolaperezsala\/wp-content\/uploads\/usu463\/2026\/03\/Miniatures-web-oficial-6.png\" alt=\"\" width=\"262\" height=\"197\" srcset=\"https:\/\/agora.xtec.cat\/escolaperezsala\/wp-content\/uploads\/usu463\/2026\/03\/Miniatures-web-oficial-6.png 680w, https:\/\/agora.xtec.cat\/escolaperezsala\/wp-content\/uploads\/usu463\/2026\/03\/Miniatures-web-oficial-6-300x225.png 300w, https:\/\/agora.xtec.cat\/escolaperezsala\/wp-content\/uploads\/usu463\/2026\/03\/Miniatures-web-oficial-6-200x150.png 200w\" sizes=\"auto, (max-width: 262px) 100vw, 262px\" \/><\/a><\/p>\n<ul>\n<li style=\"text-align: center\"><strong>EXPERIMENTACI\u00d3 I TINKERING:<\/strong> l\u2019adult ha fet un acompanyament als infants durant les propostes d\u2019experimentaci\u00f3 i <em style=\"font-family: inherit;font-size: 1em\" data-start=\"84\" data-end=\"95\">tinkering<\/em><span style=\"font-family: inherit;font-size: 1em\">, les quals s\u2019han basat en l\u2019exploraci\u00f3 i la manipulaci\u00f3 de materials, cosa que ha perm\u00e8s als nens i nenes descobrir i aprendre de manera activa.<\/span><\/li>\n<\/ul>\n<p><a href=\"https:\/\/drive.google.com\/drive\/folders\/1ylSi4IwwRPa6bTmGyguCQ_h7jINLXH2C?usp=sharing\"><img loading=\"lazy\" decoding=\"async\" class=\"aligncenter wp-image-22323 size-full\" src=\"https:\/\/agora.xtec.cat\/escolaperezsala\/wp-content\/uploads\/usu463\/2026\/03\/images.jpg\" alt=\"\" width=\"277\" height=\"182\" \/><\/a><\/p>\n<ul>\n<li style=\"text-align: center\"><strong>DESCOBERTA DE L&#8217;ENTORN:<\/strong> es tracta del conjunt d\u2019experi\u00e8ncies que han perm\u00e8s als conills i als cavalls a acostar-se i entendre el m\u00f3n que els envolta de manera directa i vivencial.<\/li>\n<\/ul>\n<p><a href=\"https:\/\/drive.google.com\/drive\/folders\/17tq_8P-Gvnx-LgtVhThnSWBbJw3kbl5G?usp=sharing\"><img loading=\"lazy\" decoding=\"async\" class=\"aligncenter wp-image-22327\" src=\"https:\/\/agora.xtec.cat\/escolaperezsala\/wp-content\/uploads\/usu463\/2026\/03\/entorn.png\" alt=\"\" width=\"237\" height=\"226\" \/><\/a><\/p>\n<ul>\n<li style=\"text-align: center\"><strong><strong>ACTIVITATS MATEM\u00c0TIQUES I DE LLENGUATGE ORAL I ESCRIT, EN GRAN GRUP:<\/strong><\/strong><br \/>\n<section class=\"text-token-text-primary w-full focus:outline-none [--shadow-height:45px] has-data-writing-block:pointer-events-none has-data-writing-block:-mt-(--shadow-height) has-data-writing-block:pt-(--shadow-height) [&amp;:has([data-writing-block])&gt;*]:pointer-events-auto scroll-mt-[calc(var(--header-height)+min(200px,max(70px,20svh)))]\" dir=\"auto\" data-turn-id=\"request-WEB:593a550e-10f9-46c8-b0a3-516fbc0d26e8-11\" data-testid=\"conversation-turn-24\" data-scroll-anchor=\"true\" data-turn=\"assistant\">\n<div class=\"text-base my-auto mx-auto pb-10 [--thread-content-margin:var(--thread-content-margin-xs,calc(var(--spacing)*4))] @w-sm\/main:[--thread-content-margin:var(--thread-content-margin-sm,calc(var(--spacing)*6))] @w-lg\/main:[--thread-content-margin:var(--thread-content-margin-lg,calc(var(--spacing)*16))] px-(--thread-content-margin)\">\n<div class=\"[--thread-content-max-width:40rem] @w-lg\/main:[--thread-content-max-width:48rem] mx-auto max-w-(--thread-content-max-width) flex-1 group\/turn-messages focus-visible:outline-hidden relative flex w-full min-w-0 flex-col agent-turn\">\n<div class=\"flex max-w-full flex-col gap-4 grow\">\n<div class=\"min-h-8 text-message relative flex w-full flex-col items-end gap-2 text-start break-words whitespace-normal outline-none keyboard-focused:focus-ring [.text-message+&amp;]:mt-1\" dir=\"auto\" tabindex=\"0\" data-message-author-role=\"assistant\" data-message-id=\"8b5ad64a-2869-41aa-997b-8415b46bacbe\" data-message-model-slug=\"gpt-5-mini\" data-turn-start-message=\"true\">\n<div class=\"flex w-full flex-col gap-1 empty:hidden\">\n<div class=\"markdown prose dark:prose-invert w-full wrap-break-word light markdown-new-styling\">\n<p data-start=\"0\" data-end=\"364\" data-is-last-node=\"\" data-is-only-node=\"\">mitjan\u00e7ant aquestes activitats han pogut consolidar i ampliar els aprenentatges que els infants havien iniciat durant les estones dedicades als racons, refor\u00e7ant les seves habilitats i coneixements de manera pr\u00e0ctica i significativa. Aquest enfocament ha facilitat que el que havien treballat esdevingui m\u00e9s s\u00f2lid i aplicable en diferents contextos d\u2019aprenentatge.<a href=\"https:\/\/drive.google.com\/drive\/folders\/1cPhV63wwtIJeH8mYGVGI-mhJjAoEh-yJ?usp=sharing\"><img loading=\"lazy\" decoding=\"async\" class=\"aligncenter wp-image-22331 size-full\" src=\"https:\/\/agora.xtec.cat\/escolaperezsala\/wp-content\/uploads\/usu463\/2026\/03\/lletres-i-numeros.jpe\" alt=\"\" width=\"225\" height=\"225\" srcset=\"https:\/\/agora.xtec.cat\/escolaperezsala\/wp-content\/uploads\/usu463\/2026\/03\/lletres-i-numeros.jpe 225w, https:\/\/agora.xtec.cat\/escolaperezsala\/wp-content\/uploads\/usu463\/2026\/03\/lletres-i-numeros-150x150.jpe 150w\" sizes=\"auto, (max-width: 225px) 100vw, 225px\" \/><\/a><\/p>\n<\/div>\n<\/div>\n<\/div>\n<\/div>\n<\/div>\n<\/div>\n<\/section>\n<\/li>\n<\/ul>\n<\/div>\n<\/div>\n<\/div>\n<\/div>\n<\/div>\n<\/div>\n<\/section>\n","protected":false},"excerpt":{"rendered":"<p>Benvolgudes fam\u00edlies, Durant aquest trimestre, igual que en l\u2019anterior, ens plau mostrar-vos tota la feina que els vostres fills i filles han dut a terme. Estem conven\u00e7udes que en gaudireu molt. Fent clic a cada imatge, podreu visualitzar totes les fotografies i v\u00eddeos. ENTRADES RELAXADES: els nens i les nenes han iniciat les seves jornades [&hellip;]<\/p>\n","protected":false},"author":36,"featured_media":0,"comment_status":"open","ping_status":"open","sticky":false,"template":"","format":"standard","meta":{"_bbp_topic_count":0,"_bbp_reply_count":0,"_bbp_total_topic_count":0,"_bbp_total_reply_count":0,"_bbp_voice_count":0,"_bbp_anonymous_reply_count":0,"_bbp_topic_count_hidden":0,"_bbp_reply_count_hidden":0,"_bbp_forum_subforum_count":0,"site-sidebar-layout":"default","site-content-layout":"","ast-site-content-layout":"","site-content-style":"default","site-sidebar-style":"default","ast-global-header-display":"","ast-banner-title-visibility":"","ast-main-header-display":"","ast-hfb-above-header-display":"","ast-hfb-below-header-display":"","ast-hfb-mobile-header-display":"","site-post-title":"","ast-breadcrumbs-content":"","ast-featured-img":"","footer-sml-layout":"","theme-transparent-header-meta":"","adv-header-id-meta":"","stick-header-meta":"","header-above-stick-meta":"","header-main-stick-meta":"","header-below-stick-meta":"","astra-migrate-meta-layouts":"default","ast-page-background-enabled":"default","ast-page-background-meta":{"desktop":{"background-color":"var(--ast-global-color-4)","background-image":"","background-repeat":"repeat","background-position":"center center","background-size":"auto","background-attachment":"scroll","background-type":"","background-media":"","overlay-type":"","overlay-color":"","overlay-opacity":"","overlay-gradient":""},"tablet":{"background-color":"","background-image":"","background-repeat":"repeat","background-position":"center center","background-size":"auto","background-attachment":"scroll","background-type":"","background-media":"","overlay-type":"","overlay-color":"","overlay-opacity":"","overlay-gradient":""},"mobile":{"background-color":"","background-image":"","background-repeat":"repeat","background-position":"center center","background-size":"auto","background-attachment":"scroll","background-type":"","background-media":"","overlay-type":"","overlay-color":"","overlay-opacity":"","overlay-gradient":""}},"ast-content-background-meta":{"desktop":{"background-color":"var(--ast-global-color-5)","background-image":"","background-repeat":"repeat","background-position":"center center","background-size":"auto","background-attachment":"scroll","background-type":"","background-media":"","overlay-type":"","overlay-color":"","overlay-opacity":"","overlay-gradient":""},"tablet":{"background-color":"var(--ast-global-color-5)","background-image":"","background-repeat":"repeat","background-position":"center center","background-size":"auto","background-attachment":"scroll","background-type":"","background-media":"","overlay-type":"","overlay-color":"","overlay-opacity":"","overlay-gradient":""},"mobile":{"background-color":"var(--ast-global-color-5)","background-image":"","background-repeat":"repeat","background-position":"center center","background-size":"auto","background-attachment":"scroll","background-type":"","background-media":"","overlay-type":"","overlay-color":"","overlay-opacity":"","overlay-gradient":""}},"footnotes":""},"categories":[1,118,2,46],"tags":[],"class_list":["post-22294","post","type-post","status-publish","format-standard","hentry","category-especialitats","category-p4","category-infantil-primaria","category-portada"],"post_mailing_queue_ids":[],"_links":{"self":[{"href":"https:\/\/agora.xtec.cat\/escolaperezsala\/wp-json\/wp\/v2\/posts\/22294","targetHints":{"allow":["GET"]}}],"collection":[{"href":"https:\/\/agora.xtec.cat\/escolaperezsala\/wp-json\/wp\/v2\/posts"}],"about":[{"href":"https:\/\/agora.xtec.cat\/escolaperezsala\/wp-json\/wp\/v2\/types\/post"}],"author":[{"embeddable":true,"href":"https:\/\/agora.xtec.cat\/escolaperezsala\/wp-json\/wp\/v2\/users\/36"}],"replies":[{"embeddable":true,"href":"https:\/\/agora.xtec.cat\/escolaperezsala\/wp-json\/wp\/v2\/comments?post=22294"}],"version-history":[{"count":6,"href":"https:\/\/agora.xtec.cat\/escolaperezsala\/wp-json\/wp\/v2\/posts\/22294\/revisions"}],"predecessor-version":[{"id":22333,"href":"https:\/\/agora.xtec.cat\/escolaperezsala\/wp-json\/wp\/v2\/posts\/22294\/revisions\/22333"}],"wp:attachment":[{"href":"https:\/\/agora.xtec.cat\/escolaperezsala\/wp-json\/wp\/v2\/media?parent=22294"}],"wp:term":[{"taxonomy":"category","embeddable":true,"href":"https:\/\/agora.xtec.cat\/escolaperezsala\/wp-json\/wp\/v2\/categories?post=22294"},{"taxonomy":"post_tag","embeddable":true,"href":"https:\/\/agora.xtec.cat\/escolaperezsala\/wp-json\/wp\/v2\/tags?post=22294"}],"curies":[{"name":"wp","href":"https:\/\/api.w.org\/{rel}","templated":true}]}}