{"id":1530,"date":"2026-09-04T13:51:00","date_gmt":"2026-09-04T11:51:00","guid":{"rendered":"https:\/\/agora.xtec.cat\/escolapererossello\/?p=1530"},"modified":"2026-09-04T14:14:39","modified_gmt":"2026-09-04T12:14:39","slug":"jornada-de-vaga-8-de-setembre","status":"publish","type":"post","link":"https:\/\/agora.xtec.cat\/escolapererossello\/general\/jornada-de-vaga-8-de-setembre\/","title":{"rendered":"Jornada de vaga 8 de setembre"},"content":{"rendered":"<div class=\"gmail_default\"><strong>Benvolgudes fam\u00edlies,<\/strong><\/div>\n<p>Us informem que les organitzacions sindicals han convocat una <strong>jornada de vaga pel pr\u00f2xim dimarts 8 de setembre de 2026<\/strong>.<\/p>\n<p>Aquestes mobilitzacions tenen com a objectiu reclamar canvis i millores que considerem indispensables per garantir la qualitat en l\u2019educaci\u00f3 p\u00fablica.<\/p>\n<p>Alguns dels motius principals s\u00f3n:<\/p>\n<ul>\n<li>Menys r\u00e0tios per poder atendre millor tot l\u2019alumnat.<\/li>\n<li>M\u00e9s recursos humans i especialistes per a l\u2019escola inclusiva.<\/li>\n<li>M\u00e9s temps per a la tasca educativa i menys burocr\u00e0cia.<\/li>\n<li>M\u00e9s estabilitat de les plantilles docents.<\/li>\n<li>Una educaci\u00f3 p\u00fablica de qualitat amb condicions dignes per als professionals.<\/li>\n<\/ul>\n<p>Pel que fa al funcionament del centre, l\u2019escola garantir\u00e0 els <strong>serveis m\u00ednims establerts pel Departament d\u2019Educaci\u00f3<\/strong> durant la jornada de vaga.<\/p>\n<p>D\u2019acord amb el comunicat rebut, els serveis m\u00ednims previstos pel <strong>menjador escolar<\/strong> s\u00f3n: <strong>50% del personal de monitoratge i 50% del servei de cuina.<\/strong><\/p>\n<p>Som conscients que aquesta convocat\u00f2ria pot generar inconvenients per a moltes fam\u00edlies i us agra\u00efm sincerament la vostra comprensi\u00f3 i col\u00b7laboraci\u00f3.<\/p>\n<p>Atentament,<\/p>\n<p><strong>Escola Pere Rossell\u00f3<\/strong><\/p>\n","protected":false},"excerpt":{"rendered":"<p>Benvolgudes fam\u00edlies, Us informem que les organitzacions sindicals han convocat una jornada de vaga pel pr\u00f2xim dimarts 8 de setembre de 2026. Aquestes mobilitzacions tenen com a objectiu reclamar canvis i millores que considerem indispensables per garantir la qualitat en l\u2019educaci\u00f3 p\u00fablica. Alguns dels motius principals s\u00f3n: Menys r\u00e0tios per poder atendre millor tot l\u2019alumnat. [&hellip;]<\/p>\n","protected":false},"author":1,"featured_media":1444,"comment_status":"closed","ping_status":"open","sticky":false,"template":"","format":"standard","meta":{"_bbp_topic_count":0,"_bbp_reply_count":0,"_bbp_total_topic_count":0,"_bbp_total_reply_count":0,"_bbp_voice_count":0,"_bbp_anonymous_reply_count":0,"_bbp_topic_count_hidden":0,"_bbp_reply_count_hidden":0,"_bbp_forum_subforum_count":0,"site-sidebar-layout":"default","site-content-layout":"","ast-site-content-layout":"default","site-content-style":"default","site-sidebar-style":"default","ast-global-header-display":"","ast-banner-title-visibility":"","ast-main-header-display":"","ast-hfb-above-header-display":"","ast-hfb-below-header-display":"","ast-hfb-mobile-header-display":"","site-post-title":"","ast-breadcrumbs-content":"","ast-featured-img":"","footer-sml-layout":"","theme-transparent-header-meta":"default","adv-header-id-meta":"","stick-header-meta":"","header-above-stick-meta":"","header-main-stick-meta":"","header-below-stick-meta":"","astra-migrate-meta-layouts":"set","ast-page-background-enabled":"default","ast-page-background-meta":{"desktop":{"background-color":"var(--ast-global-color-4)","background-image":"","background-repeat":"repeat","background-position":"center center","background-size":"auto","background-attachment":"scroll","background-type":"","background-media":"","overlay-type":"","overlay-color":"","overlay-opacity":"","overlay-gradient":""},"tablet":{"background-color":"","background-image":"","background-repeat":"repeat","background-position":"center center","background-size":"auto","background-attachment":"scroll","background-type":"","background-media":"","overlay-type":"","overlay-color":"","overlay-opacity":"","overlay-gradient":""},"mobile":{"background-color":"","background-image":"","background-repeat":"repeat","background-position":"center center","background-size":"auto","background-attachment":"scroll","background-type":"","background-media":"","overlay-type":"","overlay-color":"","overlay-opacity":"","overlay-gradient":""}},"ast-content-background-meta":{"desktop":{"background-color":"var(--ast-global-color-5)","background-image":"","background-repeat":"repeat","background-position":"center center","background-size":"auto","background-attachment":"scroll","background-type":"","background-media":"","overlay-type":"","overlay-color":"","overlay-opacity":"","overlay-gradient":""},"tablet":{"background-color":"var(--ast-global-color-5)","background-image":"","background-repeat":"repeat","background-position":"center center","background-size":"auto","background-attachment":"scroll","background-type":"","background-media":"","overlay-type":"","overlay-color":"","overlay-opacity":"","overlay-gradient":""},"mobile":{"background-color":"var(--ast-global-color-5)","background-image":"","background-repeat":"repeat","background-position":"center center","background-size":"auto","background-attachment":"scroll","background-type":"","background-media":"","overlay-type":"","overlay-color":"","overlay-opacity":"","overlay-gradient":""}},"footnotes":""},"categories":[10,11,12,13,14,15,7,1,3,8,9,2,4,5],"tags":[],"class_list":["post-1530","post","type-post","status-publish","format-standard","has-post-thumbnail","hentry","category-1r","category-2n","category-3r","category-4t","category-5e","category-6e","category-ampa","category-general","category-p3","category-i4","category-p5","category-infantil","category-portada","category-primaria"],"post_mailing_queue_ids":[],"_links":{"self":[{"href":"https:\/\/agora.xtec.cat\/escolapererossello\/wp-json\/wp\/v2\/posts\/1530","targetHints":{"allow":["GET"]}}],"collection":[{"href":"https:\/\/agora.xtec.cat\/escolapererossello\/wp-json\/wp\/v2\/posts"}],"about":[{"href":"https:\/\/agora.xtec.cat\/escolapererossello\/wp-json\/wp\/v2\/types\/post"}],"author":[{"embeddable":true,"href":"https:\/\/agora.xtec.cat\/escolapererossello\/wp-json\/wp\/v2\/users\/1"}],"replies":[{"embeddable":true,"href":"https:\/\/agora.xtec.cat\/escolapererossello\/wp-json\/wp\/v2\/comments?post=1530"}],"version-history":[{"count":1,"href":"https:\/\/agora.xtec.cat\/escolapererossello\/wp-json\/wp\/v2\/posts\/1530\/revisions"}],"predecessor-version":[{"id":1531,"href":"https:\/\/agora.xtec.cat\/escolapererossello\/wp-json\/wp\/v2\/posts\/1530\/revisions\/1531"}],"wp:featuredmedia":[{"embeddable":true,"href":"https:\/\/agora.xtec.cat\/escolapererossello\/wp-json\/wp\/v2\/media\/1444"}],"wp:attachment":[{"href":"https:\/\/agora.xtec.cat\/escolapererossello\/wp-json\/wp\/v2\/media?parent=1530"}],"wp:term":[{"taxonomy":"category","embeddable":true,"href":"https:\/\/agora.xtec.cat\/escolapererossello\/wp-json\/wp\/v2\/categories?post=1530"},{"taxonomy":"post_tag","embeddable":true,"href":"https:\/\/agora.xtec.cat\/escolapererossello\/wp-json\/wp\/v2\/tags?post=1530"}],"curies":[{"name":"wp","href":"https:\/\/api.w.org\/{rel}","templated":true}]}}